{"id":12372,"date":"2025-01-06T10:43:59","date_gmt":"2025-01-06T13:43:59","guid":{"rendered":"https:\/\/oduz.etc.br\/?p=12372"},"modified":"2025-01-06T10:54:16","modified_gmt":"2025-01-06T13:54:16","slug":"o-poder-transformador-do-mantra-om-conexao-com-a-essencia-universal","status":"publish","type":"post","link":"https:\/\/benditoser.com.br\/en\/o-poder-transformador-do-mantra-om-conexao-com-a-essencia-universal\/","title":{"rendered":"O Poder Transformador do Mantra &#8216;Om&#8217;: Conex\u00e3o com a Ess\u00eancia Universal"},"content":{"rendered":"<p>O mantra <strong>&#8220;Om&#8221;<\/strong> \u00e9 mais do que um som; \u00e9 uma vibra\u00e7\u00e3o que transcende barreiras culturais e espirituais, conectando-nos ao universo. Utilizado em diversas tradi\u00e7\u00f5es espirituais e medita\u00e7\u00f5es, ele \u00e9 considerado o som primordial que deu origem \u00e0 cria\u00e7\u00e3o. Vamos explorar seu significado, benef\u00edcios e como utiliz\u00e1-lo para equilibrar corpo, mente e esp\u00edrito.<\/p>\n<h4><strong>O Significado Profundo do &#8216;Om&#8217;<\/strong><\/h4>\n<p>Na filosofia hindu, o <strong>&#8220;Om&#8221;<\/strong> (tamb\u00e9m escrito &#8220;Aum&#8221;) representa o som do universo. Ele \u00e9 dividido em tr\u00eas partes:<\/p>\n<ol>\n<li><strong>A<\/strong>: Representa o in\u00edcio ou cria\u00e7\u00e3o, simbolizando o estado de vig\u00edlia.<\/li>\n<li><strong>U<\/strong>: Representa a sustenta\u00e7\u00e3o, simbolizando o estado de sonho.<\/li>\n<li><strong>M<\/strong>: Representa a transforma\u00e7\u00e3o ou dissolu\u00e7\u00e3o, simbolizando o estado de sono profundo.<\/li>\n<\/ol>\n<p>Juntas, essas partes simbolizam a totalidade da exist\u00eancia \u2013 corpo, mente, esp\u00edrito e o vazio entre eles.<\/p>\n<h4><strong>Benef\u00edcios do Mantra &#8216;Om&#8217;<\/strong><\/h4>\n<ol>\n<li><strong>Equil\u00edbrio e Harmonia<\/strong>: A vibra\u00e7\u00e3o do &#8216;Om&#8217; atua diretamente no sistema nervoso, promovendo relaxamento e equil\u00edbrio emocional.<\/li>\n<li><strong>Eleva\u00e7\u00e3o Espiritual<\/strong>: Ajuda a alinhar-se com frequ\u00eancias mais elevadas, conectando-nos ao campo universal de consci\u00eancia.<\/li>\n<li><strong>Sa\u00fade Mental e F\u00edsica<\/strong>: Estudos sugerem que a repeti\u00e7\u00e3o de mantras como o &#8216;Om&#8217; pode reduzir o estresse, baixar a press\u00e3o arterial e melhorar o foco.<\/li>\n<li><strong>Alinhamento Energ\u00e9tico<\/strong>: Ressoa com o chakra Ajna (terceiro olho) e Sahasrara (coroa), estimulando clareza intuitiva e conex\u00e3o espiritual.<\/li>\n<\/ol>\n<h4><strong>Como Praticar o &#8216;Om&#8217;<\/strong><\/h4>\n<ol>\n<li><strong>Encontre um Espa\u00e7o Tranquilo<\/strong>: Escolha um local calmo, onde voc\u00ea possa se concentrar sem distra\u00e7\u00f5es.<\/li>\n<li><strong>Posi\u00e7\u00e3o Confort\u00e1vel<\/strong>: Sente-se com a coluna ereta, em posi\u00e7\u00e3o de l\u00f3tus ou em uma cadeira.<\/li>\n<li><strong>Respira\u00e7\u00e3o Profunda<\/strong>: Inspire profundamente pelo nariz, enchendo os pulm\u00f5es.<\/li>\n<li><strong>Entoe o &#8216;Om&#8217;<\/strong>: Ao expirar, pronuncie o mantra, prolongando o som &#8220;Oooo&#8221; e finalizando com um suave &#8220;Mmm&#8221;.<\/li>\n<li><strong>Repeti\u00e7\u00e3o<\/strong>: Repita pelo menos 5 minutos, permitindo que a vibra\u00e7\u00e3o ressoe pelo corpo.<\/li>\n<\/ol>\n<h4><strong>Um Experimento: Vibra\u00e7\u00e3o Universal<\/strong><\/h4>\n<div class=\"ose-youtube ose-uid-a273f4271c10e7aecb536932291cf985 ose-embedpress-responsive\" style=\"width:960px; height:480px; max-height:480px; max-width:100%; display:inline-block;\" data-embed-type=\"Youtube\"><iframe allowfullscreen width=\"960\" height=\"480\" src=\"https:\/\/www.youtube.com\/embed\/d2xsgfy9kbE?feature=oembed&color=red&rel=0&controls=1&start=&end=&fs=0&iv_load_policy=0&autoplay=0&mute=0&modestbranding=0&cc_load_policy=1&playsinline=1\" frameborder=\"0\" allow=\"accelerometer; encrypted-media;accelerometer;autoplay;clipboard-write;gyroscope;picture-in-picture clipboard-write; encrypted-media; gyroscope; picture-in-picture\" referrerpolicy =\"origin\"><\/iframe><\/div>\n<p>No v\u00eddeo <a href=\"https:\/\/www.youtube.com\/watch?v=d2xsgfy9kbE&amp;t=73s\" target=\"_new\" rel=\"noopener\"><strong>O poder do mantra &#8216;Om&#8217;<\/strong><\/a>, voc\u00ea pode sentir a profundidade dessa pr\u00e1tica. Experimente assistir em um momento de calma e tente sincronizar sua entona\u00e7\u00e3o com a vibra\u00e7\u00e3o do som no v\u00eddeo.<\/p>\n<h4><strong>Incorporando o &#8216;Om&#8217; na Vida Di\u00e1ria<\/strong><\/h4>\n<ul>\n<li><strong>Medita\u00e7\u00f5es Matinais<\/strong>: Comece o dia entoando o &#8216;Om&#8217; para definir uma inten\u00e7\u00e3o positiva e conectada.<\/li>\n<li><strong>Antes de Dormir<\/strong>: Use o &#8216;Om&#8217; para acalmar a mente e preparar-se para um sono profundo.<\/li>\n<li><strong>Sess\u00f5es de Yoga<\/strong>: Entoe antes ou depois de praticar yoga, potencializando os benef\u00edcios da pr\u00e1tica.<\/li>\n<\/ul>\n<h4><strong>Conclus\u00e3o<\/strong><\/h4>\n<p>O mantra <strong>&#8216;Om&#8217;<\/strong> \u00e9 uma ferramenta poderosa para autotransforma\u00e7\u00e3o, equil\u00edbrio e conex\u00e3o com o universo. Ao pratic\u00e1-lo regularmente, voc\u00ea pode experimentar mudan\u00e7as profundas em sua energia, mente e espiritualidade.<\/p>\n<p><strong>Pronto para explorar o poder do &#8216;Om&#8217;? Assista ao v\u00eddeo sugerido, pratique e compartilhe suas experi\u00eancias nos coment\u00e1rios!<\/strong><\/p>","protected":false},"excerpt":{"rendered":"<p>O mantra &#8220;Om&#8221; \u00e9 mais do que um som; \u00e9 uma vibra\u00e7\u00e3o que transcende barreiras culturais e espirituais, conectando-nos ao universo. Utilizado em diversas tradi\u00e7\u00f5es espirituais e medita\u00e7\u00f5es, ele \u00e9 considerado o som primordial que deu origem \u00e0 cria\u00e7\u00e3o. Vamos explorar seu significado, benef\u00edcios e [&hellip;]<\/p>\n","protected":false},"author":2,"featured_media":12379,"comment_status":"open","ping_status":"open","sticky":false,"template":"","format":"standard","meta":{"om_disable_all_campaigns":false,"_monsterinsights_skip_tracking":false,"_uf_show_specific_survey":0,"_uf_disable_surveys":false,"footnotes":""},"categories":[23],"tags":[],"class_list":["post-12372","post","type-post","status-publish","format-standard","has-post-thumbnail","hentry","category-musica"],"yoast_head":"<!-- This site is optimized with the Yoast SEO plugin v28.3 - https:\/\/yoast.com\/product\/yoast-seo-wordpress\/ -->\n<title>O Poder Transformador do Mantra &#039;Om&#039;: Conex\u00e3o com a Ess\u00eancia Universal - Benditoser<\/title>\n<meta name=\"robots\" content=\"index, follow, max-snippet:-1, max-image-preview:large, max-video-preview:-1\" \/>\n<link rel=\"canonical\" href=\"https:\/\/benditoser.com.br\/en\/o-poder-transformador-do-mantra-om-conexao-com-a-essencia-universal\/\" \/>\n<meta property=\"og:locale\" content=\"en_US\" \/>\n<meta property=\"og:type\" content=\"article\" \/>\n<meta property=\"og:title\" content=\"O Poder Transformador do Mantra &#039;Om&#039;: Conex\u00e3o com a Ess\u00eancia Universal - Benditoser\" \/>\n<meta property=\"og:description\" content=\"O mantra &#8220;Om&#8221; \u00e9 mais do que um som; \u00e9 uma vibra\u00e7\u00e3o que transcende barreiras culturais e espirituais, conectando-nos ao universo. Utilizado em diversas tradi\u00e7\u00f5es espirituais e medita\u00e7\u00f5es, ele \u00e9 considerado o som primordial que deu origem \u00e0 cria\u00e7\u00e3o. Vamos explorar seu significado, benef\u00edcios e [&hellip;]\" \/>\n<meta property=\"og:url\" content=\"https:\/\/benditoser.com.br\/en\/o-poder-transformador-do-mantra-om-conexao-com-a-essencia-universal\/\" \/>\n<meta property=\"og:site_name\" content=\"Benditoser\" \/>\n<meta property=\"article:publisher\" content=\"https:\/\/www.facebook.com\/benditoser.com.br\" \/>\n<meta property=\"article:published_time\" content=\"2025-01-06T13:43:59+00:00\" \/>\n<meta property=\"article:modified_time\" content=\"2025-01-06T13:54:16+00:00\" \/>\n<meta property=\"og:image\" content=\"https:\/\/benditoser.com.br\/wp-content\/uploads\/2025\/01\/om-so-hum-mantra-blog-oduz.jpg\" \/>\n\t<meta property=\"og:image:width\" content=\"1440\" \/>\n\t<meta property=\"og:image:height\" content=\"729\" \/>\n\t<meta property=\"og:image:type\" content=\"image\/jpeg\" \/>\n<meta name=\"author\" content=\"Paulo Vasconcelos\" \/>\n<meta name=\"twitter:card\" content=\"summary_large_image\" \/>\n<meta name=\"twitter:label1\" content=\"Written by\" \/>\n\t<meta name=\"twitter:data1\" content=\"Paulo Vasconcelos\" \/>\n\t<meta name=\"twitter:label2\" content=\"Est. reading time\" \/>\n\t<meta name=\"twitter:data2\" content=\"2 minutes\" \/>\n<script type=\"application\/ld+json\" class=\"yoast-schema-graph\">{\"@context\":\"https:\\\/\\\/schema.org\",\"@graph\":[{\"@type\":\"Article\",\"@id\":\"https:\\\/\\\/benditoser.com.br\\\/o-poder-transformador-do-mantra-om-conexao-com-a-essencia-universal\\\/#article\",\"isPartOf\":{\"@id\":\"https:\\\/\\\/benditoser.com.br\\\/o-poder-transformador-do-mantra-om-conexao-com-a-essencia-universal\\\/\"},\"author\":{\"name\":\"Paulo Vasconcelos\",\"@id\":\"https:\\\/\\\/benditoser.com.br\\\/#\\\/schema\\\/person\\\/1b910a9b2b037ddc492a3b2e8dc4adb2\"},\"headline\":\"O Poder Transformador do Mantra &#8216;Om&#8217;: Conex\u00e3o com a Ess\u00eancia Universal\",\"datePublished\":\"2025-01-06T13:43:59+00:00\",\"dateModified\":\"2025-01-06T13:54:16+00:00\",\"mainEntityOfPage\":{\"@id\":\"https:\\\/\\\/benditoser.com.br\\\/o-poder-transformador-do-mantra-om-conexao-com-a-essencia-universal\\\/\"},\"wordCount\":497,\"commentCount\":0,\"publisher\":{\"@id\":\"https:\\\/\\\/benditoser.com.br\\\/#organization\"},\"image\":{\"@id\":\"https:\\\/\\\/benditoser.com.br\\\/o-poder-transformador-do-mantra-om-conexao-com-a-essencia-universal\\\/#primaryimage\"},\"thumbnailUrl\":\"https:\\\/\\\/benditoser.com.br\\\/wp-content\\\/uploads\\\/2025\\\/01\\\/om-so-hum-mantra-blog-oduz.jpg\",\"articleSection\":[\"M\u00fasica\"],\"inLanguage\":\"en-US\",\"potentialAction\":[{\"@type\":\"CommentAction\",\"name\":\"Comment\",\"target\":[\"https:\\\/\\\/benditoser.com.br\\\/o-poder-transformador-do-mantra-om-conexao-com-a-essencia-universal\\\/#respond\"]}]},{\"@type\":\"WebPage\",\"@id\":\"https:\\\/\\\/benditoser.com.br\\\/o-poder-transformador-do-mantra-om-conexao-com-a-essencia-universal\\\/\",\"url\":\"https:\\\/\\\/benditoser.com.br\\\/o-poder-transformador-do-mantra-om-conexao-com-a-essencia-universal\\\/\",\"name\":\"O Poder Transformador do Mantra 'Om': Conex\u00e3o com a Ess\u00eancia Universal - Benditoser\",\"isPartOf\":{\"@id\":\"https:\\\/\\\/benditoser.com.br\\\/#website\"},\"primaryImageOfPage\":{\"@id\":\"https:\\\/\\\/benditoser.com.br\\\/o-poder-transformador-do-mantra-om-conexao-com-a-essencia-universal\\\/#primaryimage\"},\"image\":{\"@id\":\"https:\\\/\\\/benditoser.com.br\\\/o-poder-transformador-do-mantra-om-conexao-com-a-essencia-universal\\\/#primaryimage\"},\"thumbnailUrl\":\"https:\\\/\\\/benditoser.com.br\\\/wp-content\\\/uploads\\\/2025\\\/01\\\/om-so-hum-mantra-blog-oduz.jpg\",\"datePublished\":\"2025-01-06T13:43:59+00:00\",\"dateModified\":\"2025-01-06T13:54:16+00:00\",\"breadcrumb\":{\"@id\":\"https:\\\/\\\/benditoser.com.br\\\/o-poder-transformador-do-mantra-om-conexao-com-a-essencia-universal\\\/#breadcrumb\"},\"inLanguage\":\"en-US\",\"potentialAction\":[{\"@type\":\"ReadAction\",\"target\":[\"https:\\\/\\\/benditoser.com.br\\\/o-poder-transformador-do-mantra-om-conexao-com-a-essencia-universal\\\/\"]}]},{\"@type\":\"ImageObject\",\"inLanguage\":\"en-US\",\"@id\":\"https:\\\/\\\/benditoser.com.br\\\/o-poder-transformador-do-mantra-om-conexao-com-a-essencia-universal\\\/#primaryimage\",\"url\":\"https:\\\/\\\/benditoser.com.br\\\/wp-content\\\/uploads\\\/2025\\\/01\\\/om-so-hum-mantra-blog-oduz.jpg\",\"contentUrl\":\"https:\\\/\\\/benditoser.com.br\\\/wp-content\\\/uploads\\\/2025\\\/01\\\/om-so-hum-mantra-blog-oduz.jpg\",\"width\":1440,\"height\":729},{\"@type\":\"BreadcrumbList\",\"@id\":\"https:\\\/\\\/benditoser.com.br\\\/o-poder-transformador-do-mantra-om-conexao-com-a-essencia-universal\\\/#breadcrumb\",\"itemListElement\":[{\"@type\":\"ListItem\",\"position\":1,\"name\":\"In\u00edcio\",\"item\":\"https:\\\/\\\/benditoser.com.br\\\/\"},{\"@type\":\"ListItem\",\"position\":2,\"name\":\"O Poder Transformador do Mantra &#8216;Om&#8217;: Conex\u00e3o com a Ess\u00eancia Universal\"}]},{\"@type\":\"WebSite\",\"@id\":\"https:\\\/\\\/benditoser.com.br\\\/#website\",\"url\":\"https:\\\/\\\/benditoser.com.br\\\/\",\"name\":\"Benditoser\",\"description\":\"Terapias\",\"publisher\":{\"@id\":\"https:\\\/\\\/benditoser.com.br\\\/#organization\"},\"potentialAction\":[{\"@type\":\"SearchAction\",\"target\":{\"@type\":\"EntryPoint\",\"urlTemplate\":\"https:\\\/\\\/benditoser.com.br\\\/?s={search_term_string}\"},\"query-input\":{\"@type\":\"PropertyValueSpecification\",\"valueRequired\":true,\"valueName\":\"search_term_string\"}}],\"inLanguage\":\"en-US\"},{\"@type\":\"Organization\",\"@id\":\"https:\\\/\\\/benditoser.com.br\\\/#organization\",\"name\":\"Benditoser\",\"url\":\"https:\\\/\\\/benditoser.com.br\\\/\",\"logo\":{\"@type\":\"ImageObject\",\"inLanguage\":\"en-US\",\"@id\":\"https:\\\/\\\/benditoser.com.br\\\/#\\\/schema\\\/logo\\\/image\\\/\",\"url\":\"https:\\\/\\\/benditoser.com.br\\\/wp-content\\\/uploads\\\/2025\\\/05\\\/cropped-logo-bendito-ser-site.png\",\"contentUrl\":\"https:\\\/\\\/benditoser.com.br\\\/wp-content\\\/uploads\\\/2025\\\/05\\\/cropped-logo-bendito-ser-site.png\",\"width\":220,\"height\":44,\"caption\":\"Benditoser\"},\"image\":{\"@id\":\"https:\\\/\\\/benditoser.com.br\\\/#\\\/schema\\\/logo\\\/image\\\/\"},\"sameAs\":[\"https:\\\/\\\/www.facebook.com\\\/benditoser.com.br\",\"https:\\\/\\\/www.instagram.com\\\/benditoser.com.br\\\/\"]},{\"@type\":\"Person\",\"@id\":\"https:\\\/\\\/benditoser.com.br\\\/#\\\/schema\\\/person\\\/1b910a9b2b037ddc492a3b2e8dc4adb2\",\"name\":\"Paulo Vasconcelos\",\"image\":{\"@type\":\"ImageObject\",\"inLanguage\":\"en-US\",\"@id\":\"https:\\\/\\\/secure.gravatar.com\\\/avatar\\\/34be8b8f301baee1d34ae5e8fc205d12bdfd859131ea8f1ea4a232bd06e2286f?s=96&d=mm&r=g\",\"url\":\"https:\\\/\\\/secure.gravatar.com\\\/avatar\\\/34be8b8f301baee1d34ae5e8fc205d12bdfd859131ea8f1ea4a232bd06e2286f?s=96&d=mm&r=g\",\"contentUrl\":\"https:\\\/\\\/secure.gravatar.com\\\/avatar\\\/34be8b8f301baee1d34ae5e8fc205d12bdfd859131ea8f1ea4a232bd06e2286f?s=96&d=mm&r=g\",\"caption\":\"Paulo Vasconcelos\"},\"description\":\"Superior em Pr\u00e1ticas Integrativas e Complementares e p\u00f3s-graduando em psican\u00e1lise cl\u00ednica, atuando no universo das terapias hol\u00edsticas e integrativas. GEM, Grupo de Estudos e Trabalho Medi\u00fanico; Apometria \u2013 terapeuta, dirigente de grupo e facilitador; CNV \u2013 Comunica\u00e7\u00e3o N\u00e3o-Violenta; Teologia de Umbanda; Mitologia Afro-brasileira e Psicologia Anal\u00edtica; T\u00c9CNICAS QUE UTILIZO: ODUZ, APRENDIZADOS DO CAMINHO; APOMETRIA; LEITURA DE REGISTROS AK\u00c1SHICOS; C\u00cdRCULO SIST\u00caMICO DA VIDA; RADIESTESIA; REIKI USUI; PSICOSSOM\u00c1TICA; GEOBIOLOGIA ESPIRITUAL;\",\"url\":\"https:\\\/\\\/benditoser.com.br\\\/en\\\/author\\\/paulo\\\/\"}]}<\/script>\n<!-- \/ Yoast SEO plugin. -->","yoast_head_json":{"title":"O Poder Transformador do Mantra 'Om': Conex\u00e3o com a Ess\u00eancia Universal - Benditoser","robots":{"index":"index","follow":"follow","max-snippet":"max-snippet:-1","max-image-preview":"max-image-preview:large","max-video-preview":"max-video-preview:-1"},"canonical":"https:\/\/benditoser.com.br\/en\/o-poder-transformador-do-mantra-om-conexao-com-a-essencia-universal\/","og_locale":"en_US","og_type":"article","og_title":"O Poder Transformador do Mantra 'Om': Conex\u00e3o com a Ess\u00eancia Universal - Benditoser","og_description":"O mantra &#8220;Om&#8221; \u00e9 mais do que um som; \u00e9 uma vibra\u00e7\u00e3o que transcende barreiras culturais e espirituais, conectando-nos ao universo. Utilizado em diversas tradi\u00e7\u00f5es espirituais e medita\u00e7\u00f5es, ele \u00e9 considerado o som primordial que deu origem \u00e0 cria\u00e7\u00e3o. Vamos explorar seu significado, benef\u00edcios e [&hellip;]","og_url":"https:\/\/benditoser.com.br\/en\/o-poder-transformador-do-mantra-om-conexao-com-a-essencia-universal\/","og_site_name":"Benditoser","article_publisher":"https:\/\/www.facebook.com\/benditoser.com.br","article_published_time":"2025-01-06T13:43:59+00:00","article_modified_time":"2025-01-06T13:54:16+00:00","og_image":[{"width":1440,"height":729,"url":"https:\/\/benditoser.com.br\/wp-content\/uploads\/2025\/01\/om-so-hum-mantra-blog-oduz.jpg","type":"image\/jpeg"}],"author":"Paulo Vasconcelos","twitter_card":"summary_large_image","twitter_misc":{"Written by":"Paulo Vasconcelos","Est. reading time":"2 minutes"},"schema":{"@context":"https:\/\/schema.org","@graph":[{"@type":"Article","@id":"https:\/\/benditoser.com.br\/o-poder-transformador-do-mantra-om-conexao-com-a-essencia-universal\/#article","isPartOf":{"@id":"https:\/\/benditoser.com.br\/o-poder-transformador-do-mantra-om-conexao-com-a-essencia-universal\/"},"author":{"name":"Paulo Vasconcelos","@id":"https:\/\/benditoser.com.br\/#\/schema\/person\/1b910a9b2b037ddc492a3b2e8dc4adb2"},"headline":"O Poder Transformador do Mantra &#8216;Om&#8217;: Conex\u00e3o com a Ess\u00eancia Universal","datePublished":"2025-01-06T13:43:59+00:00","dateModified":"2025-01-06T13:54:16+00:00","mainEntityOfPage":{"@id":"https:\/\/benditoser.com.br\/o-poder-transformador-do-mantra-om-conexao-com-a-essencia-universal\/"},"wordCount":497,"commentCount":0,"publisher":{"@id":"https:\/\/benditoser.com.br\/#organization"},"image":{"@id":"https:\/\/benditoser.com.br\/o-poder-transformador-do-mantra-om-conexao-com-a-essencia-universal\/#primaryimage"},"thumbnailUrl":"https:\/\/benditoser.com.br\/wp-content\/uploads\/2025\/01\/om-so-hum-mantra-blog-oduz.jpg","articleSection":["M\u00fasica"],"inLanguage":"en-US","potentialAction":[{"@type":"CommentAction","name":"Comment","target":["https:\/\/benditoser.com.br\/o-poder-transformador-do-mantra-om-conexao-com-a-essencia-universal\/#respond"]}]},{"@type":"WebPage","@id":"https:\/\/benditoser.com.br\/o-poder-transformador-do-mantra-om-conexao-com-a-essencia-universal\/","url":"https:\/\/benditoser.com.br\/o-poder-transformador-do-mantra-om-conexao-com-a-essencia-universal\/","name":"O Poder Transformador do Mantra 'Om': Conex\u00e3o com a Ess\u00eancia Universal - Benditoser","isPartOf":{"@id":"https:\/\/benditoser.com.br\/#website"},"primaryImageOfPage":{"@id":"https:\/\/benditoser.com.br\/o-poder-transformador-do-mantra-om-conexao-com-a-essencia-universal\/#primaryimage"},"image":{"@id":"https:\/\/benditoser.com.br\/o-poder-transformador-do-mantra-om-conexao-com-a-essencia-universal\/#primaryimage"},"thumbnailUrl":"https:\/\/benditoser.com.br\/wp-content\/uploads\/2025\/01\/om-so-hum-mantra-blog-oduz.jpg","datePublished":"2025-01-06T13:43:59+00:00","dateModified":"2025-01-06T13:54:16+00:00","breadcrumb":{"@id":"https:\/\/benditoser.com.br\/o-poder-transformador-do-mantra-om-conexao-com-a-essencia-universal\/#breadcrumb"},"inLanguage":"en-US","potentialAction":[{"@type":"ReadAction","target":["https:\/\/benditoser.com.br\/o-poder-transformador-do-mantra-om-conexao-com-a-essencia-universal\/"]}]},{"@type":"ImageObject","inLanguage":"en-US","@id":"https:\/\/benditoser.com.br\/o-poder-transformador-do-mantra-om-conexao-com-a-essencia-universal\/#primaryimage","url":"https:\/\/benditoser.com.br\/wp-content\/uploads\/2025\/01\/om-so-hum-mantra-blog-oduz.jpg","contentUrl":"https:\/\/benditoser.com.br\/wp-content\/uploads\/2025\/01\/om-so-hum-mantra-blog-oduz.jpg","width":1440,"height":729},{"@type":"BreadcrumbList","@id":"https:\/\/benditoser.com.br\/o-poder-transformador-do-mantra-om-conexao-com-a-essencia-universal\/#breadcrumb","itemListElement":[{"@type":"ListItem","position":1,"name":"In\u00edcio","item":"https:\/\/benditoser.com.br\/"},{"@type":"ListItem","position":2,"name":"O Poder Transformador do Mantra &#8216;Om&#8217;: Conex\u00e3o com a Ess\u00eancia Universal"}]},{"@type":"WebSite","@id":"https:\/\/benditoser.com.br\/#website","url":"https:\/\/benditoser.com.br\/","name":"Benditoser","description":"Terapias","publisher":{"@id":"https:\/\/benditoser.com.br\/#organization"},"potentialAction":[{"@type":"SearchAction","target":{"@type":"EntryPoint","urlTemplate":"https:\/\/benditoser.com.br\/?s={search_term_string}"},"query-input":{"@type":"PropertyValueSpecification","valueRequired":true,"valueName":"search_term_string"}}],"inLanguage":"en-US"},{"@type":"Organization","@id":"https:\/\/benditoser.com.br\/#organization","name":"Benditoser","url":"https:\/\/benditoser.com.br\/","logo":{"@type":"ImageObject","inLanguage":"en-US","@id":"https:\/\/benditoser.com.br\/#\/schema\/logo\/image\/","url":"https:\/\/benditoser.com.br\/wp-content\/uploads\/2025\/05\/cropped-logo-bendito-ser-site.png","contentUrl":"https:\/\/benditoser.com.br\/wp-content\/uploads\/2025\/05\/cropped-logo-bendito-ser-site.png","width":220,"height":44,"caption":"Benditoser"},"image":{"@id":"https:\/\/benditoser.com.br\/#\/schema\/logo\/image\/"},"sameAs":["https:\/\/www.facebook.com\/benditoser.com.br","https:\/\/www.instagram.com\/benditoser.com.br\/"]},{"@type":"Person","@id":"https:\/\/benditoser.com.br\/#\/schema\/person\/1b910a9b2b037ddc492a3b2e8dc4adb2","name":"Paulo Vasconcelos","image":{"@type":"ImageObject","inLanguage":"en-US","@id":"https:\/\/secure.gravatar.com\/avatar\/34be8b8f301baee1d34ae5e8fc205d12bdfd859131ea8f1ea4a232bd06e2286f?s=96&d=mm&r=g","url":"https:\/\/secure.gravatar.com\/avatar\/34be8b8f301baee1d34ae5e8fc205d12bdfd859131ea8f1ea4a232bd06e2286f?s=96&d=mm&r=g","contentUrl":"https:\/\/secure.gravatar.com\/avatar\/34be8b8f301baee1d34ae5e8fc205d12bdfd859131ea8f1ea4a232bd06e2286f?s=96&d=mm&r=g","caption":"Paulo Vasconcelos"},"description":"Superior em Pr\u00e1ticas Integrativas e Complementares e p\u00f3s-graduando em psican\u00e1lise cl\u00ednica, atuando no universo das terapias hol\u00edsticas e integrativas. GEM, Grupo de Estudos e Trabalho Medi\u00fanico; Apometria \u2013 terapeuta, dirigente de grupo e facilitador; CNV \u2013 Comunica\u00e7\u00e3o N\u00e3o-Violenta; Teologia de Umbanda; Mitologia Afro-brasileira e Psicologia Anal\u00edtica; T\u00c9CNICAS QUE UTILIZO: ODUZ, APRENDIZADOS DO CAMINHO; APOMETRIA; LEITURA DE REGISTROS AK\u00c1SHICOS; C\u00cdRCULO SIST\u00caMICO DA VIDA; RADIESTESIA; REIKI USUI; PSICOSSOM\u00c1TICA; GEOBIOLOGIA ESPIRITUAL;","url":"https:\/\/benditoser.com.br\/en\/author\/paulo\/"}]}},"publishpress_future_action":{"enabled":false,"date":"2026-09-07 22:54:15","action":"change-status","newStatus":"draft","terms":[],"taxonomy":"category","extraData":[]},"publishpress_future_workflow_manual_trigger":{"enabledWorkflows":[]},"_links":{"self":[{"href":"https:\/\/benditoser.com.br\/en\/wp-json\/wp\/v2\/posts\/12372","targetHints":{"allow":["GET"]}}],"collection":[{"href":"https:\/\/benditoser.com.br\/en\/wp-json\/wp\/v2\/posts"}],"about":[{"href":"https:\/\/benditoser.com.br\/en\/wp-json\/wp\/v2\/types\/post"}],"author":[{"embeddable":true,"href":"https:\/\/benditoser.com.br\/en\/wp-json\/wp\/v2\/users\/2"}],"replies":[{"embeddable":true,"href":"https:\/\/benditoser.com.br\/en\/wp-json\/wp\/v2\/comments?post=12372"}],"version-history":[{"count":3,"href":"https:\/\/benditoser.com.br\/en\/wp-json\/wp\/v2\/posts\/12372\/revisions"}],"predecessor-version":[{"id":12374,"href":"https:\/\/benditoser.com.br\/en\/wp-json\/wp\/v2\/posts\/12372\/revisions\/12374"}],"wp:featuredmedia":[{"embeddable":true,"href":"https:\/\/benditoser.com.br\/en\/wp-json\/wp\/v2\/media\/12379"}],"wp:attachment":[{"href":"https:\/\/benditoser.com.br\/en\/wp-json\/wp\/v2\/media?parent=12372"}],"wp:term":[{"taxonomy":"category","embeddable":true,"href":"https:\/\/benditoser.com.br\/en\/wp-json\/wp\/v2\/categories?post=12372"},{"taxonomy":"post_tag","embeddable":true,"href":"https:\/\/benditoser.com.br\/en\/wp-json\/wp\/v2\/tags?post=12372"}],"curies":[{"name":"wp","href":"https:\/\/api.w.org\/{rel}","templated":true}]}}