{"id":12381,"date":"2025-01-15T11:15:31","date_gmt":"2025-01-15T14:15:31","guid":{"rendered":"https:\/\/oduz.etc.br\/?p=12381"},"modified":"2025-01-15T11:32:48","modified_gmt":"2025-01-15T14:32:48","slug":"depressao-sem-motivo-talvez-a-resposta-nao-esteja-nesta-vida","status":"publish","type":"post","link":"https:\/\/benditoser.com.br\/en\/depressao-sem-motivo-talvez-a-resposta-nao-esteja-nesta-vida\/","title":{"rendered":"Depress\u00e3o &#8220;sem motivo&#8221;? Talvez a resposta n\u00e3o esteja nesta vida!"},"content":{"rendered":"<p>A Depress\u00e3o e as Mem\u00f3rias de Outras Vidas: Uma Perspectiva Espiritual e Terap\u00eautica<\/p>\n<p>A depress\u00e3o \u00e9 uma das condi\u00e7\u00f5es emocionais mais desafiadoras da atualidade, afetando milh\u00f5es de pessoas em todo o mundo. Enquanto a psicologia tradicional busca compreender suas causas a partir de traumas vividos nesta vida, a <a href=\"https:\/\/benditoser.com.br\/en\/consciencia-espirito\/apometria\/\" target=\"_blank\" rel=\"noopener\"><span style=\"color: #ff6600;\">Apometria<\/span><\/a> e a <a href=\"https:\/\/benditoser.com.br\/en\/consciencia-espirito\/registros-akashicos\/\" target=\"_blank\" rel=\"noopener\"><span style=\"color: #ff6600;\">Leitura dos Registros Ak\u00e1shicos<\/span><\/a> oferecem uma perspectiva mais profunda: a influ\u00eancia de mem\u00f3rias de vidas passadas na constru\u00e7\u00e3o do sofrimento atual.<\/p>\n<p>Mas como essas mem\u00f3rias podem impactar nosso bem-estar emocional? E de que forma podemos acessar e ressignificar essas experi\u00eancias para conquistar mais equil\u00edbrio e felicidade?<\/p>\n<h3>Mem\u00f3rias de Outras Vidas e a Origem da Dor<\/h3>\n<p>Na Apometria, entende-se que somos seres multidimensionais, carregando registros energ\u00e9ticos que atravessam v\u00e1rias exist\u00eancias. Traumas vividos em vidas passadas \u2014 como perdas abruptas, persegui\u00e7\u00f5es, rejei\u00e7\u00f5es ou experi\u00eancias de abandono \u2014 podem deixar marcas profundas em nosso campo energ\u00e9tico e emocional.<\/p>\n<p>Essas mem\u00f3rias, muitas vezes inconscientes, podem se manifestar como padr\u00f5es repetitivos de sofrimento, bloqueios emocionais e at\u00e9 sintomas f\u00edsicos. A depress\u00e3o, nesse contexto, pode ser um reflexo de dores antigas que ainda vibram em nosso campo energ\u00e9tico, impedindo-nos de viver plenamente.<\/p>\n<h3>O Que Revelam os Registros Ak\u00e1shicos?<\/h3>\n<p>Os Registros Ak\u00e1shicos s\u00e3o como uma biblioteca universal onde est\u00e3o armazenadas todas as experi\u00eancias da alma. Acessar esses registros permite compreender a raiz de certos padr\u00f5es emocionais e comportamentais. Muitas pessoas que vivenciam crises de depress\u00e3o, ao explorarem seus registros, descobrem conex\u00f5es com experi\u00eancias passadas de desamparo, culpa ou traumas n\u00e3o resolvidos.<\/p>\n<p>Ao identificar essas mem\u00f3rias, torna-se poss\u00edvel ressignificar essas experi\u00eancias, liberando a carga energ\u00e9tica associada e promovendo uma sensa\u00e7\u00e3o de leveza e compreens\u00e3o.<\/p>\n<h3>Jung e o Inconsciente Coletivo: Um Elo com o Passado<\/h3>\n<p>Carl Gustav Jung, um dos grandes nomes da psicologia, trouxe \u00e0 luz o conceito de inconsciente coletivo \u2014 um reservat\u00f3rio de mem\u00f3rias e s\u00edmbolos compartilhados por toda a humanidade. Para Jung, muitos dos nossos conflitos internos est\u00e3o ligados a arqu\u00e9tipos e padr\u00f5es ancestrais.<\/p>\n<p>Quando unimos essa vis\u00e3o ao entendimento espiritual, percebemos que muitas dores emocionais podem estar associadas n\u00e3o apenas a experi\u00eancias pessoais, mas tamb\u00e9m a registros coletivos ou espirituais que carregamos. Assim, acessar esses conte\u00fados pode ser um caminho poderoso de autoconhecimento e cura.<\/p>\n<h3>Como a Apometria Pode Ajudar na Cura?<\/h3>\n<p>A Apometria atua diretamente na identifica\u00e7\u00e3o e limpeza dessas mem\u00f3rias, trabalhando nos corpos sutis e permitindo a dissolu\u00e7\u00e3o de energias densas associadas a traumas passados. Esse processo promove uma reorganiza\u00e7\u00e3o energ\u00e9tica, facilitando a libera\u00e7\u00e3o de emo\u00e7\u00f5es reprimidas e padr\u00f5es limitantes.<\/p>\n<p>Sess\u00f5es de Apometria podem ajudar a:<\/p>\n<ul>\n<li>Identificar traumas de vidas passadas que influenciam o presente.<\/li>\n<li>Dissolver contratos espirituais negativos.<\/li>\n<li>Liberar obsessores ou energias que alimentam o estado depressivo.<\/li>\n<li>Reintegrar fragmentos de alma perdidos em experi\u00eancias traum\u00e1ticas.<\/li>\n<\/ul>\n<h3>O Caminho para a Liberdade Emocional<\/h3>\n<p>Compreender que a depress\u00e3o pode ter ra\u00edzes em outras exist\u00eancias amplia nossa vis\u00e3o sobre o sofrimento emocional e abre portas para novas formas de cura. A combina\u00e7\u00e3o entre a Apometria, a Leitura dos Registros Ak\u00e1shicos e o olhar psicol\u00f3gico de Jung nos convida a explorar nossas profundezas com coragem, buscando n\u00e3o apenas al\u00edvio, mas uma verdadeira transforma\u00e7\u00e3o.<\/p>\n<p>Se voc\u00ea sente que carrega dores que n\u00e3o consegue explicar ou padr\u00f5es de sofrimento que parecem n\u00e3o ter origem nesta vida, talvez seja o momento de olhar para al\u00e9m do vis\u00edvel e iniciar uma jornada de cura espiritual.<\/p>\n<p><strong>Permita-se libertar do peso do passado e encontrar a leveza de ser voc\u00ea mesmo.<\/strong><\/p>","protected":false},"excerpt":{"rendered":"<p>A Depress\u00e3o e as Mem\u00f3rias de Outras Vidas: Uma Perspectiva Espiritual e Terap\u00eautica A depress\u00e3o \u00e9 uma das condi\u00e7\u00f5es emocionais mais desafiadoras da atualidade, afetando milh\u00f5es de pessoas em todo o mundo. Enquanto a psicologia tradicional busca compreender suas causas a partir de traumas vividos [&hellip;]<\/p>\n","protected":false},"author":2,"featured_media":12382,"comment_status":"open","ping_status":"open","sticky":false,"template":"","format":"standard","meta":{"om_disable_all_campaigns":false,"_monsterinsights_skip_tracking":false,"_uf_show_specific_survey":0,"_uf_disable_surveys":false,"footnotes":""},"categories":[113,214,112,111],"tags":[],"class_list":["post-12381","post","type-post","status-publish","format-standard","has-post-thumbnail","hentry","category-apometria-2","category-registros-akashicos","category-terapia-espiritual","category-tratamento-espiritual"],"yoast_head":"<!-- This site is optimized with the Yoast SEO plugin v28.3 - https:\/\/yoast.com\/product\/yoast-seo-wordpress\/ -->\n<title>Depress\u00e3o &quot;sem motivo&quot;? Talvez a resposta n\u00e3o esteja nesta vida! - Benditoser<\/title>\n<meta name=\"robots\" content=\"index, follow, max-snippet:-1, max-image-preview:large, max-video-preview:-1\" \/>\n<link rel=\"canonical\" href=\"https:\/\/benditoser.com.br\/en\/depressao-sem-motivo-talvez-a-resposta-nao-esteja-nesta-vida\/\" \/>\n<meta property=\"og:locale\" content=\"en_US\" \/>\n<meta property=\"og:type\" content=\"article\" \/>\n<meta property=\"og:title\" content=\"Depress\u00e3o &quot;sem motivo&quot;? Talvez a resposta n\u00e3o esteja nesta vida! - Benditoser\" \/>\n<meta property=\"og:description\" content=\"A Depress\u00e3o e as Mem\u00f3rias de Outras Vidas: Uma Perspectiva Espiritual e Terap\u00eautica A depress\u00e3o \u00e9 uma das condi\u00e7\u00f5es emocionais mais desafiadoras da atualidade, afetando milh\u00f5es de pessoas em todo o mundo. Enquanto a psicologia tradicional busca compreender suas causas a partir de traumas vividos [&hellip;]\" \/>\n<meta property=\"og:url\" content=\"https:\/\/benditoser.com.br\/en\/depressao-sem-motivo-talvez-a-resposta-nao-esteja-nesta-vida\/\" \/>\n<meta property=\"og:site_name\" content=\"Benditoser\" \/>\n<meta property=\"article:publisher\" content=\"https:\/\/www.facebook.com\/benditoser.com.br\" \/>\n<meta property=\"article:published_time\" content=\"2025-01-15T14:15:31+00:00\" \/>\n<meta property=\"article:modified_time\" content=\"2025-01-15T14:32:48+00:00\" \/>\n<meta property=\"og:image\" content=\"https:\/\/benditoser.com.br\/wp-content\/uploads\/2025\/01\/Depressao_Oduz_blog.jpg\" \/>\n\t<meta property=\"og:image:width\" content=\"1200\" \/>\n\t<meta property=\"og:image:height\" content=\"628\" \/>\n\t<meta property=\"og:image:type\" content=\"image\/jpeg\" \/>\n<meta name=\"author\" content=\"Paulo Vasconcelos\" \/>\n<meta name=\"twitter:card\" content=\"summary_large_image\" \/>\n<meta name=\"twitter:label1\" content=\"Written by\" \/>\n\t<meta name=\"twitter:data1\" content=\"Paulo Vasconcelos\" \/>\n\t<meta name=\"twitter:label2\" content=\"Est. reading time\" \/>\n\t<meta name=\"twitter:data2\" content=\"3 minutes\" \/>\n<script type=\"application\/ld+json\" class=\"yoast-schema-graph\">{\"@context\":\"https:\\\/\\\/schema.org\",\"@graph\":[{\"@type\":\"Article\",\"@id\":\"https:\\\/\\\/benditoser.com.br\\\/depressao-sem-motivo-talvez-a-resposta-nao-esteja-nesta-vida\\\/#article\",\"isPartOf\":{\"@id\":\"https:\\\/\\\/benditoser.com.br\\\/depressao-sem-motivo-talvez-a-resposta-nao-esteja-nesta-vida\\\/\"},\"author\":{\"name\":\"Paulo Vasconcelos\",\"@id\":\"https:\\\/\\\/benditoser.com.br\\\/#\\\/schema\\\/person\\\/1b910a9b2b037ddc492a3b2e8dc4adb2\"},\"headline\":\"Depress\u00e3o &#8220;sem motivo&#8221;? Talvez a resposta n\u00e3o esteja nesta vida!\",\"datePublished\":\"2025-01-15T14:15:31+00:00\",\"dateModified\":\"2025-01-15T14:32:48+00:00\",\"mainEntityOfPage\":{\"@id\":\"https:\\\/\\\/benditoser.com.br\\\/depressao-sem-motivo-talvez-a-resposta-nao-esteja-nesta-vida\\\/\"},\"wordCount\":646,\"commentCount\":0,\"publisher\":{\"@id\":\"https:\\\/\\\/benditoser.com.br\\\/#organization\"},\"image\":{\"@id\":\"https:\\\/\\\/benditoser.com.br\\\/depressao-sem-motivo-talvez-a-resposta-nao-esteja-nesta-vida\\\/#primaryimage\"},\"thumbnailUrl\":\"https:\\\/\\\/benditoser.com.br\\\/wp-content\\\/uploads\\\/2025\\\/01\\\/Depressao_Oduz_blog.jpg\",\"articleSection\":[\"Apometria\",\"Registros Akashicos\",\"Terapia Espiritual\",\"Tratamento Espiritual\"],\"inLanguage\":\"en-US\",\"potentialAction\":[{\"@type\":\"CommentAction\",\"name\":\"Comment\",\"target\":[\"https:\\\/\\\/benditoser.com.br\\\/depressao-sem-motivo-talvez-a-resposta-nao-esteja-nesta-vida\\\/#respond\"]}]},{\"@type\":\"WebPage\",\"@id\":\"https:\\\/\\\/benditoser.com.br\\\/depressao-sem-motivo-talvez-a-resposta-nao-esteja-nesta-vida\\\/\",\"url\":\"https:\\\/\\\/benditoser.com.br\\\/depressao-sem-motivo-talvez-a-resposta-nao-esteja-nesta-vida\\\/\",\"name\":\"Depress\u00e3o \\\"sem motivo\\\"? Talvez a resposta n\u00e3o esteja nesta vida! - Benditoser\",\"isPartOf\":{\"@id\":\"https:\\\/\\\/benditoser.com.br\\\/#website\"},\"primaryImageOfPage\":{\"@id\":\"https:\\\/\\\/benditoser.com.br\\\/depressao-sem-motivo-talvez-a-resposta-nao-esteja-nesta-vida\\\/#primaryimage\"},\"image\":{\"@id\":\"https:\\\/\\\/benditoser.com.br\\\/depressao-sem-motivo-talvez-a-resposta-nao-esteja-nesta-vida\\\/#primaryimage\"},\"thumbnailUrl\":\"https:\\\/\\\/benditoser.com.br\\\/wp-content\\\/uploads\\\/2025\\\/01\\\/Depressao_Oduz_blog.jpg\",\"datePublished\":\"2025-01-15T14:15:31+00:00\",\"dateModified\":\"2025-01-15T14:32:48+00:00\",\"breadcrumb\":{\"@id\":\"https:\\\/\\\/benditoser.com.br\\\/depressao-sem-motivo-talvez-a-resposta-nao-esteja-nesta-vida\\\/#breadcrumb\"},\"inLanguage\":\"en-US\",\"potentialAction\":[{\"@type\":\"ReadAction\",\"target\":[\"https:\\\/\\\/benditoser.com.br\\\/depressao-sem-motivo-talvez-a-resposta-nao-esteja-nesta-vida\\\/\"]}]},{\"@type\":\"ImageObject\",\"inLanguage\":\"en-US\",\"@id\":\"https:\\\/\\\/benditoser.com.br\\\/depressao-sem-motivo-talvez-a-resposta-nao-esteja-nesta-vida\\\/#primaryimage\",\"url\":\"https:\\\/\\\/benditoser.com.br\\\/wp-content\\\/uploads\\\/2025\\\/01\\\/Depressao_Oduz_blog.jpg\",\"contentUrl\":\"https:\\\/\\\/benditoser.com.br\\\/wp-content\\\/uploads\\\/2025\\\/01\\\/Depressao_Oduz_blog.jpg\",\"width\":1200,\"height\":628},{\"@type\":\"BreadcrumbList\",\"@id\":\"https:\\\/\\\/benditoser.com.br\\\/depressao-sem-motivo-talvez-a-resposta-nao-esteja-nesta-vida\\\/#breadcrumb\",\"itemListElement\":[{\"@type\":\"ListItem\",\"position\":1,\"name\":\"In\u00edcio\",\"item\":\"https:\\\/\\\/benditoser.com.br\\\/\"},{\"@type\":\"ListItem\",\"position\":2,\"name\":\"Depress\u00e3o &#8220;sem motivo&#8221;? Talvez a resposta n\u00e3o esteja nesta vida!\"}]},{\"@type\":\"WebSite\",\"@id\":\"https:\\\/\\\/benditoser.com.br\\\/#website\",\"url\":\"https:\\\/\\\/benditoser.com.br\\\/\",\"name\":\"Benditoser\",\"description\":\"Terapias\",\"publisher\":{\"@id\":\"https:\\\/\\\/benditoser.com.br\\\/#organization\"},\"potentialAction\":[{\"@type\":\"SearchAction\",\"target\":{\"@type\":\"EntryPoint\",\"urlTemplate\":\"https:\\\/\\\/benditoser.com.br\\\/?s={search_term_string}\"},\"query-input\":{\"@type\":\"PropertyValueSpecification\",\"valueRequired\":true,\"valueName\":\"search_term_string\"}}],\"inLanguage\":\"en-US\"},{\"@type\":\"Organization\",\"@id\":\"https:\\\/\\\/benditoser.com.br\\\/#organization\",\"name\":\"Benditoser\",\"url\":\"https:\\\/\\\/benditoser.com.br\\\/\",\"logo\":{\"@type\":\"ImageObject\",\"inLanguage\":\"en-US\",\"@id\":\"https:\\\/\\\/benditoser.com.br\\\/#\\\/schema\\\/logo\\\/image\\\/\",\"url\":\"https:\\\/\\\/benditoser.com.br\\\/wp-content\\\/uploads\\\/2025\\\/05\\\/cropped-logo-bendito-ser-site.png\",\"contentUrl\":\"https:\\\/\\\/benditoser.com.br\\\/wp-content\\\/uploads\\\/2025\\\/05\\\/cropped-logo-bendito-ser-site.png\",\"width\":220,\"height\":44,\"caption\":\"Benditoser\"},\"image\":{\"@id\":\"https:\\\/\\\/benditoser.com.br\\\/#\\\/schema\\\/logo\\\/image\\\/\"},\"sameAs\":[\"https:\\\/\\\/www.facebook.com\\\/benditoser.com.br\",\"https:\\\/\\\/www.instagram.com\\\/benditoser.com.br\\\/\"]},{\"@type\":\"Person\",\"@id\":\"https:\\\/\\\/benditoser.com.br\\\/#\\\/schema\\\/person\\\/1b910a9b2b037ddc492a3b2e8dc4adb2\",\"name\":\"Paulo Vasconcelos\",\"image\":{\"@type\":\"ImageObject\",\"inLanguage\":\"en-US\",\"@id\":\"https:\\\/\\\/secure.gravatar.com\\\/avatar\\\/34be8b8f301baee1d34ae5e8fc205d12bdfd859131ea8f1ea4a232bd06e2286f?s=96&d=mm&r=g\",\"url\":\"https:\\\/\\\/secure.gravatar.com\\\/avatar\\\/34be8b8f301baee1d34ae5e8fc205d12bdfd859131ea8f1ea4a232bd06e2286f?s=96&d=mm&r=g\",\"contentUrl\":\"https:\\\/\\\/secure.gravatar.com\\\/avatar\\\/34be8b8f301baee1d34ae5e8fc205d12bdfd859131ea8f1ea4a232bd06e2286f?s=96&d=mm&r=g\",\"caption\":\"Paulo Vasconcelos\"},\"description\":\"Superior em Pr\u00e1ticas Integrativas e Complementares e p\u00f3s-graduando em psican\u00e1lise cl\u00ednica, atuando no universo das terapias hol\u00edsticas e integrativas. GEM, Grupo de Estudos e Trabalho Medi\u00fanico; Apometria \u2013 terapeuta, dirigente de grupo e facilitador; CNV \u2013 Comunica\u00e7\u00e3o N\u00e3o-Violenta; Teologia de Umbanda; Mitologia Afro-brasileira e Psicologia Anal\u00edtica; T\u00c9CNICAS QUE UTILIZO: ODUZ, APRENDIZADOS DO CAMINHO; APOMETRIA; LEITURA DE REGISTROS AK\u00c1SHICOS; C\u00cdRCULO SIST\u00caMICO DA VIDA; RADIESTESIA; REIKI USUI; PSICOSSOM\u00c1TICA; GEOBIOLOGIA ESPIRITUAL;\",\"url\":\"https:\\\/\\\/benditoser.com.br\\\/en\\\/author\\\/paulo\\\/\"}]}<\/script>\n<!-- \/ Yoast SEO plugin. -->","yoast_head_json":{"title":"Depress\u00e3o \"sem motivo\"? Talvez a resposta n\u00e3o esteja nesta vida! - Benditoser","robots":{"index":"index","follow":"follow","max-snippet":"max-snippet:-1","max-image-preview":"max-image-preview:large","max-video-preview":"max-video-preview:-1"},"canonical":"https:\/\/benditoser.com.br\/en\/depressao-sem-motivo-talvez-a-resposta-nao-esteja-nesta-vida\/","og_locale":"en_US","og_type":"article","og_title":"Depress\u00e3o \"sem motivo\"? Talvez a resposta n\u00e3o esteja nesta vida! - Benditoser","og_description":"A Depress\u00e3o e as Mem\u00f3rias de Outras Vidas: Uma Perspectiva Espiritual e Terap\u00eautica A depress\u00e3o \u00e9 uma das condi\u00e7\u00f5es emocionais mais desafiadoras da atualidade, afetando milh\u00f5es de pessoas em todo o mundo. Enquanto a psicologia tradicional busca compreender suas causas a partir de traumas vividos [&hellip;]","og_url":"https:\/\/benditoser.com.br\/en\/depressao-sem-motivo-talvez-a-resposta-nao-esteja-nesta-vida\/","og_site_name":"Benditoser","article_publisher":"https:\/\/www.facebook.com\/benditoser.com.br","article_published_time":"2025-01-15T14:15:31+00:00","article_modified_time":"2025-01-15T14:32:48+00:00","og_image":[{"width":1200,"height":628,"url":"https:\/\/benditoser.com.br\/wp-content\/uploads\/2025\/01\/Depressao_Oduz_blog.jpg","type":"image\/jpeg"}],"author":"Paulo Vasconcelos","twitter_card":"summary_large_image","twitter_misc":{"Written by":"Paulo Vasconcelos","Est. reading time":"3 minutes"},"schema":{"@context":"https:\/\/schema.org","@graph":[{"@type":"Article","@id":"https:\/\/benditoser.com.br\/depressao-sem-motivo-talvez-a-resposta-nao-esteja-nesta-vida\/#article","isPartOf":{"@id":"https:\/\/benditoser.com.br\/depressao-sem-motivo-talvez-a-resposta-nao-esteja-nesta-vida\/"},"author":{"name":"Paulo Vasconcelos","@id":"https:\/\/benditoser.com.br\/#\/schema\/person\/1b910a9b2b037ddc492a3b2e8dc4adb2"},"headline":"Depress\u00e3o &#8220;sem motivo&#8221;? Talvez a resposta n\u00e3o esteja nesta vida!","datePublished":"2025-01-15T14:15:31+00:00","dateModified":"2025-01-15T14:32:48+00:00","mainEntityOfPage":{"@id":"https:\/\/benditoser.com.br\/depressao-sem-motivo-talvez-a-resposta-nao-esteja-nesta-vida\/"},"wordCount":646,"commentCount":0,"publisher":{"@id":"https:\/\/benditoser.com.br\/#organization"},"image":{"@id":"https:\/\/benditoser.com.br\/depressao-sem-motivo-talvez-a-resposta-nao-esteja-nesta-vida\/#primaryimage"},"thumbnailUrl":"https:\/\/benditoser.com.br\/wp-content\/uploads\/2025\/01\/Depressao_Oduz_blog.jpg","articleSection":["Apometria","Registros Akashicos","Terapia Espiritual","Tratamento Espiritual"],"inLanguage":"en-US","potentialAction":[{"@type":"CommentAction","name":"Comment","target":["https:\/\/benditoser.com.br\/depressao-sem-motivo-talvez-a-resposta-nao-esteja-nesta-vida\/#respond"]}]},{"@type":"WebPage","@id":"https:\/\/benditoser.com.br\/depressao-sem-motivo-talvez-a-resposta-nao-esteja-nesta-vida\/","url":"https:\/\/benditoser.com.br\/depressao-sem-motivo-talvez-a-resposta-nao-esteja-nesta-vida\/","name":"Depress\u00e3o \"sem motivo\"? Talvez a resposta n\u00e3o esteja nesta vida! - Benditoser","isPartOf":{"@id":"https:\/\/benditoser.com.br\/#website"},"primaryImageOfPage":{"@id":"https:\/\/benditoser.com.br\/depressao-sem-motivo-talvez-a-resposta-nao-esteja-nesta-vida\/#primaryimage"},"image":{"@id":"https:\/\/benditoser.com.br\/depressao-sem-motivo-talvez-a-resposta-nao-esteja-nesta-vida\/#primaryimage"},"thumbnailUrl":"https:\/\/benditoser.com.br\/wp-content\/uploads\/2025\/01\/Depressao_Oduz_blog.jpg","datePublished":"2025-01-15T14:15:31+00:00","dateModified":"2025-01-15T14:32:48+00:00","breadcrumb":{"@id":"https:\/\/benditoser.com.br\/depressao-sem-motivo-talvez-a-resposta-nao-esteja-nesta-vida\/#breadcrumb"},"inLanguage":"en-US","potentialAction":[{"@type":"ReadAction","target":["https:\/\/benditoser.com.br\/depressao-sem-motivo-talvez-a-resposta-nao-esteja-nesta-vida\/"]}]},{"@type":"ImageObject","inLanguage":"en-US","@id":"https:\/\/benditoser.com.br\/depressao-sem-motivo-talvez-a-resposta-nao-esteja-nesta-vida\/#primaryimage","url":"https:\/\/benditoser.com.br\/wp-content\/uploads\/2025\/01\/Depressao_Oduz_blog.jpg","contentUrl":"https:\/\/benditoser.com.br\/wp-content\/uploads\/2025\/01\/Depressao_Oduz_blog.jpg","width":1200,"height":628},{"@type":"BreadcrumbList","@id":"https:\/\/benditoser.com.br\/depressao-sem-motivo-talvez-a-resposta-nao-esteja-nesta-vida\/#breadcrumb","itemListElement":[{"@type":"ListItem","position":1,"name":"In\u00edcio","item":"https:\/\/benditoser.com.br\/"},{"@type":"ListItem","position":2,"name":"Depress\u00e3o &#8220;sem motivo&#8221;? Talvez a resposta n\u00e3o esteja nesta vida!"}]},{"@type":"WebSite","@id":"https:\/\/benditoser.com.br\/#website","url":"https:\/\/benditoser.com.br\/","name":"Benditoser","description":"Terapias","publisher":{"@id":"https:\/\/benditoser.com.br\/#organization"},"potentialAction":[{"@type":"SearchAction","target":{"@type":"EntryPoint","urlTemplate":"https:\/\/benditoser.com.br\/?s={search_term_string}"},"query-input":{"@type":"PropertyValueSpecification","valueRequired":true,"valueName":"search_term_string"}}],"inLanguage":"en-US"},{"@type":"Organization","@id":"https:\/\/benditoser.com.br\/#organization","name":"Benditoser","url":"https:\/\/benditoser.com.br\/","logo":{"@type":"ImageObject","inLanguage":"en-US","@id":"https:\/\/benditoser.com.br\/#\/schema\/logo\/image\/","url":"https:\/\/benditoser.com.br\/wp-content\/uploads\/2025\/05\/cropped-logo-bendito-ser-site.png","contentUrl":"https:\/\/benditoser.com.br\/wp-content\/uploads\/2025\/05\/cropped-logo-bendito-ser-site.png","width":220,"height":44,"caption":"Benditoser"},"image":{"@id":"https:\/\/benditoser.com.br\/#\/schema\/logo\/image\/"},"sameAs":["https:\/\/www.facebook.com\/benditoser.com.br","https:\/\/www.instagram.com\/benditoser.com.br\/"]},{"@type":"Person","@id":"https:\/\/benditoser.com.br\/#\/schema\/person\/1b910a9b2b037ddc492a3b2e8dc4adb2","name":"Paulo Vasconcelos","image":{"@type":"ImageObject","inLanguage":"en-US","@id":"https:\/\/secure.gravatar.com\/avatar\/34be8b8f301baee1d34ae5e8fc205d12bdfd859131ea8f1ea4a232bd06e2286f?s=96&d=mm&r=g","url":"https:\/\/secure.gravatar.com\/avatar\/34be8b8f301baee1d34ae5e8fc205d12bdfd859131ea8f1ea4a232bd06e2286f?s=96&d=mm&r=g","contentUrl":"https:\/\/secure.gravatar.com\/avatar\/34be8b8f301baee1d34ae5e8fc205d12bdfd859131ea8f1ea4a232bd06e2286f?s=96&d=mm&r=g","caption":"Paulo Vasconcelos"},"description":"Superior em Pr\u00e1ticas Integrativas e Complementares e p\u00f3s-graduando em psican\u00e1lise cl\u00ednica, atuando no universo das terapias hol\u00edsticas e integrativas. GEM, Grupo de Estudos e Trabalho Medi\u00fanico; Apometria \u2013 terapeuta, dirigente de grupo e facilitador; CNV \u2013 Comunica\u00e7\u00e3o N\u00e3o-Violenta; Teologia de Umbanda; Mitologia Afro-brasileira e Psicologia Anal\u00edtica; T\u00c9CNICAS QUE UTILIZO: ODUZ, APRENDIZADOS DO CAMINHO; APOMETRIA; LEITURA DE REGISTROS AK\u00c1SHICOS; C\u00cdRCULO SIST\u00caMICO DA VIDA; RADIESTESIA; REIKI USUI; PSICOSSOM\u00c1TICA; GEOBIOLOGIA ESPIRITUAL;","url":"https:\/\/benditoser.com.br\/en\/author\/paulo\/"}]}},"publishpress_future_action":{"enabled":false,"date":"2026-09-07 22:54:20","action":"change-status","newStatus":"draft","terms":[],"taxonomy":"category","extraData":[]},"publishpress_future_workflow_manual_trigger":{"enabledWorkflows":[]},"_links":{"self":[{"href":"https:\/\/benditoser.com.br\/en\/wp-json\/wp\/v2\/posts\/12381","targetHints":{"allow":["GET"]}}],"collection":[{"href":"https:\/\/benditoser.com.br\/en\/wp-json\/wp\/v2\/posts"}],"about":[{"href":"https:\/\/benditoser.com.br\/en\/wp-json\/wp\/v2\/types\/post"}],"author":[{"embeddable":true,"href":"https:\/\/benditoser.com.br\/en\/wp-json\/wp\/v2\/users\/2"}],"replies":[{"embeddable":true,"href":"https:\/\/benditoser.com.br\/en\/wp-json\/wp\/v2\/comments?post=12381"}],"version-history":[{"count":3,"href":"https:\/\/benditoser.com.br\/en\/wp-json\/wp\/v2\/posts\/12381\/revisions"}],"predecessor-version":[{"id":12385,"href":"https:\/\/benditoser.com.br\/en\/wp-json\/wp\/v2\/posts\/12381\/revisions\/12385"}],"wp:featuredmedia":[{"embeddable":true,"href":"https:\/\/benditoser.com.br\/en\/wp-json\/wp\/v2\/media\/12382"}],"wp:attachment":[{"href":"https:\/\/benditoser.com.br\/en\/wp-json\/wp\/v2\/media?parent=12381"}],"wp:term":[{"taxonomy":"category","embeddable":true,"href":"https:\/\/benditoser.com.br\/en\/wp-json\/wp\/v2\/categories?post=12381"},{"taxonomy":"post_tag","embeddable":true,"href":"https:\/\/benditoser.com.br\/en\/wp-json\/wp\/v2\/tags?post=12381"}],"curies":[{"name":"wp","href":"https:\/\/api.w.org\/{rel}","templated":true}]}}