{"id":1399,"date":"2020-11-15T11:45:33","date_gmt":"2020-11-15T14:45:33","guid":{"rendered":"https:\/\/oduz.etc.br\/?p=1399"},"modified":"2021-04-03T23:03:24","modified_gmt":"2021-04-04T02:03:24","slug":"sobre-larvas-astrais-e-mentais-em-ambientes","status":"publish","type":"post","link":"https:\/\/benditoser.com.br\/en\/sobre-larvas-astrais-e-mentais-em-ambientes\/","title":{"rendered":"Sobre larvas astrais e mentais em ambientes"},"content":{"rendered":"<p class=\"wp-block-paragraph\">S\u00e3o entidades do mental e do astral inferiores se alimentam de nossos pensamentos e desejos negativos e destrutivos. S\u00e3o gerados em ambientes onde pessoas compartilham os mesmos tipos de atitude e pensamentos. Podem ser de v\u00e1rias naturezas, como:<\/p>\r\n<p><img fetchpriority=\"high\" decoding=\"async\" class=\"aligncenter wp-image-1406 size-full\" src=\"https:\/\/benditoser.com.br\/wp-content\/uploads\/2020\/11\/larvas-astrais-e-mentais-em-ambientes-oduz.jpg\" alt=\"\" width=\"712\" height=\"400\" srcset=\"https:\/\/benditoser.com.br\/wp-content\/uploads\/2020\/11\/larvas-astrais-e-mentais-em-ambientes-oduz.jpg 712w, https:\/\/benditoser.com.br\/wp-content\/uploads\/2020\/11\/larvas-astrais-e-mentais-em-ambientes-oduz-300x169.jpg 300w, https:\/\/benditoser.com.br\/wp-content\/uploads\/2020\/11\/larvas-astrais-e-mentais-em-ambientes-oduz-600x337.jpg 600w, https:\/\/benditoser.com.br\/wp-content\/uploads\/2020\/11\/larvas-astrais-e-mentais-em-ambientes-oduz-640x360.jpg 640w, https:\/\/benditoser.com.br\/wp-content\/uploads\/2020\/11\/larvas-astrais-e-mentais-em-ambientes-oduz-400x225.jpg 400w\" sizes=\"(max-width: 712px) 100vw, 712px\" \/><\/p>\r\n\r\n\r\n\r\n<p class=\"wp-block-paragraph\" style=\"padding-left: 40px;\"><strong>Drag\u00f5es:<\/strong> formas-pensamento criadas em prost\u00edbulos, bord\u00e9is, boates e etc.<\/p>\r\n\r\n\r\n\r\n<p class=\"wp-block-paragraph\" style=\"padding-left: 40px;\"><strong>Incubus e Sucubus:<\/strong> nascidos de fantasias sexuais, sonhos er\u00f3ticos e masturba\u00e7\u00f5es cont\u00ednuas. Os \u00edncubos acompanham as mulheres e os s\u00facubos permanecem na atmosfera \u00e1urica dos homens.<\/p>\r\n\r\n\r\n\r\n<p class=\"wp-block-paragraph\" style=\"padding-left: 40px;\"><strong>Fantasmatas:<\/strong> \u00e1tomos putrefatos desprendidos de cad\u00e1veres. Fixam-se nas pessoas emocionalmente receptivas que visitam cemit\u00e9rios e\/ou que ficam pensando em pessoas falecidas.<\/p>\r\n\r\n\r\n\r\n<p class=\"wp-block-paragraph\" style=\"padding-left: 40px;\"><strong>Leos e \u00c1spis:<\/strong> Nascem de atitudes ligadas ao orgulho e ira exacerbados, em reuni\u00f5es de partidos pol\u00edticos, desfiles militares e discuss\u00f5es que n\u00e3o levam a nada.<\/p>\r\n\r\n\r\n\r\n<p class=\"wp-block-paragraph\" style=\"padding-left: 40px;\"><strong>Mant\u00edcoras e Basiliscos:<\/strong> gerados em atos sexuais anti naturais.<\/p>\r\n\r\n\r\n\r\n<p class=\"wp-block-paragraph\">H\u00e1 muitos outros, como os Vermes da Lua, Caballis e Vampiros, que se alimentam de sangue (locais onde houver m\u00eanstruo, matadouros, dep\u00f3sitos de lixo hospitalar etc.).<\/p>\r\n<p>Para tratar essas energias em ambientes, tanto residenciais quanto comerciais, na Oduz fazemos primeiramente uma avalia\u00e7\u00e3o &#8211; cujo objetivo \u00e9 qualificar e quantificar as desarmonias, bem como avaliar a melhor e mais adequada maneira de promover o equil\u00edbrio para os ambientes. Nesse sentido v\u00e1rias t\u00e9cnicas s\u00e3o empregadas, dentre elas a radiestesia, a geobiologia, a geobiologia espiritual e a pometria.\u00a0<\/p>\r\n<p>O resultado do trabalho \u00e9 percebido de maneira muito r\u00e1pida nos ambientes, que ficam bem mais leves e equilibrados para todos os que moram ou frequentam esses lugares.<\/p>\r\n<p>&nbsp;<\/p>","protected":false},"excerpt":{"rendered":"<p>S\u00e3o entidades do mental e do astral inferiores se alimentam de nossos pensamentos e desejos negativos e destrutivos. S\u00e3o gerados em ambientes onde pessoas compartilham os mesmos tipos de atitude e pensamentos. Podem ser de v\u00e1rias naturezas, como: Drag\u00f5es: formas-pensamento criadas em prost\u00edbulos, bord\u00e9is, boates [&hellip;]<\/p>\n","protected":false},"author":2,"featured_media":1406,"comment_status":"open","ping_status":"open","sticky":false,"template":"","format":"standard","meta":{"om_disable_all_campaigns":false,"_monsterinsights_skip_tracking":false,"_uf_show_specific_survey":0,"_uf_disable_surveys":false,"footnotes":""},"categories":[29,27,30,31,28],"tags":[37,34,38],"class_list":["post-1399","post","type-post","status-publish","format-standard","has-post-thumbnail","hentry","category-geobiologia","category-geobiologia-espiritual","category-geobiologia-espiritual-terapia","category-radiestesia","category-terapia","tag-apometria","tag-geobiologia","tag-tratamento-para-ambientes"],"yoast_head":"<!-- This site is optimized with the Yoast SEO plugin v28.3 - https:\/\/yoast.com\/product\/yoast-seo-wordpress\/ -->\n<title>Sobre larvas astrais e mentais em ambientes - Benditoser<\/title>\n<meta name=\"description\" content=\"Tratamento energ\u00e9tico e espiritual para ambientes. Na Oduz, trabalhamos com apometria, geobiologia e geobiologia espiritual, equilibrando as energias dos ambientes.\" \/>\n<meta name=\"robots\" content=\"index, follow, max-snippet:-1, max-image-preview:large, max-video-preview:-1\" \/>\n<link rel=\"canonical\" href=\"https:\/\/benditoser.com.br\/en\/sobre-larvas-astrais-e-mentais-em-ambientes\/\" \/>\n<meta property=\"og:locale\" content=\"en_US\" \/>\n<meta property=\"og:type\" content=\"article\" \/>\n<meta property=\"og:title\" content=\"Sobre larvas astrais e mentais em ambientes - Benditoser\" \/>\n<meta property=\"og:description\" content=\"Tratamento energ\u00e9tico e espiritual para ambientes. Na Oduz, trabalhamos com apometria, geobiologia e geobiologia espiritual, equilibrando as energias dos ambientes.\" \/>\n<meta property=\"og:url\" content=\"https:\/\/benditoser.com.br\/en\/sobre-larvas-astrais-e-mentais-em-ambientes\/\" \/>\n<meta property=\"og:site_name\" content=\"Benditoser\" \/>\n<meta property=\"article:publisher\" content=\"https:\/\/www.facebook.com\/benditoser.com.br\" \/>\n<meta property=\"article:published_time\" content=\"2020-11-15T14:45:33+00:00\" \/>\n<meta property=\"article:modified_time\" content=\"2021-04-04T02:03:24+00:00\" \/>\n<meta property=\"og:image\" content=\"https:\/\/benditoser.com.br\/wp-content\/uploads\/2020\/11\/larvas-astrais-e-mentais-em-ambientes-oduz.jpg\" \/>\n\t<meta property=\"og:image:width\" content=\"712\" \/>\n\t<meta property=\"og:image:height\" content=\"400\" \/>\n\t<meta property=\"og:image:type\" content=\"image\/jpeg\" \/>\n<meta name=\"author\" content=\"Paulo Vasconcelos\" \/>\n<meta name=\"twitter:card\" content=\"summary_large_image\" \/>\n<meta name=\"twitter:label1\" content=\"Written by\" \/>\n\t<meta name=\"twitter:data1\" content=\"Paulo Vasconcelos\" \/>\n\t<meta name=\"twitter:label2\" content=\"Est. reading time\" \/>\n\t<meta name=\"twitter:data2\" content=\"2 minutes\" \/>\n<script type=\"application\/ld+json\" class=\"yoast-schema-graph\">{\"@context\":\"https:\\\/\\\/schema.org\",\"@graph\":[{\"@type\":\"Article\",\"@id\":\"https:\\\/\\\/benditoser.com.br\\\/sobre-larvas-astrais-e-mentais-em-ambientes\\\/#article\",\"isPartOf\":{\"@id\":\"https:\\\/\\\/benditoser.com.br\\\/sobre-larvas-astrais-e-mentais-em-ambientes\\\/\"},\"author\":{\"name\":\"Paulo Vasconcelos\",\"@id\":\"https:\\\/\\\/benditoser.com.br\\\/#\\\/schema\\\/person\\\/1b910a9b2b037ddc492a3b2e8dc4adb2\"},\"headline\":\"Sobre larvas astrais e mentais em ambientes\",\"datePublished\":\"2020-11-15T14:45:33+00:00\",\"dateModified\":\"2021-04-04T02:03:24+00:00\",\"mainEntityOfPage\":{\"@id\":\"https:\\\/\\\/benditoser.com.br\\\/sobre-larvas-astrais-e-mentais-em-ambientes\\\/\"},\"wordCount\":274,\"commentCount\":0,\"publisher\":{\"@id\":\"https:\\\/\\\/benditoser.com.br\\\/#organization\"},\"image\":{\"@id\":\"https:\\\/\\\/benditoser.com.br\\\/sobre-larvas-astrais-e-mentais-em-ambientes\\\/#primaryimage\"},\"thumbnailUrl\":\"https:\\\/\\\/benditoser.com.br\\\/wp-content\\\/uploads\\\/2020\\\/11\\\/larvas-astrais-e-mentais-em-ambientes-oduz.jpg\",\"keywords\":[\"Apometria\",\"Geobiologia\",\"Tratamento para Ambientes\"],\"articleSection\":[\"Geobiologia\",\"Geobiologia Espiritual\",\"Geobiologia Espiritual\",\"Radiestesia\",\"Terapia\"],\"inLanguage\":\"en-US\",\"potentialAction\":[{\"@type\":\"CommentAction\",\"name\":\"Comment\",\"target\":[\"https:\\\/\\\/benditoser.com.br\\\/sobre-larvas-astrais-e-mentais-em-ambientes\\\/#respond\"]}]},{\"@type\":\"WebPage\",\"@id\":\"https:\\\/\\\/benditoser.com.br\\\/sobre-larvas-astrais-e-mentais-em-ambientes\\\/\",\"url\":\"https:\\\/\\\/benditoser.com.br\\\/sobre-larvas-astrais-e-mentais-em-ambientes\\\/\",\"name\":\"Sobre larvas astrais e mentais em ambientes - Benditoser\",\"isPartOf\":{\"@id\":\"https:\\\/\\\/benditoser.com.br\\\/#website\"},\"primaryImageOfPage\":{\"@id\":\"https:\\\/\\\/benditoser.com.br\\\/sobre-larvas-astrais-e-mentais-em-ambientes\\\/#primaryimage\"},\"image\":{\"@id\":\"https:\\\/\\\/benditoser.com.br\\\/sobre-larvas-astrais-e-mentais-em-ambientes\\\/#primaryimage\"},\"thumbnailUrl\":\"https:\\\/\\\/benditoser.com.br\\\/wp-content\\\/uploads\\\/2020\\\/11\\\/larvas-astrais-e-mentais-em-ambientes-oduz.jpg\",\"datePublished\":\"2020-11-15T14:45:33+00:00\",\"dateModified\":\"2021-04-04T02:03:24+00:00\",\"description\":\"Tratamento energ\u00e9tico e espiritual para ambientes. Na Oduz, trabalhamos com apometria, geobiologia e geobiologia espiritual, equilibrando as energias dos ambientes.\",\"breadcrumb\":{\"@id\":\"https:\\\/\\\/benditoser.com.br\\\/sobre-larvas-astrais-e-mentais-em-ambientes\\\/#breadcrumb\"},\"inLanguage\":\"en-US\",\"potentialAction\":[{\"@type\":\"ReadAction\",\"target\":[\"https:\\\/\\\/benditoser.com.br\\\/sobre-larvas-astrais-e-mentais-em-ambientes\\\/\"]}]},{\"@type\":\"ImageObject\",\"inLanguage\":\"en-US\",\"@id\":\"https:\\\/\\\/benditoser.com.br\\\/sobre-larvas-astrais-e-mentais-em-ambientes\\\/#primaryimage\",\"url\":\"https:\\\/\\\/benditoser.com.br\\\/wp-content\\\/uploads\\\/2020\\\/11\\\/larvas-astrais-e-mentais-em-ambientes-oduz.jpg\",\"contentUrl\":\"https:\\\/\\\/benditoser.com.br\\\/wp-content\\\/uploads\\\/2020\\\/11\\\/larvas-astrais-e-mentais-em-ambientes-oduz.jpg\",\"width\":712,\"height\":400},{\"@type\":\"BreadcrumbList\",\"@id\":\"https:\\\/\\\/benditoser.com.br\\\/sobre-larvas-astrais-e-mentais-em-ambientes\\\/#breadcrumb\",\"itemListElement\":[{\"@type\":\"ListItem\",\"position\":1,\"name\":\"In\u00edcio\",\"item\":\"https:\\\/\\\/benditoser.com.br\\\/\"},{\"@type\":\"ListItem\",\"position\":2,\"name\":\"Sobre larvas astrais e mentais em ambientes\"}]},{\"@type\":\"WebSite\",\"@id\":\"https:\\\/\\\/benditoser.com.br\\\/#website\",\"url\":\"https:\\\/\\\/benditoser.com.br\\\/\",\"name\":\"Benditoser\",\"description\":\"Terapias\",\"publisher\":{\"@id\":\"https:\\\/\\\/benditoser.com.br\\\/#organization\"},\"potentialAction\":[{\"@type\":\"SearchAction\",\"target\":{\"@type\":\"EntryPoint\",\"urlTemplate\":\"https:\\\/\\\/benditoser.com.br\\\/?s={search_term_string}\"},\"query-input\":{\"@type\":\"PropertyValueSpecification\",\"valueRequired\":true,\"valueName\":\"search_term_string\"}}],\"inLanguage\":\"en-US\"},{\"@type\":\"Organization\",\"@id\":\"https:\\\/\\\/benditoser.com.br\\\/#organization\",\"name\":\"Benditoser\",\"url\":\"https:\\\/\\\/benditoser.com.br\\\/\",\"logo\":{\"@type\":\"ImageObject\",\"inLanguage\":\"en-US\",\"@id\":\"https:\\\/\\\/benditoser.com.br\\\/#\\\/schema\\\/logo\\\/image\\\/\",\"url\":\"https:\\\/\\\/benditoser.com.br\\\/wp-content\\\/uploads\\\/2025\\\/05\\\/cropped-logo-bendito-ser-site.png\",\"contentUrl\":\"https:\\\/\\\/benditoser.com.br\\\/wp-content\\\/uploads\\\/2025\\\/05\\\/cropped-logo-bendito-ser-site.png\",\"width\":220,\"height\":44,\"caption\":\"Benditoser\"},\"image\":{\"@id\":\"https:\\\/\\\/benditoser.com.br\\\/#\\\/schema\\\/logo\\\/image\\\/\"},\"sameAs\":[\"https:\\\/\\\/www.facebook.com\\\/benditoser.com.br\",\"https:\\\/\\\/www.instagram.com\\\/benditoser.com.br\\\/\"]},{\"@type\":\"Person\",\"@id\":\"https:\\\/\\\/benditoser.com.br\\\/#\\\/schema\\\/person\\\/1b910a9b2b037ddc492a3b2e8dc4adb2\",\"name\":\"Paulo Vasconcelos\",\"image\":{\"@type\":\"ImageObject\",\"inLanguage\":\"en-US\",\"@id\":\"https:\\\/\\\/secure.gravatar.com\\\/avatar\\\/34be8b8f301baee1d34ae5e8fc205d12bdfd859131ea8f1ea4a232bd06e2286f?s=96&d=mm&r=g\",\"url\":\"https:\\\/\\\/secure.gravatar.com\\\/avatar\\\/34be8b8f301baee1d34ae5e8fc205d12bdfd859131ea8f1ea4a232bd06e2286f?s=96&d=mm&r=g\",\"contentUrl\":\"https:\\\/\\\/secure.gravatar.com\\\/avatar\\\/34be8b8f301baee1d34ae5e8fc205d12bdfd859131ea8f1ea4a232bd06e2286f?s=96&d=mm&r=g\",\"caption\":\"Paulo Vasconcelos\"},\"description\":\"Superior em Pr\u00e1ticas Integrativas e Complementares e p\u00f3s-graduando em psican\u00e1lise cl\u00ednica, atuando no universo das terapias hol\u00edsticas e integrativas. GEM, Grupo de Estudos e Trabalho Medi\u00fanico; Apometria \u2013 terapeuta, dirigente de grupo e facilitador; CNV \u2013 Comunica\u00e7\u00e3o N\u00e3o-Violenta; Teologia de Umbanda; Mitologia Afro-brasileira e Psicologia Anal\u00edtica; T\u00c9CNICAS QUE UTILIZO: ODUZ, APRENDIZADOS DO CAMINHO; APOMETRIA; LEITURA DE REGISTROS AK\u00c1SHICOS; C\u00cdRCULO SIST\u00caMICO DA VIDA; RADIESTESIA; REIKI USUI; PSICOSSOM\u00c1TICA; GEOBIOLOGIA ESPIRITUAL;\",\"url\":\"https:\\\/\\\/benditoser.com.br\\\/en\\\/author\\\/paulo\\\/\"}]}<\/script>\n<!-- \/ Yoast SEO plugin. -->","yoast_head_json":{"title":"Sobre larvas astrais e mentais em ambientes - Benditoser","description":"Tratamento energ\u00e9tico e espiritual para ambientes. Na Oduz, trabalhamos com apometria, geobiologia e geobiologia espiritual, equilibrando as energias dos ambientes.","robots":{"index":"index","follow":"follow","max-snippet":"max-snippet:-1","max-image-preview":"max-image-preview:large","max-video-preview":"max-video-preview:-1"},"canonical":"https:\/\/benditoser.com.br\/en\/sobre-larvas-astrais-e-mentais-em-ambientes\/","og_locale":"en_US","og_type":"article","og_title":"Sobre larvas astrais e mentais em ambientes - Benditoser","og_description":"Tratamento energ\u00e9tico e espiritual para ambientes. Na Oduz, trabalhamos com apometria, geobiologia e geobiologia espiritual, equilibrando as energias dos ambientes.","og_url":"https:\/\/benditoser.com.br\/en\/sobre-larvas-astrais-e-mentais-em-ambientes\/","og_site_name":"Benditoser","article_publisher":"https:\/\/www.facebook.com\/benditoser.com.br","article_published_time":"2020-11-15T14:45:33+00:00","article_modified_time":"2021-04-04T02:03:24+00:00","og_image":[{"width":712,"height":400,"url":"https:\/\/benditoser.com.br\/wp-content\/uploads\/2020\/11\/larvas-astrais-e-mentais-em-ambientes-oduz.jpg","type":"image\/jpeg"}],"author":"Paulo Vasconcelos","twitter_card":"summary_large_image","twitter_misc":{"Written by":"Paulo Vasconcelos","Est. reading time":"2 minutes"},"schema":{"@context":"https:\/\/schema.org","@graph":[{"@type":"Article","@id":"https:\/\/benditoser.com.br\/sobre-larvas-astrais-e-mentais-em-ambientes\/#article","isPartOf":{"@id":"https:\/\/benditoser.com.br\/sobre-larvas-astrais-e-mentais-em-ambientes\/"},"author":{"name":"Paulo Vasconcelos","@id":"https:\/\/benditoser.com.br\/#\/schema\/person\/1b910a9b2b037ddc492a3b2e8dc4adb2"},"headline":"Sobre larvas astrais e mentais em ambientes","datePublished":"2020-11-15T14:45:33+00:00","dateModified":"2021-04-04T02:03:24+00:00","mainEntityOfPage":{"@id":"https:\/\/benditoser.com.br\/sobre-larvas-astrais-e-mentais-em-ambientes\/"},"wordCount":274,"commentCount":0,"publisher":{"@id":"https:\/\/benditoser.com.br\/#organization"},"image":{"@id":"https:\/\/benditoser.com.br\/sobre-larvas-astrais-e-mentais-em-ambientes\/#primaryimage"},"thumbnailUrl":"https:\/\/benditoser.com.br\/wp-content\/uploads\/2020\/11\/larvas-astrais-e-mentais-em-ambientes-oduz.jpg","keywords":["Apometria","Geobiologia","Tratamento para Ambientes"],"articleSection":["Geobiologia","Geobiologia Espiritual","Geobiologia Espiritual","Radiestesia","Terapia"],"inLanguage":"en-US","potentialAction":[{"@type":"CommentAction","name":"Comment","target":["https:\/\/benditoser.com.br\/sobre-larvas-astrais-e-mentais-em-ambientes\/#respond"]}]},{"@type":"WebPage","@id":"https:\/\/benditoser.com.br\/sobre-larvas-astrais-e-mentais-em-ambientes\/","url":"https:\/\/benditoser.com.br\/sobre-larvas-astrais-e-mentais-em-ambientes\/","name":"Sobre larvas astrais e mentais em ambientes - Benditoser","isPartOf":{"@id":"https:\/\/benditoser.com.br\/#website"},"primaryImageOfPage":{"@id":"https:\/\/benditoser.com.br\/sobre-larvas-astrais-e-mentais-em-ambientes\/#primaryimage"},"image":{"@id":"https:\/\/benditoser.com.br\/sobre-larvas-astrais-e-mentais-em-ambientes\/#primaryimage"},"thumbnailUrl":"https:\/\/benditoser.com.br\/wp-content\/uploads\/2020\/11\/larvas-astrais-e-mentais-em-ambientes-oduz.jpg","datePublished":"2020-11-15T14:45:33+00:00","dateModified":"2021-04-04T02:03:24+00:00","description":"Tratamento energ\u00e9tico e espiritual para ambientes. Na Oduz, trabalhamos com apometria, geobiologia e geobiologia espiritual, equilibrando as energias dos ambientes.","breadcrumb":{"@id":"https:\/\/benditoser.com.br\/sobre-larvas-astrais-e-mentais-em-ambientes\/#breadcrumb"},"inLanguage":"en-US","potentialAction":[{"@type":"ReadAction","target":["https:\/\/benditoser.com.br\/sobre-larvas-astrais-e-mentais-em-ambientes\/"]}]},{"@type":"ImageObject","inLanguage":"en-US","@id":"https:\/\/benditoser.com.br\/sobre-larvas-astrais-e-mentais-em-ambientes\/#primaryimage","url":"https:\/\/benditoser.com.br\/wp-content\/uploads\/2020\/11\/larvas-astrais-e-mentais-em-ambientes-oduz.jpg","contentUrl":"https:\/\/benditoser.com.br\/wp-content\/uploads\/2020\/11\/larvas-astrais-e-mentais-em-ambientes-oduz.jpg","width":712,"height":400},{"@type":"BreadcrumbList","@id":"https:\/\/benditoser.com.br\/sobre-larvas-astrais-e-mentais-em-ambientes\/#breadcrumb","itemListElement":[{"@type":"ListItem","position":1,"name":"In\u00edcio","item":"https:\/\/benditoser.com.br\/"},{"@type":"ListItem","position":2,"name":"Sobre larvas astrais e mentais em ambientes"}]},{"@type":"WebSite","@id":"https:\/\/benditoser.com.br\/#website","url":"https:\/\/benditoser.com.br\/","name":"Benditoser","description":"Terapias","publisher":{"@id":"https:\/\/benditoser.com.br\/#organization"},"potentialAction":[{"@type":"SearchAction","target":{"@type":"EntryPoint","urlTemplate":"https:\/\/benditoser.com.br\/?s={search_term_string}"},"query-input":{"@type":"PropertyValueSpecification","valueRequired":true,"valueName":"search_term_string"}}],"inLanguage":"en-US"},{"@type":"Organization","@id":"https:\/\/benditoser.com.br\/#organization","name":"Benditoser","url":"https:\/\/benditoser.com.br\/","logo":{"@type":"ImageObject","inLanguage":"en-US","@id":"https:\/\/benditoser.com.br\/#\/schema\/logo\/image\/","url":"https:\/\/benditoser.com.br\/wp-content\/uploads\/2025\/05\/cropped-logo-bendito-ser-site.png","contentUrl":"https:\/\/benditoser.com.br\/wp-content\/uploads\/2025\/05\/cropped-logo-bendito-ser-site.png","width":220,"height":44,"caption":"Benditoser"},"image":{"@id":"https:\/\/benditoser.com.br\/#\/schema\/logo\/image\/"},"sameAs":["https:\/\/www.facebook.com\/benditoser.com.br","https:\/\/www.instagram.com\/benditoser.com.br\/"]},{"@type":"Person","@id":"https:\/\/benditoser.com.br\/#\/schema\/person\/1b910a9b2b037ddc492a3b2e8dc4adb2","name":"Paulo Vasconcelos","image":{"@type":"ImageObject","inLanguage":"en-US","@id":"https:\/\/secure.gravatar.com\/avatar\/34be8b8f301baee1d34ae5e8fc205d12bdfd859131ea8f1ea4a232bd06e2286f?s=96&d=mm&r=g","url":"https:\/\/secure.gravatar.com\/avatar\/34be8b8f301baee1d34ae5e8fc205d12bdfd859131ea8f1ea4a232bd06e2286f?s=96&d=mm&r=g","contentUrl":"https:\/\/secure.gravatar.com\/avatar\/34be8b8f301baee1d34ae5e8fc205d12bdfd859131ea8f1ea4a232bd06e2286f?s=96&d=mm&r=g","caption":"Paulo Vasconcelos"},"description":"Superior em Pr\u00e1ticas Integrativas e Complementares e p\u00f3s-graduando em psican\u00e1lise cl\u00ednica, atuando no universo das terapias hol\u00edsticas e integrativas. GEM, Grupo de Estudos e Trabalho Medi\u00fanico; Apometria \u2013 terapeuta, dirigente de grupo e facilitador; CNV \u2013 Comunica\u00e7\u00e3o N\u00e3o-Violenta; Teologia de Umbanda; Mitologia Afro-brasileira e Psicologia Anal\u00edtica; T\u00c9CNICAS QUE UTILIZO: ODUZ, APRENDIZADOS DO CAMINHO; APOMETRIA; LEITURA DE REGISTROS AK\u00c1SHICOS; C\u00cdRCULO SIST\u00caMICO DA VIDA; RADIESTESIA; REIKI USUI; PSICOSSOM\u00c1TICA; GEOBIOLOGIA ESPIRITUAL;","url":"https:\/\/benditoser.com.br\/en\/author\/paulo\/"}]}},"publishpress_future_action":{"enabled":false,"date":"2026-09-07 22:54:11","action":"change-status","newStatus":"draft","terms":[],"taxonomy":"category","extraData":[]},"publishpress_future_workflow_manual_trigger":{"enabledWorkflows":[]},"_links":{"self":[{"href":"https:\/\/benditoser.com.br\/en\/wp-json\/wp\/v2\/posts\/1399","targetHints":{"allow":["GET"]}}],"collection":[{"href":"https:\/\/benditoser.com.br\/en\/wp-json\/wp\/v2\/posts"}],"about":[{"href":"https:\/\/benditoser.com.br\/en\/wp-json\/wp\/v2\/types\/post"}],"author":[{"embeddable":true,"href":"https:\/\/benditoser.com.br\/en\/wp-json\/wp\/v2\/users\/2"}],"replies":[{"embeddable":true,"href":"https:\/\/benditoser.com.br\/en\/wp-json\/wp\/v2\/comments?post=1399"}],"version-history":[{"count":8,"href":"https:\/\/benditoser.com.br\/en\/wp-json\/wp\/v2\/posts\/1399\/revisions"}],"predecessor-version":[{"id":1874,"href":"https:\/\/benditoser.com.br\/en\/wp-json\/wp\/v2\/posts\/1399\/revisions\/1874"}],"wp:featuredmedia":[{"embeddable":true,"href":"https:\/\/benditoser.com.br\/en\/wp-json\/wp\/v2\/media\/1406"}],"wp:attachment":[{"href":"https:\/\/benditoser.com.br\/en\/wp-json\/wp\/v2\/media?parent=1399"}],"wp:term":[{"taxonomy":"category","embeddable":true,"href":"https:\/\/benditoser.com.br\/en\/wp-json\/wp\/v2\/categories?post=1399"},{"taxonomy":"post_tag","embeddable":true,"href":"https:\/\/benditoser.com.br\/en\/wp-json\/wp\/v2\/tags?post=1399"}],"curies":[{"name":"wp","href":"https:\/\/api.w.org\/{rel}","templated":true}]}}