{"id":14011,"date":"2025-09-30T17:00:47","date_gmt":"2025-09-30T20:00:47","guid":{"rendered":"https:\/\/benditoser.com.br\/?p=14011"},"modified":"2025-09-30T06:13:29","modified_gmt":"2025-09-30T09:13:29","slug":"depressao-de-outras-vidas","status":"publish","type":"post","link":"https:\/\/benditoser.com.br\/en\/depressao-de-outras-vidas\/","title":{"rendered":"Por que sua depress\u00e3o pode ter origem em outras vidas?"},"content":{"rendered":"<p data-start=\"653\" data-end=\"868\">Voc\u00ea j\u00e1 se sentiu triste, vazio ou em ang\u00fastia sem motivo aparente? Muitas vezes, essa dor n\u00e3o come\u00e7a no agora. Ela pode estar ligada a <strong data-start=\"789\" data-end=\"817\">mem\u00f3rias de outras vidas<\/strong> ou a <strong data-start=\"823\" data-end=\"865\">padr\u00f5es herdados da sua ancestralidade<\/strong>.<\/p>\n<p data-start=\"870\" data-end=\"1209\">Tudo o que vivemos \u2014 nesta ou em outras encarna\u00e7\u00f5es \u2014 deixa marcas no nosso campo mental e emocional. Experi\u00eancias de dor, perdas, escolhas de sobreviv\u00eancia e at\u00e9 pactos feitos em outros tempos podem se transformar em <strong data-start=\"1088\" data-end=\"1118\">programa\u00e7\u00f5es inconscientes<\/strong>, que continuam influenciando como voc\u00ea se relaciona consigo, com os outros e com a vida.<\/p>\n<h3 data-start=\"1211\" data-end=\"1251\">O peso dos automatismos emocionais<\/h3>\n<p data-start=\"1252\" data-end=\"1505\">Essas mem\u00f3rias atuam como <strong data-start=\"1278\" data-end=\"1308\">verdades pr\u00e9-estabelecidas<\/strong>. Assim como aprender que o fogo queima nos impede de tocar nele outra vez, experi\u00eancias de sofrimento ensinam nossa mente a evitar certos riscos, ainda que \u00e0s custas da alegria ou autenticidade.<\/p>\n<p data-start=\"1507\" data-end=\"1695\">Na pr\u00e1tica, isso significa que, mesmo em situa\u00e7\u00f5es atuais, sua consci\u00eancia pode escolher abrir m\u00e3o do prazer, da verdade ou da liberdade, porque no passado isso garantiu a sobreviv\u00eancia.<\/p>\n<h3 data-start=\"1697\" data-end=\"1727\">A heran\u00e7a dos ancestrais<\/h3>\n<p data-start=\"1728\" data-end=\"1991\">Al\u00e9m das experi\u00eancias individuais, carregamos tamb\u00e9m padr\u00f5es transgeracionais.<br data-start=\"1806\" data-end=\"1809\" \/>Mem\u00f3rias de escassez, dores de abandono e lealdades familiares podem nos aprisionar em repeti\u00e7\u00f5es inconscientes: o desejo de ser aceito, de pertencer, de n\u00e3o ser exclu\u00eddo do \u201ccl\u00e3\u201d.<\/p>\n<p data-start=\"1993\" data-end=\"2100\">Essas heran\u00e7as moldam nossa forma de amar, de trabalhar, de criar v\u00ednculos e at\u00e9 de lidar com a tristeza.<\/p>\n<h3 data-start=\"2102\" data-end=\"2134\">E agora, como transformar?<\/h3>\n<p data-start=\"2135\" data-end=\"2344\">A chave est\u00e1 no <strong data-start=\"2151\" data-end=\"2188\">autoconhecimento e na consci\u00eancia<\/strong>. N\u00e3o se trata de olhar para vidas passadas apenas por curiosidade, mas sim de identificar os padr\u00f5es que sustentam sua tristeza e liberar esses v\u00ednculos.<\/p>\n<p data-start=\"2346\" data-end=\"2604\">Com o apoio de processos terap\u00eauticos s\u00e9rios \u2014 como a psican\u00e1lise, a apometria e a leitura dos Registros Ak\u00e1shicos \u2014 \u00e9 poss\u00edvel acessar essas mem\u00f3rias, compreender o que ainda influencia seu presente e <strong data-start=\"2548\" data-end=\"2601\">ressignificar dores que n\u00e3o pertencem mais a voc\u00ea<\/strong>.<\/p>\n<h4 data-start=\"2606\" data-end=\"2698\">Sua tristeza pode ter origem em outras vidas, mas sua transforma\u00e7\u00e3o come\u00e7a aqui e agora.<\/h4>\n<p data-start=\"2606\" data-end=\"2698\">Quer compreender melhor sua hist\u00f3ria e transformar esses padr\u00f5es? Entre em contato com o Benditoser Terapias e d\u00ea o primeiro passo no seu processo de cura.<\/p>","protected":false},"excerpt":{"rendered":"<p>Voc\u00ea j\u00e1 se sentiu triste, vazio ou em ang\u00fastia sem motivo aparente? Muitas vezes, essa dor n\u00e3o come\u00e7a no agora. Ela pode estar ligada a mem\u00f3rias de outras vidas ou a padr\u00f5es herdados da sua ancestralidade. Tudo o que vivemos \u2014 nesta ou em outras [&hellip;]<\/p>\n","protected":false},"author":2,"featured_media":14012,"comment_status":"open","ping_status":"open","sticky":false,"template":"","format":"standard","meta":{"om_disable_all_campaigns":false,"_monsterinsights_skip_tracking":false,"_uf_show_specific_survey":0,"_uf_disable_surveys":false,"footnotes":""},"categories":[234,112],"tags":[243,36,244,245],"class_list":["post-14011","post","type-post","status-publish","format-standard","has-post-thumbnail","hentry","category-despertar-de-consciencia","category-terapia-espiritual","tag-depressao","tag-terapia-espiritual","tag-terapia-para-depressao","tag-tristeza-sem-motivo"],"yoast_head":"<!-- This site is optimized with the Yoast SEO plugin v28.3 - https:\/\/yoast.com\/product\/yoast-seo-wordpress\/ -->\n<title>Por que sua depress\u00e3o pode ter origem em outras vidas? - Benditoser<\/title>\n<meta name=\"description\" content=\"Sua depress\u00e3o pode n\u00e3o vir s\u00f3 do presente. Descubra como mem\u00f3rias de outras vidas e padr\u00f5es ancestrais influenciam emo\u00e7\u00f5es e relacionamentos.\" \/>\n<meta name=\"robots\" content=\"index, follow, max-snippet:-1, max-image-preview:large, max-video-preview:-1\" \/>\n<link rel=\"canonical\" href=\"https:\/\/benditoser.com.br\/en\/depressao-de-outras-vidas\/\" \/>\n<meta property=\"og:locale\" content=\"en_US\" \/>\n<meta property=\"og:type\" content=\"article\" \/>\n<meta property=\"og:title\" content=\"Por que sua depress\u00e3o pode ter origem em outras vidas? - Benditoser\" \/>\n<meta property=\"og:description\" content=\"Sua depress\u00e3o pode n\u00e3o vir s\u00f3 do presente. Descubra como mem\u00f3rias de outras vidas e padr\u00f5es ancestrais influenciam emo\u00e7\u00f5es e relacionamentos.\" \/>\n<meta property=\"og:url\" content=\"https:\/\/benditoser.com.br\/en\/depressao-de-outras-vidas\/\" \/>\n<meta property=\"og:site_name\" content=\"Benditoser\" \/>\n<meta property=\"article:publisher\" content=\"https:\/\/www.facebook.com\/benditoser.com.br\" \/>\n<meta property=\"article:published_time\" content=\"2025-09-30T20:00:47+00:00\" \/>\n<meta property=\"og:image\" content=\"https:\/\/benditoser.com.br\/wp-content\/uploads\/2025\/09\/sua-depressao-pode-ter-origem-em-outras-vidas.jpeg\" \/>\n\t<meta property=\"og:image:width\" content=\"800\" \/>\n\t<meta property=\"og:image:height\" content=\"419\" \/>\n\t<meta property=\"og:image:type\" content=\"image\/jpeg\" \/>\n<meta name=\"author\" content=\"Paulo Vasconcelos\" \/>\n<meta name=\"twitter:card\" content=\"summary_large_image\" \/>\n<meta name=\"twitter:label1\" content=\"Written by\" \/>\n\t<meta name=\"twitter:data1\" content=\"Paulo Vasconcelos\" \/>\n\t<meta name=\"twitter:label2\" content=\"Est. reading time\" \/>\n\t<meta name=\"twitter:data2\" content=\"3 minutes\" \/>\n<script type=\"application\/ld+json\" class=\"yoast-schema-graph\">{\"@context\":\"https:\\\/\\\/schema.org\",\"@graph\":[{\"@type\":\"Article\",\"@id\":\"https:\\\/\\\/benditoser.com.br\\\/depressao-de-outras-vidas\\\/#article\",\"isPartOf\":{\"@id\":\"https:\\\/\\\/benditoser.com.br\\\/depressao-de-outras-vidas\\\/\"},\"author\":{\"name\":\"Paulo Vasconcelos\",\"@id\":\"https:\\\/\\\/benditoser.com.br\\\/#\\\/schema\\\/person\\\/1b910a9b2b037ddc492a3b2e8dc4adb2\"},\"headline\":\"Por que sua depress\u00e3o pode ter origem em outras vidas?\",\"datePublished\":\"2025-09-30T20:00:47+00:00\",\"mainEntityOfPage\":{\"@id\":\"https:\\\/\\\/benditoser.com.br\\\/depressao-de-outras-vidas\\\/\"},\"wordCount\":389,\"commentCount\":0,\"publisher\":{\"@id\":\"https:\\\/\\\/benditoser.com.br\\\/#organization\"},\"image\":{\"@id\":\"https:\\\/\\\/benditoser.com.br\\\/depressao-de-outras-vidas\\\/#primaryimage\"},\"thumbnailUrl\":\"https:\\\/\\\/benditoser.com.br\\\/wp-content\\\/uploads\\\/2025\\\/09\\\/sua-depressao-pode-ter-origem-em-outras-vidas.jpeg\",\"keywords\":[\"Depress\u00e3o\",\"Terapia Espiritual\",\"Terapia para Depress\u00e3o\",\"Tristeza sem Motivo\"],\"articleSection\":[\"Despertar de Consci\u00eancia\",\"Terapia Espiritual\"],\"inLanguage\":\"en-US\",\"potentialAction\":[{\"@type\":\"CommentAction\",\"name\":\"Comment\",\"target\":[\"https:\\\/\\\/benditoser.com.br\\\/depressao-de-outras-vidas\\\/#respond\"]}]},{\"@type\":\"WebPage\",\"@id\":\"https:\\\/\\\/benditoser.com.br\\\/depressao-de-outras-vidas\\\/\",\"url\":\"https:\\\/\\\/benditoser.com.br\\\/depressao-de-outras-vidas\\\/\",\"name\":\"Por que sua depress\u00e3o pode ter origem em outras vidas? - Benditoser\",\"isPartOf\":{\"@id\":\"https:\\\/\\\/benditoser.com.br\\\/#website\"},\"primaryImageOfPage\":{\"@id\":\"https:\\\/\\\/benditoser.com.br\\\/depressao-de-outras-vidas\\\/#primaryimage\"},\"image\":{\"@id\":\"https:\\\/\\\/benditoser.com.br\\\/depressao-de-outras-vidas\\\/#primaryimage\"},\"thumbnailUrl\":\"https:\\\/\\\/benditoser.com.br\\\/wp-content\\\/uploads\\\/2025\\\/09\\\/sua-depressao-pode-ter-origem-em-outras-vidas.jpeg\",\"datePublished\":\"2025-09-30T20:00:47+00:00\",\"description\":\"Sua depress\u00e3o pode n\u00e3o vir s\u00f3 do presente. Descubra como mem\u00f3rias de outras vidas e padr\u00f5es ancestrais influenciam emo\u00e7\u00f5es e relacionamentos.\",\"breadcrumb\":{\"@id\":\"https:\\\/\\\/benditoser.com.br\\\/depressao-de-outras-vidas\\\/#breadcrumb\"},\"inLanguage\":\"en-US\",\"potentialAction\":[{\"@type\":\"ReadAction\",\"target\":[\"https:\\\/\\\/benditoser.com.br\\\/depressao-de-outras-vidas\\\/\"]}]},{\"@type\":\"ImageObject\",\"inLanguage\":\"en-US\",\"@id\":\"https:\\\/\\\/benditoser.com.br\\\/depressao-de-outras-vidas\\\/#primaryimage\",\"url\":\"https:\\\/\\\/benditoser.com.br\\\/wp-content\\\/uploads\\\/2025\\\/09\\\/sua-depressao-pode-ter-origem-em-outras-vidas.jpeg\",\"contentUrl\":\"https:\\\/\\\/benditoser.com.br\\\/wp-content\\\/uploads\\\/2025\\\/09\\\/sua-depressao-pode-ter-origem-em-outras-vidas.jpeg\",\"width\":800,\"height\":419},{\"@type\":\"BreadcrumbList\",\"@id\":\"https:\\\/\\\/benditoser.com.br\\\/depressao-de-outras-vidas\\\/#breadcrumb\",\"itemListElement\":[{\"@type\":\"ListItem\",\"position\":1,\"name\":\"In\u00edcio\",\"item\":\"https:\\\/\\\/benditoser.com.br\\\/\"},{\"@type\":\"ListItem\",\"position\":2,\"name\":\"Por que sua depress\u00e3o pode ter origem em outras vidas?\"}]},{\"@type\":\"WebSite\",\"@id\":\"https:\\\/\\\/benditoser.com.br\\\/#website\",\"url\":\"https:\\\/\\\/benditoser.com.br\\\/\",\"name\":\"Benditoser\",\"description\":\"Terapias\",\"publisher\":{\"@id\":\"https:\\\/\\\/benditoser.com.br\\\/#organization\"},\"potentialAction\":[{\"@type\":\"SearchAction\",\"target\":{\"@type\":\"EntryPoint\",\"urlTemplate\":\"https:\\\/\\\/benditoser.com.br\\\/?s={search_term_string}\"},\"query-input\":{\"@type\":\"PropertyValueSpecification\",\"valueRequired\":true,\"valueName\":\"search_term_string\"}}],\"inLanguage\":\"en-US\"},{\"@type\":\"Organization\",\"@id\":\"https:\\\/\\\/benditoser.com.br\\\/#organization\",\"name\":\"Benditoser\",\"url\":\"https:\\\/\\\/benditoser.com.br\\\/\",\"logo\":{\"@type\":\"ImageObject\",\"inLanguage\":\"en-US\",\"@id\":\"https:\\\/\\\/benditoser.com.br\\\/#\\\/schema\\\/logo\\\/image\\\/\",\"url\":\"https:\\\/\\\/benditoser.com.br\\\/wp-content\\\/uploads\\\/2025\\\/05\\\/cropped-logo-bendito-ser-site.png\",\"contentUrl\":\"https:\\\/\\\/benditoser.com.br\\\/wp-content\\\/uploads\\\/2025\\\/05\\\/cropped-logo-bendito-ser-site.png\",\"width\":220,\"height\":44,\"caption\":\"Benditoser\"},\"image\":{\"@id\":\"https:\\\/\\\/benditoser.com.br\\\/#\\\/schema\\\/logo\\\/image\\\/\"},\"sameAs\":[\"https:\\\/\\\/www.facebook.com\\\/benditoser.com.br\",\"https:\\\/\\\/www.instagram.com\\\/benditoser.com.br\\\/\"]},{\"@type\":\"Person\",\"@id\":\"https:\\\/\\\/benditoser.com.br\\\/#\\\/schema\\\/person\\\/1b910a9b2b037ddc492a3b2e8dc4adb2\",\"name\":\"Paulo Vasconcelos\",\"image\":{\"@type\":\"ImageObject\",\"inLanguage\":\"en-US\",\"@id\":\"https:\\\/\\\/secure.gravatar.com\\\/avatar\\\/34be8b8f301baee1d34ae5e8fc205d12bdfd859131ea8f1ea4a232bd06e2286f?s=96&d=mm&r=g\",\"url\":\"https:\\\/\\\/secure.gravatar.com\\\/avatar\\\/34be8b8f301baee1d34ae5e8fc205d12bdfd859131ea8f1ea4a232bd06e2286f?s=96&d=mm&r=g\",\"contentUrl\":\"https:\\\/\\\/secure.gravatar.com\\\/avatar\\\/34be8b8f301baee1d34ae5e8fc205d12bdfd859131ea8f1ea4a232bd06e2286f?s=96&d=mm&r=g\",\"caption\":\"Paulo Vasconcelos\"},\"description\":\"Superior em Pr\u00e1ticas Integrativas e Complementares e p\u00f3s-graduando em psican\u00e1lise cl\u00ednica, atuando no universo das terapias hol\u00edsticas e integrativas. GEM, Grupo de Estudos e Trabalho Medi\u00fanico; Apometria \u2013 terapeuta, dirigente de grupo e facilitador; CNV \u2013 Comunica\u00e7\u00e3o N\u00e3o-Violenta; Teologia de Umbanda; Mitologia Afro-brasileira e Psicologia Anal\u00edtica; T\u00c9CNICAS QUE UTILIZO: ODUZ, APRENDIZADOS DO CAMINHO; APOMETRIA; LEITURA DE REGISTROS AK\u00c1SHICOS; C\u00cdRCULO SIST\u00caMICO DA VIDA; RADIESTESIA; REIKI USUI; PSICOSSOM\u00c1TICA; GEOBIOLOGIA ESPIRITUAL;\",\"url\":\"https:\\\/\\\/benditoser.com.br\\\/en\\\/author\\\/paulo\\\/\"}]}<\/script>\n<!-- \/ Yoast SEO plugin. -->","yoast_head_json":{"title":"Por que sua depress\u00e3o pode ter origem em outras vidas? - Benditoser","description":"Sua depress\u00e3o pode n\u00e3o vir s\u00f3 do presente. Descubra como mem\u00f3rias de outras vidas e padr\u00f5es ancestrais influenciam emo\u00e7\u00f5es e relacionamentos.","robots":{"index":"index","follow":"follow","max-snippet":"max-snippet:-1","max-image-preview":"max-image-preview:large","max-video-preview":"max-video-preview:-1"},"canonical":"https:\/\/benditoser.com.br\/en\/depressao-de-outras-vidas\/","og_locale":"en_US","og_type":"article","og_title":"Por que sua depress\u00e3o pode ter origem em outras vidas? - Benditoser","og_description":"Sua depress\u00e3o pode n\u00e3o vir s\u00f3 do presente. Descubra como mem\u00f3rias de outras vidas e padr\u00f5es ancestrais influenciam emo\u00e7\u00f5es e relacionamentos.","og_url":"https:\/\/benditoser.com.br\/en\/depressao-de-outras-vidas\/","og_site_name":"Benditoser","article_publisher":"https:\/\/www.facebook.com\/benditoser.com.br","article_published_time":"2025-09-30T20:00:47+00:00","og_image":[{"width":800,"height":419,"url":"https:\/\/benditoser.com.br\/wp-content\/uploads\/2025\/09\/sua-depressao-pode-ter-origem-em-outras-vidas.jpeg","type":"image\/jpeg"}],"author":"Paulo Vasconcelos","twitter_card":"summary_large_image","twitter_misc":{"Written by":"Paulo Vasconcelos","Est. reading time":"3 minutes"},"schema":{"@context":"https:\/\/schema.org","@graph":[{"@type":"Article","@id":"https:\/\/benditoser.com.br\/depressao-de-outras-vidas\/#article","isPartOf":{"@id":"https:\/\/benditoser.com.br\/depressao-de-outras-vidas\/"},"author":{"name":"Paulo Vasconcelos","@id":"https:\/\/benditoser.com.br\/#\/schema\/person\/1b910a9b2b037ddc492a3b2e8dc4adb2"},"headline":"Por que sua depress\u00e3o pode ter origem em outras vidas?","datePublished":"2025-09-30T20:00:47+00:00","mainEntityOfPage":{"@id":"https:\/\/benditoser.com.br\/depressao-de-outras-vidas\/"},"wordCount":389,"commentCount":0,"publisher":{"@id":"https:\/\/benditoser.com.br\/#organization"},"image":{"@id":"https:\/\/benditoser.com.br\/depressao-de-outras-vidas\/#primaryimage"},"thumbnailUrl":"https:\/\/benditoser.com.br\/wp-content\/uploads\/2025\/09\/sua-depressao-pode-ter-origem-em-outras-vidas.jpeg","keywords":["Depress\u00e3o","Terapia Espiritual","Terapia para Depress\u00e3o","Tristeza sem Motivo"],"articleSection":["Despertar de Consci\u00eancia","Terapia Espiritual"],"inLanguage":"en-US","potentialAction":[{"@type":"CommentAction","name":"Comment","target":["https:\/\/benditoser.com.br\/depressao-de-outras-vidas\/#respond"]}]},{"@type":"WebPage","@id":"https:\/\/benditoser.com.br\/depressao-de-outras-vidas\/","url":"https:\/\/benditoser.com.br\/depressao-de-outras-vidas\/","name":"Por que sua depress\u00e3o pode ter origem em outras vidas? - Benditoser","isPartOf":{"@id":"https:\/\/benditoser.com.br\/#website"},"primaryImageOfPage":{"@id":"https:\/\/benditoser.com.br\/depressao-de-outras-vidas\/#primaryimage"},"image":{"@id":"https:\/\/benditoser.com.br\/depressao-de-outras-vidas\/#primaryimage"},"thumbnailUrl":"https:\/\/benditoser.com.br\/wp-content\/uploads\/2025\/09\/sua-depressao-pode-ter-origem-em-outras-vidas.jpeg","datePublished":"2025-09-30T20:00:47+00:00","description":"Sua depress\u00e3o pode n\u00e3o vir s\u00f3 do presente. Descubra como mem\u00f3rias de outras vidas e padr\u00f5es ancestrais influenciam emo\u00e7\u00f5es e relacionamentos.","breadcrumb":{"@id":"https:\/\/benditoser.com.br\/depressao-de-outras-vidas\/#breadcrumb"},"inLanguage":"en-US","potentialAction":[{"@type":"ReadAction","target":["https:\/\/benditoser.com.br\/depressao-de-outras-vidas\/"]}]},{"@type":"ImageObject","inLanguage":"en-US","@id":"https:\/\/benditoser.com.br\/depressao-de-outras-vidas\/#primaryimage","url":"https:\/\/benditoser.com.br\/wp-content\/uploads\/2025\/09\/sua-depressao-pode-ter-origem-em-outras-vidas.jpeg","contentUrl":"https:\/\/benditoser.com.br\/wp-content\/uploads\/2025\/09\/sua-depressao-pode-ter-origem-em-outras-vidas.jpeg","width":800,"height":419},{"@type":"BreadcrumbList","@id":"https:\/\/benditoser.com.br\/depressao-de-outras-vidas\/#breadcrumb","itemListElement":[{"@type":"ListItem","position":1,"name":"In\u00edcio","item":"https:\/\/benditoser.com.br\/"},{"@type":"ListItem","position":2,"name":"Por que sua depress\u00e3o pode ter origem em outras vidas?"}]},{"@type":"WebSite","@id":"https:\/\/benditoser.com.br\/#website","url":"https:\/\/benditoser.com.br\/","name":"Benditoser","description":"Terapias","publisher":{"@id":"https:\/\/benditoser.com.br\/#organization"},"potentialAction":[{"@type":"SearchAction","target":{"@type":"EntryPoint","urlTemplate":"https:\/\/benditoser.com.br\/?s={search_term_string}"},"query-input":{"@type":"PropertyValueSpecification","valueRequired":true,"valueName":"search_term_string"}}],"inLanguage":"en-US"},{"@type":"Organization","@id":"https:\/\/benditoser.com.br\/#organization","name":"Benditoser","url":"https:\/\/benditoser.com.br\/","logo":{"@type":"ImageObject","inLanguage":"en-US","@id":"https:\/\/benditoser.com.br\/#\/schema\/logo\/image\/","url":"https:\/\/benditoser.com.br\/wp-content\/uploads\/2025\/05\/cropped-logo-bendito-ser-site.png","contentUrl":"https:\/\/benditoser.com.br\/wp-content\/uploads\/2025\/05\/cropped-logo-bendito-ser-site.png","width":220,"height":44,"caption":"Benditoser"},"image":{"@id":"https:\/\/benditoser.com.br\/#\/schema\/logo\/image\/"},"sameAs":["https:\/\/www.facebook.com\/benditoser.com.br","https:\/\/www.instagram.com\/benditoser.com.br\/"]},{"@type":"Person","@id":"https:\/\/benditoser.com.br\/#\/schema\/person\/1b910a9b2b037ddc492a3b2e8dc4adb2","name":"Paulo Vasconcelos","image":{"@type":"ImageObject","inLanguage":"en-US","@id":"https:\/\/secure.gravatar.com\/avatar\/34be8b8f301baee1d34ae5e8fc205d12bdfd859131ea8f1ea4a232bd06e2286f?s=96&d=mm&r=g","url":"https:\/\/secure.gravatar.com\/avatar\/34be8b8f301baee1d34ae5e8fc205d12bdfd859131ea8f1ea4a232bd06e2286f?s=96&d=mm&r=g","contentUrl":"https:\/\/secure.gravatar.com\/avatar\/34be8b8f301baee1d34ae5e8fc205d12bdfd859131ea8f1ea4a232bd06e2286f?s=96&d=mm&r=g","caption":"Paulo Vasconcelos"},"description":"Superior em Pr\u00e1ticas Integrativas e Complementares e p\u00f3s-graduando em psican\u00e1lise cl\u00ednica, atuando no universo das terapias hol\u00edsticas e integrativas. GEM, Grupo de Estudos e Trabalho Medi\u00fanico; Apometria \u2013 terapeuta, dirigente de grupo e facilitador; CNV \u2013 Comunica\u00e7\u00e3o N\u00e3o-Violenta; Teologia de Umbanda; Mitologia Afro-brasileira e Psicologia Anal\u00edtica; T\u00c9CNICAS QUE UTILIZO: ODUZ, APRENDIZADOS DO CAMINHO; APOMETRIA; LEITURA DE REGISTROS AK\u00c1SHICOS; C\u00cdRCULO SIST\u00caMICO DA VIDA; RADIESTESIA; REIKI USUI; PSICOSSOM\u00c1TICA; GEOBIOLOGIA ESPIRITUAL;","url":"https:\/\/benditoser.com.br\/en\/author\/paulo\/"}]}},"publishpress_future_action":{"enabled":false,"date":"2026-09-07 22:54:40","action":"change-status","newStatus":"draft","terms":[],"taxonomy":"category","extraData":[]},"publishpress_future_workflow_manual_trigger":{"enabledWorkflows":[]},"_links":{"self":[{"href":"https:\/\/benditoser.com.br\/en\/wp-json\/wp\/v2\/posts\/14011","targetHints":{"allow":["GET"]}}],"collection":[{"href":"https:\/\/benditoser.com.br\/en\/wp-json\/wp\/v2\/posts"}],"about":[{"href":"https:\/\/benditoser.com.br\/en\/wp-json\/wp\/v2\/types\/post"}],"author":[{"embeddable":true,"href":"https:\/\/benditoser.com.br\/en\/wp-json\/wp\/v2\/users\/2"}],"replies":[{"embeddable":true,"href":"https:\/\/benditoser.com.br\/en\/wp-json\/wp\/v2\/comments?post=14011"}],"version-history":[{"count":3,"href":"https:\/\/benditoser.com.br\/en\/wp-json\/wp\/v2\/posts\/14011\/revisions"}],"predecessor-version":[{"id":14014,"href":"https:\/\/benditoser.com.br\/en\/wp-json\/wp\/v2\/posts\/14011\/revisions\/14014"}],"wp:featuredmedia":[{"embeddable":true,"href":"https:\/\/benditoser.com.br\/en\/wp-json\/wp\/v2\/media\/14012"}],"wp:attachment":[{"href":"https:\/\/benditoser.com.br\/en\/wp-json\/wp\/v2\/media?parent=14011"}],"wp:term":[{"taxonomy":"category","embeddable":true,"href":"https:\/\/benditoser.com.br\/en\/wp-json\/wp\/v2\/categories?post=14011"},{"taxonomy":"post_tag","embeddable":true,"href":"https:\/\/benditoser.com.br\/en\/wp-json\/wp\/v2\/tags?post=14011"}],"curies":[{"name":"wp","href":"https:\/\/api.w.org\/{rel}","templated":true}]}}