{"id":14477,"date":"2025-11-14T19:20:57","date_gmt":"2025-11-14T22:20:57","guid":{"rendered":"https:\/\/benditoser.com.br\/?p=14477"},"modified":"2025-11-15T13:57:18","modified_gmt":"2025-11-15T16:57:18","slug":"o-preco-do-entorpecimento-quando-sentir-virou-doenca","status":"publish","type":"post","link":"https:\/\/benditoser.com.br\/en\/o-preco-do-entorpecimento-quando-sentir-virou-doenca\/","title":{"rendered":"O pre\u00e7o do entorpecimento: quando sentir virou doen\u00e7a"},"content":{"rendered":"<p>Sobre o entorpecimento emocional e o uso excessivo de medicamentos psiqui\u00e1tricos em adolescentes. Tempo de leitura: 4min.<\/p>\n<p data-start=\"144\" data-end=\"510\">Nos \u00faltimos tempos, tenho refletido com certa inquieta\u00e7\u00e3o sobre um fen\u00f4meno que se torna cada vez mais vis\u00edvel: o uso excessivo de medicamentos psiqui\u00e1tricos entre adolescentes, especialmente entre 14 e 17 anos. Em uma conversa recente, mencionei um v\u00eddeo de jovens m\u00fasicos onde todos relataram tomar, no m\u00ednimo, duas medica\u00e7\u00f5es di\u00e1rias \u2014 alguns chegavam a quatro.<\/p>\n<p data-start=\"512\" data-end=\"661\">Essa cena me atravessou. Fiquei me perguntando: <strong data-start=\"560\" data-end=\"659\">como chegamos a um ponto em que tantos jovens precisam ser medicados para simplesmente existir?<\/strong><\/p>\n<p data-start=\"663\" data-end=\"1063\">Embora conflitos existenciais e fam\u00edlias desestruturadas n\u00e3o sejam novidades, o que assusta \u00e9 a depend\u00eancia crescente da ind\u00fastria farmac\u00eautica para que possamos funcionar minimamente. Essa depend\u00eancia vai al\u00e9m do corpo \u2014 ela \u00e9 simb\u00f3lica. <strong data-start=\"902\" data-end=\"1061\">Revela uma sociedade que perdeu o espa\u00e7o da autorreflex\u00e3o, substituindo o sentir pela medica\u00e7\u00e3o e o sil\u00eancio interior pela busca desesperada de se ajustar.<\/strong><\/p>\n<h3 data-start=\"1070\" data-end=\"1129\"><strong data-start=\"1075\" data-end=\"1129\">Vivemos ref\u00e9ns da velocidade e do ajuste constante<\/strong><\/h3>\n<p data-start=\"1131\" data-end=\"1395\">A vida contempor\u00e2nea \u00e9 um frenesi. A cada dia, novas regras, padr\u00f5es e refer\u00eancias s\u00e3o impostos por influenciadores, m\u00eddias e discursos de performance. Tudo muda r\u00e1pido demais, e esse ritmo insano impede a pausa necess\u00e1ria para que possamos ouvir o que sentimos.<\/p>\n<p data-start=\"1397\" data-end=\"1623\">O resultado \u00e9 um entorpecimento generalizado: o sentir \u2014 especialmente o sentir dor \u2014 se torna um erro a ser corrigido. E o que n\u00e3o \u00e9 sentido, n\u00e3o \u00e9 compreendido. O que n\u00e3o \u00e9 compreendido, se repete. O que se repete, adoece.<\/p>\n<p data-start=\"1625\" data-end=\"1891\">Tenho visto o sofrimento dos jovens se intensificar justamente porque n\u00e3o encontram mais espa\u00e7o para elaborar a pr\u00f3pria dor. O corpo, ent\u00e3o, come\u00e7a a gritar o que a alma n\u00e3o consegue expressar \u2014 em forma de crises, mutila\u00e7\u00f5es e tentativas de silenciamento qu\u00edmico.<\/p>\n<h3 data-start=\"1898\" data-end=\"1949\"><strong data-start=\"1903\" data-end=\"1949\">Do sacrif\u00edcio silencioso \u00e0 dor escancarada<\/strong><\/h3>\n<p data-start=\"1951\" data-end=\"2166\">Nas gera\u00e7\u00f5es anteriores, o sofrimento se escondia sob o manto do dever. Era o \u201csuic\u00eddio lento\u201d dos que se anulavam para cumprir pap\u00e9is sociais e religiosos, sustentados pela cren\u00e7a de que o sacrif\u00edcio era virtude.<\/p>\n<p data-start=\"2168\" data-end=\"2422\">Hoje, o movimento \u00e9 outro, mas a ess\u00eancia \u00e9 a mesma. Vivemos uma anula\u00e7\u00e3o acelerada \u2014 <strong data-start=\"2254\" data-end=\"2276\">um suic\u00eddio r\u00e1pido<\/strong>, expresso na dor que n\u00e3o cabe mais ser contida. A diferen\u00e7a \u00e9 que agora o sofrimento se tornou vis\u00edvel, gritado, muitas vezes no pr\u00f3prio corpo.<\/p>\n<p data-start=\"2424\" data-end=\"2535\">Enquanto antes se morria aos poucos para agradar o mundo, agora muitos se ferem para tentar sobreviver a ele.<\/p>\n<h3 data-start=\"2542\" data-end=\"2585\"><strong data-start=\"2547\" data-end=\"2585\">O cancelamento e o medo de existir<\/strong><\/h3>\n<p data-start=\"2587\" data-end=\"2769\">H\u00e1 algumas d\u00e9cadas, quem ousava ser diferente era julgado por sua apar\u00eancia, por uma roupa, uma tatuagem ou um corte de cabelo. Hoje, o julgamento \u00e9 virtual, coletivo e implac\u00e1vel.<\/p>\n<p data-start=\"2771\" data-end=\"2994\">A cultura do cancelamento tornou-se uma nova forma de repress\u00e3o: quem n\u00e3o se encaixa \u00e9 expulso, silenciado ou ridicularizado. E diante desse medo de rejei\u00e7\u00e3o, muitos jovens preferem se calar, se adaptar, apagar o que s\u00e3o.<\/p>\n<p data-start=\"2996\" data-end=\"3248\">Percebo, em muitas falas, esse movimento de autossabotagem: a tentativa inconsciente de \u201cmatar\u201d dentro de si a parte viva, pulsante e verdadeira \u2014 s\u00f3 para pertencer. Mas o pre\u00e7o da aceita\u00e7\u00e3o social tem sido, cada vez mais, <strong data-start=\"3219\" data-end=\"3248\">a perda da autenticidade.<\/strong><\/p>\n<h3 data-start=\"3255\" data-end=\"3293\"><strong data-start=\"3260\" data-end=\"3293\">O risco da anestesia coletiva<\/strong><\/h3>\n<p data-start=\"3295\" data-end=\"3534\">Gosto de pensar que os medicamentos psiqui\u00e1tricos, quando bem indicados e acompanhados, s\u00e3o ferramentas importantes. Mas o que me preocupa \u00e9 o uso banalizado, autom\u00e1tico \u2014 como se a solu\u00e7\u00e3o para o desconforto humano fosse apenas qu\u00edmica.<\/p>\n<p data-start=\"3536\" data-end=\"3646\">E me pergunto: <strong data-start=\"3551\" data-end=\"3644\">o que acontece com a sensibilidade e com as emo\u00e7\u00f5es quando passamos a viver anestesiados?<\/strong><\/p>\n<p data-start=\"3648\" data-end=\"3917\">Se desligamos os sentidos para suportar o mundo, o que resta de humano em n\u00f3s? Quando tudo o que sentimos \u00e9 tratado como patologia, perdemos o contato com a sabedoria natural da dor \u2014 aquela que nos guia, que nos mostra o que precisa ser visto, curado e transformado.<\/p>\n<h3 data-start=\"3924\" data-end=\"3963\"><strong data-start=\"3929\" data-end=\"3963\">Sentir \u00e9 um ato de resist\u00eancia<\/strong><\/h3>\n<p data-start=\"3965\" data-end=\"4178\">O que proponho \u00e9 uma reflex\u00e3o \u2014 e, mais do que isso, um resgate.<br data-start=\"4029\" data-end=\"4032\" \/>Precisamos reaprender a sentir, a acolher o desconforto, a reconhecer a dor sem transform\u00e1-la em inimiga. Sentir \u00e9, hoje, um ato de resist\u00eancia.<\/p>\n<p data-start=\"4180\" data-end=\"4447\">Nas pr\u00f3ximas partilhas, quero aprofundar essa conversa sobre <strong data-start=\"4241\" data-end=\"4302\">como nos tornamos uma sociedade emocionalmente amortecida<\/strong>, em que \u00e9 quase proibido sentir, doer e chorar \u2014 e sobre como o retorno \u00e0 sensibilidade pode ser o caminho de cura mais profundo e libertador.<\/p>\n<p data-start=\"4449\" data-end=\"4554\">Porque talvez o verdadeiro rem\u00e9dio n\u00e3o esteja em calar a dor, mas em <strong data-start=\"4518\" data-end=\"4552\">escut\u00e1-la com amor e presen\u00e7a.<\/strong><\/p>\n<h6><strong data-start=\"4564\" data-end=\"4585\">Paulo Vasconcelos<\/strong><br data-start=\"4585\" data-end=\"4588\" \/>Terapeuta Psico-espiritual | Benditoser Terapias<\/h6>","protected":false},"excerpt":{"rendered":"<p>Sobre o entorpecimento emocional e o uso excessivo de medicamentos psiqui\u00e1tricos em adolescentes. Tempo de leitura: 4min. Nos \u00faltimos tempos, tenho refletido com certa inquieta\u00e7\u00e3o sobre um fen\u00f4meno que se torna cada vez mais vis\u00edvel: o uso excessivo de medicamentos psiqui\u00e1tricos entre adolescentes, especialmente entre [&hellip;]<\/p>\n","protected":false},"author":2,"featured_media":14481,"comment_status":"open","ping_status":"open","sticky":false,"template":"","format":"standard","meta":{"om_disable_all_campaigns":false,"_monsterinsights_skip_tracking":false,"_uf_show_specific_survey":0,"_uf_disable_surveys":false,"footnotes":""},"categories":[234,221],"tags":[257,253,254,252,258,250,259,251,255,256,77],"class_list":["post-14477","post","type-post","status-publish","format-standard","has-post-thumbnail","hentry","category-despertar-de-consciencia","category-tratamento-familiar","tag-adolescencia","tag-ansiedade","tag-autismo","tag-deptressao","tag-dores-emocionais","tag-psiquiatria","tag-remedios","tag-remedios-psiquiatricos","tag-tdah","tag-tea","tag-transtornos-emocionais"],"yoast_head":"<!-- This site is optimized with the Yoast SEO plugin v28.3 - https:\/\/yoast.com\/product\/yoast-seo-wordpress\/ -->\n<title>O pre\u00e7o do entorpecimento: quando sentir virou doen\u00e7a - Benditoser<\/title>\n<meta name=\"description\" content=\"Por que tantos jovens est\u00e3o medicados e emocionalmente entorpecidos? Uma reflex\u00e3o profunda sobre sofrimento, cancelamento e o risco da anestesia coletiva na vida moderna.\" \/>\n<meta name=\"robots\" content=\"index, follow, max-snippet:-1, max-image-preview:large, max-video-preview:-1\" \/>\n<link rel=\"canonical\" href=\"https:\/\/benditoser.com.br\/en\/o-preco-do-entorpecimento-quando-sentir-virou-doenca\/\" \/>\n<meta property=\"og:locale\" content=\"en_US\" \/>\n<meta property=\"og:type\" content=\"article\" \/>\n<meta property=\"og:title\" content=\"O pre\u00e7o do entorpecimento: quando sentir virou doen\u00e7a - Benditoser\" \/>\n<meta property=\"og:description\" content=\"Por que tantos jovens est\u00e3o medicados e emocionalmente entorpecidos? Uma reflex\u00e3o profunda sobre sofrimento, cancelamento e o risco da anestesia coletiva na vida moderna.\" \/>\n<meta property=\"og:url\" content=\"https:\/\/benditoser.com.br\/en\/o-preco-do-entorpecimento-quando-sentir-virou-doenca\/\" \/>\n<meta property=\"og:site_name\" content=\"Benditoser\" \/>\n<meta property=\"article:publisher\" content=\"https:\/\/www.facebook.com\/benditoser.com.br\" \/>\n<meta property=\"article:published_time\" content=\"2025-11-14T22:20:57+00:00\" \/>\n<meta property=\"article:modified_time\" content=\"2025-11-15T16:57:18+00:00\" \/>\n<meta property=\"og:image\" content=\"https:\/\/benditoser.com.br\/wp-content\/uploads\/2025\/11\/o-preco-do-entorpecimento-blog-terapia-holistica.jpeg\" \/>\n\t<meta property=\"og:image:width\" content=\"800\" \/>\n\t<meta property=\"og:image:height\" content=\"419\" \/>\n\t<meta property=\"og:image:type\" content=\"image\/jpeg\" \/>\n<meta name=\"author\" content=\"Paulo Vasconcelos\" \/>\n<meta name=\"twitter:card\" content=\"summary_large_image\" \/>\n<meta name=\"twitter:label1\" content=\"Written by\" \/>\n\t<meta name=\"twitter:data1\" content=\"Paulo Vasconcelos\" \/>\n\t<meta name=\"twitter:label2\" content=\"Est. reading time\" \/>\n\t<meta name=\"twitter:data2\" content=\"5 minutes\" \/>\n<script type=\"application\/ld+json\" class=\"yoast-schema-graph\">{\"@context\":\"https:\\\/\\\/schema.org\",\"@graph\":[{\"@type\":\"Article\",\"@id\":\"https:\\\/\\\/benditoser.com.br\\\/o-preco-do-entorpecimento-quando-sentir-virou-doenca\\\/#article\",\"isPartOf\":{\"@id\":\"https:\\\/\\\/benditoser.com.br\\\/o-preco-do-entorpecimento-quando-sentir-virou-doenca\\\/\"},\"author\":{\"name\":\"Paulo Vasconcelos\",\"@id\":\"https:\\\/\\\/benditoser.com.br\\\/#\\\/schema\\\/person\\\/1b910a9b2b037ddc492a3b2e8dc4adb2\"},\"headline\":\"O pre\u00e7o do entorpecimento: quando sentir virou doen\u00e7a\",\"datePublished\":\"2025-11-14T22:20:57+00:00\",\"dateModified\":\"2025-11-15T16:57:18+00:00\",\"mainEntityOfPage\":{\"@id\":\"https:\\\/\\\/benditoser.com.br\\\/o-preco-do-entorpecimento-quando-sentir-virou-doenca\\\/\"},\"wordCount\":781,\"commentCount\":0,\"publisher\":{\"@id\":\"https:\\\/\\\/benditoser.com.br\\\/#organization\"},\"image\":{\"@id\":\"https:\\\/\\\/benditoser.com.br\\\/o-preco-do-entorpecimento-quando-sentir-virou-doenca\\\/#primaryimage\"},\"thumbnailUrl\":\"https:\\\/\\\/benditoser.com.br\\\/wp-content\\\/uploads\\\/2025\\\/11\\\/o-preco-do-entorpecimento-blog-terapia-holistica.jpeg\",\"keywords\":[\"Adolesc\u00eancia\",\"Ansiedade\",\"Autismo\",\"Deptress\u00e3o\",\"Dores Emocionais\",\"Psiquiatria\",\"Rem\u00e9dios\",\"Rem\u00e9dios Psiqui\u00e1tricos\",\"TDAH\",\"Tea\",\"Transtornos Emocionais\"],\"articleSection\":[\"Despertar de Consci\u00eancia\",\"Tratamento Familiar\"],\"inLanguage\":\"en-US\",\"potentialAction\":[{\"@type\":\"CommentAction\",\"name\":\"Comment\",\"target\":[\"https:\\\/\\\/benditoser.com.br\\\/o-preco-do-entorpecimento-quando-sentir-virou-doenca\\\/#respond\"]}]},{\"@type\":\"WebPage\",\"@id\":\"https:\\\/\\\/benditoser.com.br\\\/o-preco-do-entorpecimento-quando-sentir-virou-doenca\\\/\",\"url\":\"https:\\\/\\\/benditoser.com.br\\\/o-preco-do-entorpecimento-quando-sentir-virou-doenca\\\/\",\"name\":\"O pre\u00e7o do entorpecimento: quando sentir virou doen\u00e7a - Benditoser\",\"isPartOf\":{\"@id\":\"https:\\\/\\\/benditoser.com.br\\\/#website\"},\"primaryImageOfPage\":{\"@id\":\"https:\\\/\\\/benditoser.com.br\\\/o-preco-do-entorpecimento-quando-sentir-virou-doenca\\\/#primaryimage\"},\"image\":{\"@id\":\"https:\\\/\\\/benditoser.com.br\\\/o-preco-do-entorpecimento-quando-sentir-virou-doenca\\\/#primaryimage\"},\"thumbnailUrl\":\"https:\\\/\\\/benditoser.com.br\\\/wp-content\\\/uploads\\\/2025\\\/11\\\/o-preco-do-entorpecimento-blog-terapia-holistica.jpeg\",\"datePublished\":\"2025-11-14T22:20:57+00:00\",\"dateModified\":\"2025-11-15T16:57:18+00:00\",\"description\":\"Por que tantos jovens est\u00e3o medicados e emocionalmente entorpecidos? Uma reflex\u00e3o profunda sobre sofrimento, cancelamento e o risco da anestesia coletiva na vida moderna.\",\"breadcrumb\":{\"@id\":\"https:\\\/\\\/benditoser.com.br\\\/o-preco-do-entorpecimento-quando-sentir-virou-doenca\\\/#breadcrumb\"},\"inLanguage\":\"en-US\",\"potentialAction\":[{\"@type\":\"ReadAction\",\"target\":[\"https:\\\/\\\/benditoser.com.br\\\/o-preco-do-entorpecimento-quando-sentir-virou-doenca\\\/\"]}]},{\"@type\":\"ImageObject\",\"inLanguage\":\"en-US\",\"@id\":\"https:\\\/\\\/benditoser.com.br\\\/o-preco-do-entorpecimento-quando-sentir-virou-doenca\\\/#primaryimage\",\"url\":\"https:\\\/\\\/benditoser.com.br\\\/wp-content\\\/uploads\\\/2025\\\/11\\\/o-preco-do-entorpecimento-blog-terapia-holistica.jpeg\",\"contentUrl\":\"https:\\\/\\\/benditoser.com.br\\\/wp-content\\\/uploads\\\/2025\\\/11\\\/o-preco-do-entorpecimento-blog-terapia-holistica.jpeg\",\"width\":800,\"height\":419},{\"@type\":\"BreadcrumbList\",\"@id\":\"https:\\\/\\\/benditoser.com.br\\\/o-preco-do-entorpecimento-quando-sentir-virou-doenca\\\/#breadcrumb\",\"itemListElement\":[{\"@type\":\"ListItem\",\"position\":1,\"name\":\"In\u00edcio\",\"item\":\"https:\\\/\\\/benditoser.com.br\\\/\"},{\"@type\":\"ListItem\",\"position\":2,\"name\":\"O pre\u00e7o do entorpecimento: quando sentir virou doen\u00e7a\"}]},{\"@type\":\"WebSite\",\"@id\":\"https:\\\/\\\/benditoser.com.br\\\/#website\",\"url\":\"https:\\\/\\\/benditoser.com.br\\\/\",\"name\":\"Benditoser\",\"description\":\"Terapias\",\"publisher\":{\"@id\":\"https:\\\/\\\/benditoser.com.br\\\/#organization\"},\"potentialAction\":[{\"@type\":\"SearchAction\",\"target\":{\"@type\":\"EntryPoint\",\"urlTemplate\":\"https:\\\/\\\/benditoser.com.br\\\/?s={search_term_string}\"},\"query-input\":{\"@type\":\"PropertyValueSpecification\",\"valueRequired\":true,\"valueName\":\"search_term_string\"}}],\"inLanguage\":\"en-US\"},{\"@type\":\"Organization\",\"@id\":\"https:\\\/\\\/benditoser.com.br\\\/#organization\",\"name\":\"Benditoser\",\"url\":\"https:\\\/\\\/benditoser.com.br\\\/\",\"logo\":{\"@type\":\"ImageObject\",\"inLanguage\":\"en-US\",\"@id\":\"https:\\\/\\\/benditoser.com.br\\\/#\\\/schema\\\/logo\\\/image\\\/\",\"url\":\"https:\\\/\\\/benditoser.com.br\\\/wp-content\\\/uploads\\\/2025\\\/05\\\/cropped-logo-bendito-ser-site.png\",\"contentUrl\":\"https:\\\/\\\/benditoser.com.br\\\/wp-content\\\/uploads\\\/2025\\\/05\\\/cropped-logo-bendito-ser-site.png\",\"width\":220,\"height\":44,\"caption\":\"Benditoser\"},\"image\":{\"@id\":\"https:\\\/\\\/benditoser.com.br\\\/#\\\/schema\\\/logo\\\/image\\\/\"},\"sameAs\":[\"https:\\\/\\\/www.facebook.com\\\/benditoser.com.br\",\"https:\\\/\\\/www.instagram.com\\\/benditoser.com.br\\\/\"]},{\"@type\":\"Person\",\"@id\":\"https:\\\/\\\/benditoser.com.br\\\/#\\\/schema\\\/person\\\/1b910a9b2b037ddc492a3b2e8dc4adb2\",\"name\":\"Paulo Vasconcelos\",\"image\":{\"@type\":\"ImageObject\",\"inLanguage\":\"en-US\",\"@id\":\"https:\\\/\\\/secure.gravatar.com\\\/avatar\\\/34be8b8f301baee1d34ae5e8fc205d12bdfd859131ea8f1ea4a232bd06e2286f?s=96&d=mm&r=g\",\"url\":\"https:\\\/\\\/secure.gravatar.com\\\/avatar\\\/34be8b8f301baee1d34ae5e8fc205d12bdfd859131ea8f1ea4a232bd06e2286f?s=96&d=mm&r=g\",\"contentUrl\":\"https:\\\/\\\/secure.gravatar.com\\\/avatar\\\/34be8b8f301baee1d34ae5e8fc205d12bdfd859131ea8f1ea4a232bd06e2286f?s=96&d=mm&r=g\",\"caption\":\"Paulo Vasconcelos\"},\"description\":\"Superior em Pr\u00e1ticas Integrativas e Complementares e p\u00f3s-graduando em psican\u00e1lise cl\u00ednica, atuando no universo das terapias hol\u00edsticas e integrativas. GEM, Grupo de Estudos e Trabalho Medi\u00fanico; Apometria \u2013 terapeuta, dirigente de grupo e facilitador; CNV \u2013 Comunica\u00e7\u00e3o N\u00e3o-Violenta; Teologia de Umbanda; Mitologia Afro-brasileira e Psicologia Anal\u00edtica; T\u00c9CNICAS QUE UTILIZO: ODUZ, APRENDIZADOS DO CAMINHO; APOMETRIA; LEITURA DE REGISTROS AK\u00c1SHICOS; C\u00cdRCULO SIST\u00caMICO DA VIDA; RADIESTESIA; REIKI USUI; PSICOSSOM\u00c1TICA; GEOBIOLOGIA ESPIRITUAL;\",\"url\":\"https:\\\/\\\/benditoser.com.br\\\/en\\\/author\\\/paulo\\\/\"}]}<\/script>\n<!-- \/ Yoast SEO plugin. -->","yoast_head_json":{"title":"O pre\u00e7o do entorpecimento: quando sentir virou doen\u00e7a - Benditoser","description":"Por que tantos jovens est\u00e3o medicados e emocionalmente entorpecidos? Uma reflex\u00e3o profunda sobre sofrimento, cancelamento e o risco da anestesia coletiva na vida moderna.","robots":{"index":"index","follow":"follow","max-snippet":"max-snippet:-1","max-image-preview":"max-image-preview:large","max-video-preview":"max-video-preview:-1"},"canonical":"https:\/\/benditoser.com.br\/en\/o-preco-do-entorpecimento-quando-sentir-virou-doenca\/","og_locale":"en_US","og_type":"article","og_title":"O pre\u00e7o do entorpecimento: quando sentir virou doen\u00e7a - Benditoser","og_description":"Por que tantos jovens est\u00e3o medicados e emocionalmente entorpecidos? Uma reflex\u00e3o profunda sobre sofrimento, cancelamento e o risco da anestesia coletiva na vida moderna.","og_url":"https:\/\/benditoser.com.br\/en\/o-preco-do-entorpecimento-quando-sentir-virou-doenca\/","og_site_name":"Benditoser","article_publisher":"https:\/\/www.facebook.com\/benditoser.com.br","article_published_time":"2025-11-14T22:20:57+00:00","article_modified_time":"2025-11-15T16:57:18+00:00","og_image":[{"width":800,"height":419,"url":"https:\/\/benditoser.com.br\/wp-content\/uploads\/2025\/11\/o-preco-do-entorpecimento-blog-terapia-holistica.jpeg","type":"image\/jpeg"}],"author":"Paulo Vasconcelos","twitter_card":"summary_large_image","twitter_misc":{"Written by":"Paulo Vasconcelos","Est. reading time":"5 minutes"},"schema":{"@context":"https:\/\/schema.org","@graph":[{"@type":"Article","@id":"https:\/\/benditoser.com.br\/o-preco-do-entorpecimento-quando-sentir-virou-doenca\/#article","isPartOf":{"@id":"https:\/\/benditoser.com.br\/o-preco-do-entorpecimento-quando-sentir-virou-doenca\/"},"author":{"name":"Paulo Vasconcelos","@id":"https:\/\/benditoser.com.br\/#\/schema\/person\/1b910a9b2b037ddc492a3b2e8dc4adb2"},"headline":"O pre\u00e7o do entorpecimento: quando sentir virou doen\u00e7a","datePublished":"2025-11-14T22:20:57+00:00","dateModified":"2025-11-15T16:57:18+00:00","mainEntityOfPage":{"@id":"https:\/\/benditoser.com.br\/o-preco-do-entorpecimento-quando-sentir-virou-doenca\/"},"wordCount":781,"commentCount":0,"publisher":{"@id":"https:\/\/benditoser.com.br\/#organization"},"image":{"@id":"https:\/\/benditoser.com.br\/o-preco-do-entorpecimento-quando-sentir-virou-doenca\/#primaryimage"},"thumbnailUrl":"https:\/\/benditoser.com.br\/wp-content\/uploads\/2025\/11\/o-preco-do-entorpecimento-blog-terapia-holistica.jpeg","keywords":["Adolesc\u00eancia","Ansiedade","Autismo","Deptress\u00e3o","Dores Emocionais","Psiquiatria","Rem\u00e9dios","Rem\u00e9dios Psiqui\u00e1tricos","TDAH","Tea","Transtornos Emocionais"],"articleSection":["Despertar de Consci\u00eancia","Tratamento Familiar"],"inLanguage":"en-US","potentialAction":[{"@type":"CommentAction","name":"Comment","target":["https:\/\/benditoser.com.br\/o-preco-do-entorpecimento-quando-sentir-virou-doenca\/#respond"]}]},{"@type":"WebPage","@id":"https:\/\/benditoser.com.br\/o-preco-do-entorpecimento-quando-sentir-virou-doenca\/","url":"https:\/\/benditoser.com.br\/o-preco-do-entorpecimento-quando-sentir-virou-doenca\/","name":"O pre\u00e7o do entorpecimento: quando sentir virou doen\u00e7a - Benditoser","isPartOf":{"@id":"https:\/\/benditoser.com.br\/#website"},"primaryImageOfPage":{"@id":"https:\/\/benditoser.com.br\/o-preco-do-entorpecimento-quando-sentir-virou-doenca\/#primaryimage"},"image":{"@id":"https:\/\/benditoser.com.br\/o-preco-do-entorpecimento-quando-sentir-virou-doenca\/#primaryimage"},"thumbnailUrl":"https:\/\/benditoser.com.br\/wp-content\/uploads\/2025\/11\/o-preco-do-entorpecimento-blog-terapia-holistica.jpeg","datePublished":"2025-11-14T22:20:57+00:00","dateModified":"2025-11-15T16:57:18+00:00","description":"Por que tantos jovens est\u00e3o medicados e emocionalmente entorpecidos? Uma reflex\u00e3o profunda sobre sofrimento, cancelamento e o risco da anestesia coletiva na vida moderna.","breadcrumb":{"@id":"https:\/\/benditoser.com.br\/o-preco-do-entorpecimento-quando-sentir-virou-doenca\/#breadcrumb"},"inLanguage":"en-US","potentialAction":[{"@type":"ReadAction","target":["https:\/\/benditoser.com.br\/o-preco-do-entorpecimento-quando-sentir-virou-doenca\/"]}]},{"@type":"ImageObject","inLanguage":"en-US","@id":"https:\/\/benditoser.com.br\/o-preco-do-entorpecimento-quando-sentir-virou-doenca\/#primaryimage","url":"https:\/\/benditoser.com.br\/wp-content\/uploads\/2025\/11\/o-preco-do-entorpecimento-blog-terapia-holistica.jpeg","contentUrl":"https:\/\/benditoser.com.br\/wp-content\/uploads\/2025\/11\/o-preco-do-entorpecimento-blog-terapia-holistica.jpeg","width":800,"height":419},{"@type":"BreadcrumbList","@id":"https:\/\/benditoser.com.br\/o-preco-do-entorpecimento-quando-sentir-virou-doenca\/#breadcrumb","itemListElement":[{"@type":"ListItem","position":1,"name":"In\u00edcio","item":"https:\/\/benditoser.com.br\/"},{"@type":"ListItem","position":2,"name":"O pre\u00e7o do entorpecimento: quando sentir virou doen\u00e7a"}]},{"@type":"WebSite","@id":"https:\/\/benditoser.com.br\/#website","url":"https:\/\/benditoser.com.br\/","name":"Benditoser","description":"Terapias","publisher":{"@id":"https:\/\/benditoser.com.br\/#organization"},"potentialAction":[{"@type":"SearchAction","target":{"@type":"EntryPoint","urlTemplate":"https:\/\/benditoser.com.br\/?s={search_term_string}"},"query-input":{"@type":"PropertyValueSpecification","valueRequired":true,"valueName":"search_term_string"}}],"inLanguage":"en-US"},{"@type":"Organization","@id":"https:\/\/benditoser.com.br\/#organization","name":"Benditoser","url":"https:\/\/benditoser.com.br\/","logo":{"@type":"ImageObject","inLanguage":"en-US","@id":"https:\/\/benditoser.com.br\/#\/schema\/logo\/image\/","url":"https:\/\/benditoser.com.br\/wp-content\/uploads\/2025\/05\/cropped-logo-bendito-ser-site.png","contentUrl":"https:\/\/benditoser.com.br\/wp-content\/uploads\/2025\/05\/cropped-logo-bendito-ser-site.png","width":220,"height":44,"caption":"Benditoser"},"image":{"@id":"https:\/\/benditoser.com.br\/#\/schema\/logo\/image\/"},"sameAs":["https:\/\/www.facebook.com\/benditoser.com.br","https:\/\/www.instagram.com\/benditoser.com.br\/"]},{"@type":"Person","@id":"https:\/\/benditoser.com.br\/#\/schema\/person\/1b910a9b2b037ddc492a3b2e8dc4adb2","name":"Paulo Vasconcelos","image":{"@type":"ImageObject","inLanguage":"en-US","@id":"https:\/\/secure.gravatar.com\/avatar\/34be8b8f301baee1d34ae5e8fc205d12bdfd859131ea8f1ea4a232bd06e2286f?s=96&d=mm&r=g","url":"https:\/\/secure.gravatar.com\/avatar\/34be8b8f301baee1d34ae5e8fc205d12bdfd859131ea8f1ea4a232bd06e2286f?s=96&d=mm&r=g","contentUrl":"https:\/\/secure.gravatar.com\/avatar\/34be8b8f301baee1d34ae5e8fc205d12bdfd859131ea8f1ea4a232bd06e2286f?s=96&d=mm&r=g","caption":"Paulo Vasconcelos"},"description":"Superior em Pr\u00e1ticas Integrativas e Complementares e p\u00f3s-graduando em psican\u00e1lise cl\u00ednica, atuando no universo das terapias hol\u00edsticas e integrativas. GEM, Grupo de Estudos e Trabalho Medi\u00fanico; Apometria \u2013 terapeuta, dirigente de grupo e facilitador; CNV \u2013 Comunica\u00e7\u00e3o N\u00e3o-Violenta; Teologia de Umbanda; Mitologia Afro-brasileira e Psicologia Anal\u00edtica; T\u00c9CNICAS QUE UTILIZO: ODUZ, APRENDIZADOS DO CAMINHO; APOMETRIA; LEITURA DE REGISTROS AK\u00c1SHICOS; C\u00cdRCULO SIST\u00caMICO DA VIDA; RADIESTESIA; REIKI USUI; PSICOSSOM\u00c1TICA; GEOBIOLOGIA ESPIRITUAL;","url":"https:\/\/benditoser.com.br\/en\/author\/paulo\/"}]}},"publishpress_future_action":{"enabled":false,"date":"2026-09-07 22:54:16","action":"change-status","newStatus":"draft","terms":[],"taxonomy":"category","extraData":[]},"publishpress_future_workflow_manual_trigger":{"enabledWorkflows":[]},"_links":{"self":[{"href":"https:\/\/benditoser.com.br\/en\/wp-json\/wp\/v2\/posts\/14477","targetHints":{"allow":["GET"]}}],"collection":[{"href":"https:\/\/benditoser.com.br\/en\/wp-json\/wp\/v2\/posts"}],"about":[{"href":"https:\/\/benditoser.com.br\/en\/wp-json\/wp\/v2\/types\/post"}],"author":[{"embeddable":true,"href":"https:\/\/benditoser.com.br\/en\/wp-json\/wp\/v2\/users\/2"}],"replies":[{"embeddable":true,"href":"https:\/\/benditoser.com.br\/en\/wp-json\/wp\/v2\/comments?post=14477"}],"version-history":[{"count":1,"href":"https:\/\/benditoser.com.br\/en\/wp-json\/wp\/v2\/posts\/14477\/revisions"}],"predecessor-version":[{"id":14479,"href":"https:\/\/benditoser.com.br\/en\/wp-json\/wp\/v2\/posts\/14477\/revisions\/14479"}],"wp:featuredmedia":[{"embeddable":true,"href":"https:\/\/benditoser.com.br\/en\/wp-json\/wp\/v2\/media\/14481"}],"wp:attachment":[{"href":"https:\/\/benditoser.com.br\/en\/wp-json\/wp\/v2\/media?parent=14477"}],"wp:term":[{"taxonomy":"category","embeddable":true,"href":"https:\/\/benditoser.com.br\/en\/wp-json\/wp\/v2\/categories?post=14477"},{"taxonomy":"post_tag","embeddable":true,"href":"https:\/\/benditoser.com.br\/en\/wp-json\/wp\/v2\/tags?post=14477"}],"curies":[{"name":"wp","href":"https:\/\/api.w.org\/{rel}","templated":true}]}}