{"id":14609,"date":"2025-12-31T10:50:09","date_gmt":"2025-12-31T13:50:09","guid":{"rendered":"https:\/\/benditoser.com.br\/?p=14609"},"modified":"2025-12-31T10:59:07","modified_gmt":"2025-12-31T13:59:07","slug":"2026-ano-1-recomecos-nao-sao-sobre-mudar-a-vida-mas-o-lugar-do-qual-ela-e-vivida","status":"publish","type":"post","link":"https:\/\/benditoser.com.br\/en\/2026-ano-1-recomecos-nao-sao-sobre-mudar-a-vida-mas-o-lugar-do-qual-ela-e-vivida\/","title":{"rendered":"2026 \u2013 Ano 1! Recome\u00e7os n\u00e3o s\u00e3o sobre mudar a vida, mas o lugar do qual ela \u00e9 vivida"},"content":{"rendered":"<p>Vivemos um tempo em que o futuro deixou de ser uma promessa clara e passou a ser uma interroga\u00e7\u00e3o aberta. As antigas certezas se dissolvem: sobre trabalho, rela\u00e7\u00f5es, identidade, espiritualidade e at\u00e9 sobre o sentido de estar vivo. Em contextos assim, o <strong>s\u00edmbolo do novo<\/strong> deixa de ser apenas motivacional e assume um papel arquet\u00edpico: o da travessia.<\/p>\n<p>A virada do ano sempre funcionou como um portal simb\u00f3lico. Mas a passagem de <strong>2025 para 2026<\/strong> parece carregar algo mais profundo \u2014 n\u00e3o apenas um novo ciclo no calend\u00e1rio, mas a sensa\u00e7\u00e3o coletiva de um <strong>Ano Um<\/strong>. Um in\u00edcio que n\u00e3o inaugura apenas o tempo, mas uma outra forma de consci\u00eancia.<\/p>\n<h2>A falsa sensa\u00e7\u00e3o de imortalidade<\/h2>\n<p>No cotidiano, vivemos como se f\u00f4ssemos imortais. N\u00e3o no sentido espiritual, mas no mais ilus\u00f3rio deles: o de que sempre haver\u00e1 depois. Depois eu mudo, depois eu cuido, depois eu olho para isso.<\/p>\n<p>O corpo, no entanto, \u00e9 um lembrete silencioso e implac\u00e1vel do limite. Ele adoece, envelhece e padece. E quando isso acontece, algo essencial se rompe: a identifica\u00e7\u00e3o absoluta com essa vers\u00e3o que reconhecemos no espelho \u2014 a personalidade, o ego, a persona social.<\/p>\n<p>Essa identidade encarnada \u00e9 real, mas n\u00e3o \u00e9 total. \u00c9 uma <strong>configura\u00e7\u00e3o tempor\u00e1ria da consci\u00eancia<\/strong>, necess\u00e1ria para a experi\u00eancia humana, mas insuficiente para explicar o que somos em profundidade.<\/p>\n<h2>O paradoxo da imortalidade<\/h2>\n<p>Quando falamos em continuidade da exist\u00eancia, entramos num paradoxo inevit\u00e1vel: se algo de n\u00f3s permanece ap\u00f3s a morte do corpo, <strong>o que exatamente permanece?<\/strong><\/p>\n<p>Somos imortais como somos agora \u2014 com esse nome, essa hist\u00f3ria, esse car\u00e1ter \u2014 ou imortais em uma vers\u00e3o que transcende tudo isso?<\/p>\n<p>Na <strong>Psicologia Anal\u00edtica<\/strong>, Jung nos lembra que o ego n\u00e3o \u00e9 o centro absoluto da psique, mas apenas o centro da consci\u00eancia. A totalidade do ser est\u00e1 no Self \u2014 uma inst\u00e2ncia maior, transpersonal, que n\u00e3o se esgota em uma \u00fanica vida.<\/p>\n<p>A <strong>Apometria Integrativa<\/strong> amplia esse entendimento ao considerar a consci\u00eancia como multidimensional, manifestando-se em diferentes n\u00edveis, corpos e experi\u00eancias, ao longo do tempo. A personalidade atual \u00e9 apenas uma dessas manifesta\u00e7\u00f5es.<\/p>\n<p>Assim, talvez n\u00e3o sejamos imortais como ego, mas sejamos <strong>cont\u00ednuos como consci\u00eancia<\/strong>.<\/p>\n<h2>O que sobra quando o corpo fica<\/h2>\n<p>A pergunta que atravessa todas as tradi\u00e7\u00f5es espirituais e terap\u00eauticas profundas \u00e9 simples e perturbadora: <em>o que sobra de n\u00f3s quando tudo o que conhecemos como \u201ceu\u201d se desfaz?<\/em><\/p>\n<p>Ap\u00f3s o desencarne, n\u00e3o permanecem o corpo, os pap\u00e9is sociais, as m\u00e1scaras emocionais ou as narrativas que sustentamos para sobreviver. O que permanece \u00e9 mais sutil \u2014 e mais verdadeiro:<\/p>\n<ul>\n<li>a consci\u00eancia em estado ampliado;<\/li>\n<li>os conte\u00fados ps\u00edquicos que conseguimos integrar;<\/li>\n<li>os v\u00ednculos afetivos e energ\u00e9ticos ainda ativos;<\/li>\n<li>as marcas essenciais da experi\u00eancia, n\u00e3o como mem\u00f3ria racional, mas como registro no campo.<\/li>\n<\/ul>\n<p>N\u00e3o deixamos de existir. Deixamos de existir <strong>daquela forma espec\u00edfica<\/strong>.<\/p>\n<h2>Quantos j\u00e1 fomos \u2014 e onde habitam essas vers\u00f5es<\/h2>\n<p>Sob a \u00f3tica apom\u00e9trica, nenhuma exist\u00eancia se perde. Cada vida, cada fragmento de experi\u00eancia, deixa registros ativos na consci\u00eancia.<\/p>\n<p>Algumas dessas vers\u00f5es se integram naturalmente ao fluxo do Self. Outras permanecem cristalizadas em traumas, culpas, votos, pactos, medos ou dores n\u00e3o elaboradas. Elas n\u00e3o morrem. Elas <strong>perdem fun\u00e7\u00e3o<\/strong>, mas continuam influenciando o presente enquanto n\u00e3o s\u00e3o reconhecidas.<\/p>\n<p>Na Psicologia Anal\u00edtica, essas for\u00e7as aparecem como complexos aut\u00f4nomos, conte\u00fados da sombra ou imagens arquet\u00edpicas que insistem em se manifestar \u2014 n\u00e3o para nos punir, mas para serem vistas.<\/p>\n<h2>2026 como Ano Um<\/h2>\n<p>Chamar 2026 de <strong>Ano Um<\/strong> \u00e9 um gesto simb\u00f3lico radical. Ele n\u00e3o aponta para um recome\u00e7o ing\u00eanuo, mas para uma morte necess\u00e1ria: a da antiga forma de consci\u00eancia que j\u00e1 n\u00e3o sustenta a vida.<\/p>\n<p>Ano Um n\u00e3o \u00e9 come\u00e7ar do zero.<br \/>\n\u00c9 <strong>come\u00e7ar de outro lugar<\/strong>.<\/p>\n<ul>\n<li>Com menos ilus\u00e3o sobre quem somos;<\/li>\n<li>Com mais responsabilidade sobre os padr\u00f5es que repetimos;<\/li>\n<li>Com mais coragem para integrar passado, presente e m\u00faltiplas dimens\u00f5es do ser.<\/li>\n<\/ul>\n<p>O novo n\u00e3o exige que neguemos o que fomos. Ele pede apenas que aquilo que fomos <strong>pare de nos governar inconscientemente<\/strong>.<\/p>\n<h2>O verdadeiro recome\u00e7o<\/h2>\n<p>O recome\u00e7o que 2026 simboliza n\u00e3o \u00e9 externo. Ele acontece quando reconhecemos que:<\/p>\n<ul>\n<li>n\u00e3o somos apenas essa identidade atual;<\/li>\n<li>n\u00e3o somos apenas essa dor, esse medo ou esse papel;<\/li>\n<li>n\u00e3o somos apenas esta vida.<\/li>\n<\/ul>\n<p>Somos um processo cont\u00ednuo de consci\u00eancia em expans\u00e3o.<\/p>\n<h3>Um convite terap\u00eautico<\/h3>\n<p>Algumas perguntas n\u00e3o se resolvem com respostas r\u00e1pidas, nem com espiritualidade superficial. Elas exigem um olhar que atravesse o ego, o corpo, a hist\u00f3ria e os registros mais profundos da consci\u00eancia.<\/p>\n<p>O trabalho terap\u00eautico realizado no <strong>Benditoser Terapias<\/strong>, a partir da integra\u00e7\u00e3o entre <strong>Psicologia Anal\u00edtica e Apometria<\/strong>, foi criado exatamente para quem sente que j\u00e1 n\u00e3o basta compreender racionalmente \u2014 \u00e9 preciso acessar, elaborar e integrar em profundidade.<\/p>\n<p>Se 2026 se apresenta para voc\u00ea como um <strong>Ano Um<\/strong>, talvez seja o momento de iniciar um processo terap\u00eautico que acompanhe essa travessia com consci\u00eancia, responsabilidade e verdade.<\/p>\n<p>Porque alguns recome\u00e7os n\u00e3o s\u00e3o sobre mudar a vida \u2014 s\u00e3o sobre <strong>mudar o lugar a partir do qual a vida \u00e9 vivida<\/strong>.<\/p>\n<p><em>Benditoser Terapias<\/em><\/p>","protected":false},"excerpt":{"rendered":"<p>Vivemos um tempo em que o futuro deixou de ser uma promessa clara e passou a ser uma interroga\u00e7\u00e3o aberta. As antigas certezas se dissolvem: sobre trabalho, rela\u00e7\u00f5es, identidade, espiritualidade e at\u00e9 sobre o sentido de estar vivo. Em contextos assim, o s\u00edmbolo do novo [&hellip;]<\/p>\n","protected":false},"author":2,"featured_media":14610,"comment_status":"open","ping_status":"open","sticky":false,"template":"","format":"standard","meta":{"om_disable_all_campaigns":false,"_monsterinsights_skip_tracking":false,"_uf_show_specific_survey":0,"_uf_disable_surveys":false,"footnotes":""},"categories":[113,234,17,262,112],"tags":[37,267,269,266,264,265,263,270,268],"class_list":["post-14609","post","type-post","status-publish","format-standard","has-post-thumbnail","hentry","category-apometria-2","category-despertar-de-consciencia","category-pensar-livre","category-psicologia-analitica","category-terapia-espiritual","tag-apometria","tag-carl-jung","tag-individuacao","tag-jung","tag-psicanalise","tag-psicologia-analitica","tag-reencarnar","tag-renascimento","tag-self"],"yoast_head":"<!-- This site is optimized with the Yoast SEO plugin v28.3 - https:\/\/yoast.com\/product\/yoast-seo-wordpress\/ -->\n<title>2026 \u2013 Ano 1! Recome\u00e7os n\u00e3o s\u00e3o sobre mudar a vida, mas o lugar do qual ela \u00e9 vivida - Benditoser<\/title>\n<meta name=\"description\" content=\"Reflex\u00f5es para 2026 como Ano 1: recome\u00e7os que n\u00e3o mudam a vida, mas o lugar interno de onde ela \u00e9 vivida. Psicologia Anal\u00edtica e Apometria Integrativa.\" \/>\n<meta name=\"robots\" content=\"index, follow, max-snippet:-1, max-image-preview:large, max-video-preview:-1\" \/>\n<link rel=\"canonical\" href=\"https:\/\/benditoser.com.br\/en\/2026-ano-1-recomecos-nao-sao-sobre-mudar-a-vida-mas-o-lugar-do-qual-ela-e-vivida\/\" \/>\n<meta property=\"og:locale\" content=\"en_US\" \/>\n<meta property=\"og:type\" content=\"article\" \/>\n<meta property=\"og:title\" content=\"2026 \u2013 Ano 1! Recome\u00e7os n\u00e3o s\u00e3o sobre mudar a vida, mas o lugar do qual ela \u00e9 vivida - Benditoser\" \/>\n<meta property=\"og:description\" content=\"Reflex\u00f5es para 2026 como Ano 1: recome\u00e7os que n\u00e3o mudam a vida, mas o lugar interno de onde ela \u00e9 vivida. Psicologia Anal\u00edtica e Apometria Integrativa.\" \/>\n<meta property=\"og:url\" content=\"https:\/\/benditoser.com.br\/en\/2026-ano-1-recomecos-nao-sao-sobre-mudar-a-vida-mas-o-lugar-do-qual-ela-e-vivida\/\" \/>\n<meta property=\"og:site_name\" content=\"Benditoser\" \/>\n<meta property=\"article:publisher\" content=\"https:\/\/www.facebook.com\/benditoser.com.br\" \/>\n<meta property=\"article:published_time\" content=\"2025-12-31T13:50:09+00:00\" \/>\n<meta property=\"article:modified_time\" content=\"2025-12-31T13:59:07+00:00\" \/>\n<meta property=\"og:image\" content=\"https:\/\/benditoser.com.br\/wp-content\/uploads\/2025\/12\/2026-2.jpeg\" \/>\n\t<meta property=\"og:image:width\" content=\"800\" \/>\n\t<meta property=\"og:image:height\" content=\"419\" \/>\n\t<meta property=\"og:image:type\" content=\"image\/jpeg\" \/>\n<meta name=\"author\" content=\"Paulo Vasconcelos\" \/>\n<meta name=\"twitter:card\" content=\"summary_large_image\" \/>\n<meta name=\"twitter:label1\" content=\"Written by\" \/>\n\t<meta name=\"twitter:data1\" content=\"Paulo Vasconcelos\" \/>\n\t<meta name=\"twitter:label2\" content=\"Est. reading time\" \/>\n\t<meta name=\"twitter:data2\" content=\"5 minutes\" \/>\n<script type=\"application\/ld+json\" class=\"yoast-schema-graph\">{\"@context\":\"https:\\\/\\\/schema.org\",\"@graph\":[{\"@type\":\"Article\",\"@id\":\"https:\\\/\\\/benditoser.com.br\\\/2026-ano-1-recomecos-nao-sao-sobre-mudar-a-vida-mas-o-lugar-do-qual-ela-e-vivida\\\/#article\",\"isPartOf\":{\"@id\":\"https:\\\/\\\/benditoser.com.br\\\/2026-ano-1-recomecos-nao-sao-sobre-mudar-a-vida-mas-o-lugar-do-qual-ela-e-vivida\\\/\"},\"author\":{\"name\":\"Paulo Vasconcelos\",\"@id\":\"https:\\\/\\\/benditoser.com.br\\\/#\\\/schema\\\/person\\\/1b910a9b2b037ddc492a3b2e8dc4adb2\"},\"headline\":\"2026 \u2013 Ano 1! Recome\u00e7os n\u00e3o s\u00e3o sobre mudar a vida, mas o lugar do qual ela \u00e9 vivida\",\"datePublished\":\"2025-12-31T13:50:09+00:00\",\"dateModified\":\"2025-12-31T13:59:07+00:00\",\"mainEntityOfPage\":{\"@id\":\"https:\\\/\\\/benditoser.com.br\\\/2026-ano-1-recomecos-nao-sao-sobre-mudar-a-vida-mas-o-lugar-do-qual-ela-e-vivida\\\/\"},\"wordCount\":929,\"commentCount\":1,\"publisher\":{\"@id\":\"https:\\\/\\\/benditoser.com.br\\\/#organization\"},\"image\":{\"@id\":\"https:\\\/\\\/benditoser.com.br\\\/2026-ano-1-recomecos-nao-sao-sobre-mudar-a-vida-mas-o-lugar-do-qual-ela-e-vivida\\\/#primaryimage\"},\"thumbnailUrl\":\"https:\\\/\\\/benditoser.com.br\\\/wp-content\\\/uploads\\\/2025\\\/12\\\/2026-2.jpeg\",\"keywords\":[\"Apometria\",\"Carl Jung\",\"Individua\u00e7\u00e3o\",\"Jung\",\"Psican\u00e1lise\",\"Psicologia Anal\u00edtica\",\"Reencarnar\",\"Renascimento\",\"Self\"],\"articleSection\":[\"Apometria\",\"Despertar de Consci\u00eancia\",\"Pensar livre\",\"Psicologia Anal\u00edtica\",\"Terapia Espiritual\"],\"inLanguage\":\"en-US\",\"potentialAction\":[{\"@type\":\"CommentAction\",\"name\":\"Comment\",\"target\":[\"https:\\\/\\\/benditoser.com.br\\\/2026-ano-1-recomecos-nao-sao-sobre-mudar-a-vida-mas-o-lugar-do-qual-ela-e-vivida\\\/#respond\"]}]},{\"@type\":\"WebPage\",\"@id\":\"https:\\\/\\\/benditoser.com.br\\\/2026-ano-1-recomecos-nao-sao-sobre-mudar-a-vida-mas-o-lugar-do-qual-ela-e-vivida\\\/\",\"url\":\"https:\\\/\\\/benditoser.com.br\\\/2026-ano-1-recomecos-nao-sao-sobre-mudar-a-vida-mas-o-lugar-do-qual-ela-e-vivida\\\/\",\"name\":\"2026 \u2013 Ano 1! Recome\u00e7os n\u00e3o s\u00e3o sobre mudar a vida, mas o lugar do qual ela \u00e9 vivida - Benditoser\",\"isPartOf\":{\"@id\":\"https:\\\/\\\/benditoser.com.br\\\/#website\"},\"primaryImageOfPage\":{\"@id\":\"https:\\\/\\\/benditoser.com.br\\\/2026-ano-1-recomecos-nao-sao-sobre-mudar-a-vida-mas-o-lugar-do-qual-ela-e-vivida\\\/#primaryimage\"},\"image\":{\"@id\":\"https:\\\/\\\/benditoser.com.br\\\/2026-ano-1-recomecos-nao-sao-sobre-mudar-a-vida-mas-o-lugar-do-qual-ela-e-vivida\\\/#primaryimage\"},\"thumbnailUrl\":\"https:\\\/\\\/benditoser.com.br\\\/wp-content\\\/uploads\\\/2025\\\/12\\\/2026-2.jpeg\",\"datePublished\":\"2025-12-31T13:50:09+00:00\",\"dateModified\":\"2025-12-31T13:59:07+00:00\",\"description\":\"Reflex\u00f5es para 2026 como Ano 1: recome\u00e7os que n\u00e3o mudam a vida, mas o lugar interno de onde ela \u00e9 vivida. Psicologia Anal\u00edtica e Apometria Integrativa.\",\"breadcrumb\":{\"@id\":\"https:\\\/\\\/benditoser.com.br\\\/2026-ano-1-recomecos-nao-sao-sobre-mudar-a-vida-mas-o-lugar-do-qual-ela-e-vivida\\\/#breadcrumb\"},\"inLanguage\":\"en-US\",\"potentialAction\":[{\"@type\":\"ReadAction\",\"target\":[\"https:\\\/\\\/benditoser.com.br\\\/2026-ano-1-recomecos-nao-sao-sobre-mudar-a-vida-mas-o-lugar-do-qual-ela-e-vivida\\\/\"]}]},{\"@type\":\"ImageObject\",\"inLanguage\":\"en-US\",\"@id\":\"https:\\\/\\\/benditoser.com.br\\\/2026-ano-1-recomecos-nao-sao-sobre-mudar-a-vida-mas-o-lugar-do-qual-ela-e-vivida\\\/#primaryimage\",\"url\":\"https:\\\/\\\/benditoser.com.br\\\/wp-content\\\/uploads\\\/2025\\\/12\\\/2026-2.jpeg\",\"contentUrl\":\"https:\\\/\\\/benditoser.com.br\\\/wp-content\\\/uploads\\\/2025\\\/12\\\/2026-2.jpeg\",\"width\":800,\"height\":419},{\"@type\":\"BreadcrumbList\",\"@id\":\"https:\\\/\\\/benditoser.com.br\\\/2026-ano-1-recomecos-nao-sao-sobre-mudar-a-vida-mas-o-lugar-do-qual-ela-e-vivida\\\/#breadcrumb\",\"itemListElement\":[{\"@type\":\"ListItem\",\"position\":1,\"name\":\"In\u00edcio\",\"item\":\"https:\\\/\\\/benditoser.com.br\\\/\"},{\"@type\":\"ListItem\",\"position\":2,\"name\":\"2026 \u2013 Ano 1! Recome\u00e7os n\u00e3o s\u00e3o sobre mudar a vida, mas o lugar do qual ela \u00e9 vivida\"}]},{\"@type\":\"WebSite\",\"@id\":\"https:\\\/\\\/benditoser.com.br\\\/#website\",\"url\":\"https:\\\/\\\/benditoser.com.br\\\/\",\"name\":\"Benditoser\",\"description\":\"Terapias\",\"publisher\":{\"@id\":\"https:\\\/\\\/benditoser.com.br\\\/#organization\"},\"potentialAction\":[{\"@type\":\"SearchAction\",\"target\":{\"@type\":\"EntryPoint\",\"urlTemplate\":\"https:\\\/\\\/benditoser.com.br\\\/?s={search_term_string}\"},\"query-input\":{\"@type\":\"PropertyValueSpecification\",\"valueRequired\":true,\"valueName\":\"search_term_string\"}}],\"inLanguage\":\"en-US\"},{\"@type\":\"Organization\",\"@id\":\"https:\\\/\\\/benditoser.com.br\\\/#organization\",\"name\":\"Benditoser\",\"url\":\"https:\\\/\\\/benditoser.com.br\\\/\",\"logo\":{\"@type\":\"ImageObject\",\"inLanguage\":\"en-US\",\"@id\":\"https:\\\/\\\/benditoser.com.br\\\/#\\\/schema\\\/logo\\\/image\\\/\",\"url\":\"https:\\\/\\\/benditoser.com.br\\\/wp-content\\\/uploads\\\/2025\\\/05\\\/cropped-logo-bendito-ser-site.png\",\"contentUrl\":\"https:\\\/\\\/benditoser.com.br\\\/wp-content\\\/uploads\\\/2025\\\/05\\\/cropped-logo-bendito-ser-site.png\",\"width\":220,\"height\":44,\"caption\":\"Benditoser\"},\"image\":{\"@id\":\"https:\\\/\\\/benditoser.com.br\\\/#\\\/schema\\\/logo\\\/image\\\/\"},\"sameAs\":[\"https:\\\/\\\/www.facebook.com\\\/benditoser.com.br\",\"https:\\\/\\\/www.instagram.com\\\/benditoser.com.br\\\/\"]},{\"@type\":\"Person\",\"@id\":\"https:\\\/\\\/benditoser.com.br\\\/#\\\/schema\\\/person\\\/1b910a9b2b037ddc492a3b2e8dc4adb2\",\"name\":\"Paulo Vasconcelos\",\"image\":{\"@type\":\"ImageObject\",\"inLanguage\":\"en-US\",\"@id\":\"https:\\\/\\\/secure.gravatar.com\\\/avatar\\\/34be8b8f301baee1d34ae5e8fc205d12bdfd859131ea8f1ea4a232bd06e2286f?s=96&d=mm&r=g\",\"url\":\"https:\\\/\\\/secure.gravatar.com\\\/avatar\\\/34be8b8f301baee1d34ae5e8fc205d12bdfd859131ea8f1ea4a232bd06e2286f?s=96&d=mm&r=g\",\"contentUrl\":\"https:\\\/\\\/secure.gravatar.com\\\/avatar\\\/34be8b8f301baee1d34ae5e8fc205d12bdfd859131ea8f1ea4a232bd06e2286f?s=96&d=mm&r=g\",\"caption\":\"Paulo Vasconcelos\"},\"description\":\"Superior em Pr\u00e1ticas Integrativas e Complementares e p\u00f3s-graduando em psican\u00e1lise cl\u00ednica, atuando no universo das terapias hol\u00edsticas e integrativas. GEM, Grupo de Estudos e Trabalho Medi\u00fanico; Apometria \u2013 terapeuta, dirigente de grupo e facilitador; CNV \u2013 Comunica\u00e7\u00e3o N\u00e3o-Violenta; Teologia de Umbanda; Mitologia Afro-brasileira e Psicologia Anal\u00edtica; T\u00c9CNICAS QUE UTILIZO: ODUZ, APRENDIZADOS DO CAMINHO; APOMETRIA; LEITURA DE REGISTROS AK\u00c1SHICOS; C\u00cdRCULO SIST\u00caMICO DA VIDA; RADIESTESIA; REIKI USUI; PSICOSSOM\u00c1TICA; GEOBIOLOGIA ESPIRITUAL;\",\"url\":\"https:\\\/\\\/benditoser.com.br\\\/en\\\/author\\\/paulo\\\/\"}]}<\/script>\n<!-- \/ Yoast SEO plugin. -->","yoast_head_json":{"title":"2026 \u2013 Ano 1! Recome\u00e7os n\u00e3o s\u00e3o sobre mudar a vida, mas o lugar do qual ela \u00e9 vivida - Benditoser","description":"Reflex\u00f5es para 2026 como Ano 1: recome\u00e7os que n\u00e3o mudam a vida, mas o lugar interno de onde ela \u00e9 vivida. Psicologia Anal\u00edtica e Apometria Integrativa.","robots":{"index":"index","follow":"follow","max-snippet":"max-snippet:-1","max-image-preview":"max-image-preview:large","max-video-preview":"max-video-preview:-1"},"canonical":"https:\/\/benditoser.com.br\/en\/2026-ano-1-recomecos-nao-sao-sobre-mudar-a-vida-mas-o-lugar-do-qual-ela-e-vivida\/","og_locale":"en_US","og_type":"article","og_title":"2026 \u2013 Ano 1! Recome\u00e7os n\u00e3o s\u00e3o sobre mudar a vida, mas o lugar do qual ela \u00e9 vivida - Benditoser","og_description":"Reflex\u00f5es para 2026 como Ano 1: recome\u00e7os que n\u00e3o mudam a vida, mas o lugar interno de onde ela \u00e9 vivida. Psicologia Anal\u00edtica e Apometria Integrativa.","og_url":"https:\/\/benditoser.com.br\/en\/2026-ano-1-recomecos-nao-sao-sobre-mudar-a-vida-mas-o-lugar-do-qual-ela-e-vivida\/","og_site_name":"Benditoser","article_publisher":"https:\/\/www.facebook.com\/benditoser.com.br","article_published_time":"2025-12-31T13:50:09+00:00","article_modified_time":"2025-12-31T13:59:07+00:00","og_image":[{"width":800,"height":419,"url":"https:\/\/benditoser.com.br\/wp-content\/uploads\/2025\/12\/2026-2.jpeg","type":"image\/jpeg"}],"author":"Paulo Vasconcelos","twitter_card":"summary_large_image","twitter_misc":{"Written by":"Paulo Vasconcelos","Est. reading time":"5 minutes"},"schema":{"@context":"https:\/\/schema.org","@graph":[{"@type":"Article","@id":"https:\/\/benditoser.com.br\/2026-ano-1-recomecos-nao-sao-sobre-mudar-a-vida-mas-o-lugar-do-qual-ela-e-vivida\/#article","isPartOf":{"@id":"https:\/\/benditoser.com.br\/2026-ano-1-recomecos-nao-sao-sobre-mudar-a-vida-mas-o-lugar-do-qual-ela-e-vivida\/"},"author":{"name":"Paulo Vasconcelos","@id":"https:\/\/benditoser.com.br\/#\/schema\/person\/1b910a9b2b037ddc492a3b2e8dc4adb2"},"headline":"2026 \u2013 Ano 1! Recome\u00e7os n\u00e3o s\u00e3o sobre mudar a vida, mas o lugar do qual ela \u00e9 vivida","datePublished":"2025-12-31T13:50:09+00:00","dateModified":"2025-12-31T13:59:07+00:00","mainEntityOfPage":{"@id":"https:\/\/benditoser.com.br\/2026-ano-1-recomecos-nao-sao-sobre-mudar-a-vida-mas-o-lugar-do-qual-ela-e-vivida\/"},"wordCount":929,"commentCount":1,"publisher":{"@id":"https:\/\/benditoser.com.br\/#organization"},"image":{"@id":"https:\/\/benditoser.com.br\/2026-ano-1-recomecos-nao-sao-sobre-mudar-a-vida-mas-o-lugar-do-qual-ela-e-vivida\/#primaryimage"},"thumbnailUrl":"https:\/\/benditoser.com.br\/wp-content\/uploads\/2025\/12\/2026-2.jpeg","keywords":["Apometria","Carl Jung","Individua\u00e7\u00e3o","Jung","Psican\u00e1lise","Psicologia Anal\u00edtica","Reencarnar","Renascimento","Self"],"articleSection":["Apometria","Despertar de Consci\u00eancia","Pensar livre","Psicologia Anal\u00edtica","Terapia Espiritual"],"inLanguage":"en-US","potentialAction":[{"@type":"CommentAction","name":"Comment","target":["https:\/\/benditoser.com.br\/2026-ano-1-recomecos-nao-sao-sobre-mudar-a-vida-mas-o-lugar-do-qual-ela-e-vivida\/#respond"]}]},{"@type":"WebPage","@id":"https:\/\/benditoser.com.br\/2026-ano-1-recomecos-nao-sao-sobre-mudar-a-vida-mas-o-lugar-do-qual-ela-e-vivida\/","url":"https:\/\/benditoser.com.br\/2026-ano-1-recomecos-nao-sao-sobre-mudar-a-vida-mas-o-lugar-do-qual-ela-e-vivida\/","name":"2026 \u2013 Ano 1! Recome\u00e7os n\u00e3o s\u00e3o sobre mudar a vida, mas o lugar do qual ela \u00e9 vivida - Benditoser","isPartOf":{"@id":"https:\/\/benditoser.com.br\/#website"},"primaryImageOfPage":{"@id":"https:\/\/benditoser.com.br\/2026-ano-1-recomecos-nao-sao-sobre-mudar-a-vida-mas-o-lugar-do-qual-ela-e-vivida\/#primaryimage"},"image":{"@id":"https:\/\/benditoser.com.br\/2026-ano-1-recomecos-nao-sao-sobre-mudar-a-vida-mas-o-lugar-do-qual-ela-e-vivida\/#primaryimage"},"thumbnailUrl":"https:\/\/benditoser.com.br\/wp-content\/uploads\/2025\/12\/2026-2.jpeg","datePublished":"2025-12-31T13:50:09+00:00","dateModified":"2025-12-31T13:59:07+00:00","description":"Reflex\u00f5es para 2026 como Ano 1: recome\u00e7os que n\u00e3o mudam a vida, mas o lugar interno de onde ela \u00e9 vivida. Psicologia Anal\u00edtica e Apometria Integrativa.","breadcrumb":{"@id":"https:\/\/benditoser.com.br\/2026-ano-1-recomecos-nao-sao-sobre-mudar-a-vida-mas-o-lugar-do-qual-ela-e-vivida\/#breadcrumb"},"inLanguage":"en-US","potentialAction":[{"@type":"ReadAction","target":["https:\/\/benditoser.com.br\/2026-ano-1-recomecos-nao-sao-sobre-mudar-a-vida-mas-o-lugar-do-qual-ela-e-vivida\/"]}]},{"@type":"ImageObject","inLanguage":"en-US","@id":"https:\/\/benditoser.com.br\/2026-ano-1-recomecos-nao-sao-sobre-mudar-a-vida-mas-o-lugar-do-qual-ela-e-vivida\/#primaryimage","url":"https:\/\/benditoser.com.br\/wp-content\/uploads\/2025\/12\/2026-2.jpeg","contentUrl":"https:\/\/benditoser.com.br\/wp-content\/uploads\/2025\/12\/2026-2.jpeg","width":800,"height":419},{"@type":"BreadcrumbList","@id":"https:\/\/benditoser.com.br\/2026-ano-1-recomecos-nao-sao-sobre-mudar-a-vida-mas-o-lugar-do-qual-ela-e-vivida\/#breadcrumb","itemListElement":[{"@type":"ListItem","position":1,"name":"In\u00edcio","item":"https:\/\/benditoser.com.br\/"},{"@type":"ListItem","position":2,"name":"2026 \u2013 Ano 1! Recome\u00e7os n\u00e3o s\u00e3o sobre mudar a vida, mas o lugar do qual ela \u00e9 vivida"}]},{"@type":"WebSite","@id":"https:\/\/benditoser.com.br\/#website","url":"https:\/\/benditoser.com.br\/","name":"Benditoser","description":"Terapias","publisher":{"@id":"https:\/\/benditoser.com.br\/#organization"},"potentialAction":[{"@type":"SearchAction","target":{"@type":"EntryPoint","urlTemplate":"https:\/\/benditoser.com.br\/?s={search_term_string}"},"query-input":{"@type":"PropertyValueSpecification","valueRequired":true,"valueName":"search_term_string"}}],"inLanguage":"en-US"},{"@type":"Organization","@id":"https:\/\/benditoser.com.br\/#organization","name":"Benditoser","url":"https:\/\/benditoser.com.br\/","logo":{"@type":"ImageObject","inLanguage":"en-US","@id":"https:\/\/benditoser.com.br\/#\/schema\/logo\/image\/","url":"https:\/\/benditoser.com.br\/wp-content\/uploads\/2025\/05\/cropped-logo-bendito-ser-site.png","contentUrl":"https:\/\/benditoser.com.br\/wp-content\/uploads\/2025\/05\/cropped-logo-bendito-ser-site.png","width":220,"height":44,"caption":"Benditoser"},"image":{"@id":"https:\/\/benditoser.com.br\/#\/schema\/logo\/image\/"},"sameAs":["https:\/\/www.facebook.com\/benditoser.com.br","https:\/\/www.instagram.com\/benditoser.com.br\/"]},{"@type":"Person","@id":"https:\/\/benditoser.com.br\/#\/schema\/person\/1b910a9b2b037ddc492a3b2e8dc4adb2","name":"Paulo Vasconcelos","image":{"@type":"ImageObject","inLanguage":"en-US","@id":"https:\/\/secure.gravatar.com\/avatar\/34be8b8f301baee1d34ae5e8fc205d12bdfd859131ea8f1ea4a232bd06e2286f?s=96&d=mm&r=g","url":"https:\/\/secure.gravatar.com\/avatar\/34be8b8f301baee1d34ae5e8fc205d12bdfd859131ea8f1ea4a232bd06e2286f?s=96&d=mm&r=g","contentUrl":"https:\/\/secure.gravatar.com\/avatar\/34be8b8f301baee1d34ae5e8fc205d12bdfd859131ea8f1ea4a232bd06e2286f?s=96&d=mm&r=g","caption":"Paulo Vasconcelos"},"description":"Superior em Pr\u00e1ticas Integrativas e Complementares e p\u00f3s-graduando em psican\u00e1lise cl\u00ednica, atuando no universo das terapias hol\u00edsticas e integrativas. GEM, Grupo de Estudos e Trabalho Medi\u00fanico; Apometria \u2013 terapeuta, dirigente de grupo e facilitador; CNV \u2013 Comunica\u00e7\u00e3o N\u00e3o-Violenta; Teologia de Umbanda; Mitologia Afro-brasileira e Psicologia Anal\u00edtica; T\u00c9CNICAS QUE UTILIZO: ODUZ, APRENDIZADOS DO CAMINHO; APOMETRIA; LEITURA DE REGISTROS AK\u00c1SHICOS; C\u00cdRCULO SIST\u00caMICO DA VIDA; RADIESTESIA; REIKI USUI; PSICOSSOM\u00c1TICA; GEOBIOLOGIA ESPIRITUAL;","url":"https:\/\/benditoser.com.br\/en\/author\/paulo\/"}]}},"publishpress_future_action":{"enabled":false,"date":"2026-09-07 22:54:23","action":"change-status","newStatus":"draft","terms":[],"taxonomy":"category","extraData":[]},"publishpress_future_workflow_manual_trigger":{"enabledWorkflows":[]},"_links":{"self":[{"href":"https:\/\/benditoser.com.br\/en\/wp-json\/wp\/v2\/posts\/14609","targetHints":{"allow":["GET"]}}],"collection":[{"href":"https:\/\/benditoser.com.br\/en\/wp-json\/wp\/v2\/posts"}],"about":[{"href":"https:\/\/benditoser.com.br\/en\/wp-json\/wp\/v2\/types\/post"}],"author":[{"embeddable":true,"href":"https:\/\/benditoser.com.br\/en\/wp-json\/wp\/v2\/users\/2"}],"replies":[{"embeddable":true,"href":"https:\/\/benditoser.com.br\/en\/wp-json\/wp\/v2\/comments?post=14609"}],"version-history":[{"count":3,"href":"https:\/\/benditoser.com.br\/en\/wp-json\/wp\/v2\/posts\/14609\/revisions"}],"predecessor-version":[{"id":14613,"href":"https:\/\/benditoser.com.br\/en\/wp-json\/wp\/v2\/posts\/14609\/revisions\/14613"}],"wp:featuredmedia":[{"embeddable":true,"href":"https:\/\/benditoser.com.br\/en\/wp-json\/wp\/v2\/media\/14610"}],"wp:attachment":[{"href":"https:\/\/benditoser.com.br\/en\/wp-json\/wp\/v2\/media?parent=14609"}],"wp:term":[{"taxonomy":"category","embeddable":true,"href":"https:\/\/benditoser.com.br\/en\/wp-json\/wp\/v2\/categories?post=14609"},{"taxonomy":"post_tag","embeddable":true,"href":"https:\/\/benditoser.com.br\/en\/wp-json\/wp\/v2\/tags?post=14609"}],"curies":[{"name":"wp","href":"https:\/\/api.w.org\/{rel}","templated":true}]}}