{"id":14643,"date":"2026-02-26T00:15:08","date_gmt":"2026-02-26T03:15:08","guid":{"rendered":"https:\/\/benditoser.com.br\/?p=14643"},"modified":"2026-02-26T00:16:16","modified_gmt":"2026-02-26T03:16:16","slug":"sua-familia-ja-fez-voce-se-sentir-culpada-por-estar-bem","status":"publish","type":"post","link":"https:\/\/benditoser.com.br\/en\/sua-familia-ja-fez-voce-se-sentir-culpada-por-estar-bem\/","title":{"rendered":"Sua fam\u00edlia j\u00e1 fez voc\u00ea se sentir culpada por estar bem?"},"content":{"rendered":"<p data-start=\"1496\" data-end=\"1554\">Existe uma culpa que n\u00e3o vem da moral.<br data-start=\"1534\" data-end=\"1537\" \/>Vem da estrutura.<\/p>\n<p data-start=\"1556\" data-end=\"1633\">Ela n\u00e3o diz \u201cvoc\u00ea fez algo errado\u201d.<br data-start=\"1591\" data-end=\"1594\" \/>Ela diz: \u201cvoc\u00ea est\u00e1 indo longe demais\u201d.<\/p>\n<p data-start=\"1635\" data-end=\"1809\">Em fam\u00edlias marcadas por interrup\u00e7\u00f5es \u2014 mortes precoces, depress\u00f5es cr\u00f4nicas, fal\u00eancias emocionais, apagamentos \u2014 forma-se um campo impl\u00edcito de pertencimento baseado na dor.<\/p>\n<p data-start=\"1811\" data-end=\"1902\">O sofrimento cria v\u00ednculo.<br data-start=\"1837\" data-end=\"1840\" \/>A sobreviv\u00eancia cria identidade.<br data-start=\"1872\" data-end=\"1875\" \/>A repeti\u00e7\u00e3o cria seguran\u00e7a.<\/p>\n<p data-start=\"1904\" data-end=\"1985\">Quando algu\u00e9m come\u00e7a a viver com mais vitalidade, algo interno entra em conflito.<\/p>\n<p data-start=\"1987\" data-end=\"2044\">A consci\u00eancia quer expans\u00e3o.<br data-start=\"2015\" data-end=\"2018\" \/>A lealdade quer repeti\u00e7\u00e3o.<\/p>\n<p data-start=\"2046\" data-end=\"2067\">E o corpo sente isso.<\/p>\n<p data-start=\"2069\" data-end=\"2113\">Muitas pessoas que chegam \u00e0 cl\u00ednica relatam:<\/p>\n<p data-start=\"2115\" data-end=\"2272\">\u2013 culpa ao prosperar<br data-start=\"2135\" data-end=\"2138\" \/>\u2013 medo difuso quando est\u00e3o felizes<br data-start=\"2172\" data-end=\"2175\" \/>\u2013 necessidade de criar problemas quando tudo est\u00e1 bem<br data-start=\"2228\" data-end=\"2231\" \/>\u2013 dificuldade de sustentar estabilidade<\/p>\n<p data-start=\"2274\" data-end=\"2335\">N\u00e3o \u00e9 autossabotagem simples.<br data-start=\"2303\" data-end=\"2306\" \/>\u00c9 pertencimento inconsciente.<\/p>\n<p data-start=\"2337\" data-end=\"2496\">O sistema familiar funciona por identifica\u00e7\u00e3o.<br data-start=\"2383\" data-end=\"2386\" \/>Se muitos n\u00e3o viveram, viver pode parecer arrog\u00e2ncia.<br data-start=\"2439\" data-end=\"2442\" \/>Se muitos fracassaram, prosperar pode parecer trai\u00e7\u00e3o.<\/p>\n<p data-start=\"2498\" data-end=\"2531\">Mas aqui est\u00e1 a virada essencial:<\/p>\n<p data-start=\"2533\" data-end=\"2604\">Romper um padr\u00e3o n\u00e3o rompe o amor.<br data-start=\"2567\" data-end=\"2570\" \/>Romper o padr\u00e3o rompe a repeti\u00e7\u00e3o.<\/p>\n<p data-start=\"2606\" data-end=\"2721\">Quando algu\u00e9m se autoriza a viver, algo novo entra no sistema.<br data-start=\"2668\" data-end=\"2671\" \/>E, paradoxalmente, isso amplia o campo para todos.<\/p>\n<p data-start=\"2723\" data-end=\"2832\">A culpa, nesse processo, \u00e9 um sintoma de transi\u00e7\u00e3o.<br data-start=\"2774\" data-end=\"2777\" \/>Ela indica que a identidade antiga est\u00e1 cedendo espa\u00e7o.<\/p>\n<p data-start=\"2834\" data-end=\"2895\">A pergunta n\u00e3o \u00e9:<br data-start=\"2851\" data-end=\"2854\" \/>\u201cPor que me sinto culpado por estar bem?\u201d<\/p>\n<p data-start=\"2897\" data-end=\"2964\">A pergunta \u00e9:<br data-start=\"2910\" data-end=\"2913\" \/>\u201cEstou disposto a viver mesmo sentindo essa culpa?\u201d<\/p>\n<p data-start=\"2966\" data-end=\"3053\">Porque maturidade n\u00e3o \u00e9 aus\u00eancia de conflito interno.<br data-start=\"3019\" data-end=\"3022\" \/>\u00c9 a capacidade de atravess\u00e1-lo.<\/p>\n<p data-start=\"3055\" data-end=\"3218\">No Benditoser, n\u00e3o trabalhamos para eliminar a culpa rapidamente.<br data-start=\"3120\" data-end=\"3123\" \/>Trabalhamos para entender de onde ela vem \u2014 e para que voc\u00ea possa escolher viver apesar dela.<\/p>","protected":false},"excerpt":{"rendered":"<p>Existe uma culpa que n\u00e3o vem da moral.Vem da estrutura. Ela n\u00e3o diz \u201cvoc\u00ea fez algo errado\u201d.Ela diz: \u201cvoc\u00ea est\u00e1 indo longe demais\u201d. Em fam\u00edlias marcadas por interrup\u00e7\u00f5es \u2014 mortes precoces, depress\u00f5es cr\u00f4nicas, fal\u00eancias emocionais, apagamentos \u2014 forma-se um campo impl\u00edcito de pertencimento baseado na [&hellip;]<\/p>\n","protected":false},"author":2,"featured_media":14644,"comment_status":"open","ping_status":"open","sticky":false,"template":"","format":"standard","meta":{"om_disable_all_campaigns":false,"_monsterinsights_skip_tracking":false,"_uf_show_specific_survey":0,"_uf_disable_surveys":false,"footnotes":""},"categories":[234,262,221],"tags":[274],"class_list":["post-14643","post","type-post","status-publish","format-standard","has-post-thumbnail","hentry","category-despertar-de-consciencia","category-psicologia-analitica","category-tratamento-familiar","tag-culpa-sistemica-familia"],"yoast_head":"<!-- This site is optimized with the Yoast SEO plugin v28.3 - https:\/\/yoast.com\/product\/yoast-seo-wordpress\/ -->\n<title>Sua fam\u00edlia j\u00e1 fez voc\u00ea se sentir culpada por estar bem? - Benditoser<\/title>\n<meta name=\"description\" content=\"Sentir culpa por estar bem pode revelar lealdades invis\u00edveis ao sistema familiar. Entenda como romper padr\u00f5es sem romper o amor.\" \/>\n<meta name=\"robots\" content=\"index, follow, max-snippet:-1, max-image-preview:large, max-video-preview:-1\" \/>\n<link rel=\"canonical\" href=\"https:\/\/benditoser.com.br\/en\/sua-familia-ja-fez-voce-se-sentir-culpada-por-estar-bem\/\" \/>\n<meta property=\"og:locale\" content=\"en_US\" \/>\n<meta property=\"og:type\" content=\"article\" \/>\n<meta property=\"og:title\" content=\"Sua fam\u00edlia j\u00e1 fez voc\u00ea se sentir culpada por estar bem? - Benditoser\" \/>\n<meta property=\"og:description\" content=\"Sentir culpa por estar bem pode revelar lealdades invis\u00edveis ao sistema familiar. Entenda como romper padr\u00f5es sem romper o amor.\" \/>\n<meta property=\"og:url\" content=\"https:\/\/benditoser.com.br\/en\/sua-familia-ja-fez-voce-se-sentir-culpada-por-estar-bem\/\" \/>\n<meta property=\"og:site_name\" content=\"Benditoser\" \/>\n<meta property=\"article:publisher\" content=\"https:\/\/www.facebook.com\/benditoser.com.br\" \/>\n<meta property=\"article:published_time\" content=\"2026-02-26T03:15:08+00:00\" \/>\n<meta property=\"article:modified_time\" content=\"2026-02-26T03:16:16+00:00\" \/>\n<meta property=\"og:image\" content=\"https:\/\/benditoser.com.br\/wp-content\/uploads\/2026\/02\/culpa-por-estar-bem-familia.jpg\" \/>\n\t<meta property=\"og:image:width\" content=\"768\" \/>\n\t<meta property=\"og:image:height\" content=\"402\" \/>\n\t<meta property=\"og:image:type\" content=\"image\/jpeg\" \/>\n<meta name=\"author\" content=\"Paulo Vasconcelos\" \/>\n<meta name=\"twitter:card\" content=\"summary_large_image\" \/>\n<meta name=\"twitter:label1\" content=\"Written by\" \/>\n\t<meta name=\"twitter:data1\" content=\"Paulo Vasconcelos\" \/>\n\t<meta name=\"twitter:label2\" content=\"Est. reading time\" \/>\n\t<meta name=\"twitter:data2\" content=\"2 minutes\" \/>\n<script type=\"application\/ld+json\" class=\"yoast-schema-graph\">{\"@context\":\"https:\\\/\\\/schema.org\",\"@graph\":[{\"@type\":\"Article\",\"@id\":\"https:\\\/\\\/benditoser.com.br\\\/sua-familia-ja-fez-voce-se-sentir-culpada-por-estar-bem\\\/#article\",\"isPartOf\":{\"@id\":\"https:\\\/\\\/benditoser.com.br\\\/sua-familia-ja-fez-voce-se-sentir-culpada-por-estar-bem\\\/\"},\"author\":{\"name\":\"Paulo Vasconcelos\",\"@id\":\"https:\\\/\\\/benditoser.com.br\\\/#\\\/schema\\\/person\\\/1b910a9b2b037ddc492a3b2e8dc4adb2\"},\"headline\":\"Sua fam\u00edlia j\u00e1 fez voc\u00ea se sentir culpada por estar bem?\",\"datePublished\":\"2026-02-26T03:15:08+00:00\",\"dateModified\":\"2026-02-26T03:16:16+00:00\",\"mainEntityOfPage\":{\"@id\":\"https:\\\/\\\/benditoser.com.br\\\/sua-familia-ja-fez-voce-se-sentir-culpada-por-estar-bem\\\/\"},\"wordCount\":296,\"commentCount\":0,\"publisher\":{\"@id\":\"https:\\\/\\\/benditoser.com.br\\\/#organization\"},\"image\":{\"@id\":\"https:\\\/\\\/benditoser.com.br\\\/sua-familia-ja-fez-voce-se-sentir-culpada-por-estar-bem\\\/#primaryimage\"},\"thumbnailUrl\":\"https:\\\/\\\/benditoser.com.br\\\/wp-content\\\/uploads\\\/2026\\\/02\\\/culpa-por-estar-bem-familia.jpg\",\"keywords\":[\"Culpa Sist\u00eamica; Fam\u00edlia;\"],\"articleSection\":[\"Despertar de Consci\u00eancia\",\"Psicologia Anal\u00edtica\",\"Tratamento Familiar\"],\"inLanguage\":\"en-US\",\"potentialAction\":[{\"@type\":\"CommentAction\",\"name\":\"Comment\",\"target\":[\"https:\\\/\\\/benditoser.com.br\\\/sua-familia-ja-fez-voce-se-sentir-culpada-por-estar-bem\\\/#respond\"]}]},{\"@type\":\"WebPage\",\"@id\":\"https:\\\/\\\/benditoser.com.br\\\/sua-familia-ja-fez-voce-se-sentir-culpada-por-estar-bem\\\/\",\"url\":\"https:\\\/\\\/benditoser.com.br\\\/sua-familia-ja-fez-voce-se-sentir-culpada-por-estar-bem\\\/\",\"name\":\"Sua fam\u00edlia j\u00e1 fez voc\u00ea se sentir culpada por estar bem? - Benditoser\",\"isPartOf\":{\"@id\":\"https:\\\/\\\/benditoser.com.br\\\/#website\"},\"primaryImageOfPage\":{\"@id\":\"https:\\\/\\\/benditoser.com.br\\\/sua-familia-ja-fez-voce-se-sentir-culpada-por-estar-bem\\\/#primaryimage\"},\"image\":{\"@id\":\"https:\\\/\\\/benditoser.com.br\\\/sua-familia-ja-fez-voce-se-sentir-culpada-por-estar-bem\\\/#primaryimage\"},\"thumbnailUrl\":\"https:\\\/\\\/benditoser.com.br\\\/wp-content\\\/uploads\\\/2026\\\/02\\\/culpa-por-estar-bem-familia.jpg\",\"datePublished\":\"2026-02-26T03:15:08+00:00\",\"dateModified\":\"2026-02-26T03:16:16+00:00\",\"description\":\"Sentir culpa por estar bem pode revelar lealdades invis\u00edveis ao sistema familiar. Entenda como romper padr\u00f5es sem romper o amor.\",\"breadcrumb\":{\"@id\":\"https:\\\/\\\/benditoser.com.br\\\/sua-familia-ja-fez-voce-se-sentir-culpada-por-estar-bem\\\/#breadcrumb\"},\"inLanguage\":\"en-US\",\"potentialAction\":[{\"@type\":\"ReadAction\",\"target\":[\"https:\\\/\\\/benditoser.com.br\\\/sua-familia-ja-fez-voce-se-sentir-culpada-por-estar-bem\\\/\"]}]},{\"@type\":\"ImageObject\",\"inLanguage\":\"en-US\",\"@id\":\"https:\\\/\\\/benditoser.com.br\\\/sua-familia-ja-fez-voce-se-sentir-culpada-por-estar-bem\\\/#primaryimage\",\"url\":\"https:\\\/\\\/benditoser.com.br\\\/wp-content\\\/uploads\\\/2026\\\/02\\\/culpa-por-estar-bem-familia.jpg\",\"contentUrl\":\"https:\\\/\\\/benditoser.com.br\\\/wp-content\\\/uploads\\\/2026\\\/02\\\/culpa-por-estar-bem-familia.jpg\",\"width\":768,\"height\":402},{\"@type\":\"BreadcrumbList\",\"@id\":\"https:\\\/\\\/benditoser.com.br\\\/sua-familia-ja-fez-voce-se-sentir-culpada-por-estar-bem\\\/#breadcrumb\",\"itemListElement\":[{\"@type\":\"ListItem\",\"position\":1,\"name\":\"In\u00edcio\",\"item\":\"https:\\\/\\\/benditoser.com.br\\\/\"},{\"@type\":\"ListItem\",\"position\":2,\"name\":\"Sua fam\u00edlia j\u00e1 fez voc\u00ea se sentir culpada por estar bem?\"}]},{\"@type\":\"WebSite\",\"@id\":\"https:\\\/\\\/benditoser.com.br\\\/#website\",\"url\":\"https:\\\/\\\/benditoser.com.br\\\/\",\"name\":\"Benditoser\",\"description\":\"Terapias\",\"publisher\":{\"@id\":\"https:\\\/\\\/benditoser.com.br\\\/#organization\"},\"potentialAction\":[{\"@type\":\"SearchAction\",\"target\":{\"@type\":\"EntryPoint\",\"urlTemplate\":\"https:\\\/\\\/benditoser.com.br\\\/?s={search_term_string}\"},\"query-input\":{\"@type\":\"PropertyValueSpecification\",\"valueRequired\":true,\"valueName\":\"search_term_string\"}}],\"inLanguage\":\"en-US\"},{\"@type\":\"Organization\",\"@id\":\"https:\\\/\\\/benditoser.com.br\\\/#organization\",\"name\":\"Benditoser\",\"url\":\"https:\\\/\\\/benditoser.com.br\\\/\",\"logo\":{\"@type\":\"ImageObject\",\"inLanguage\":\"en-US\",\"@id\":\"https:\\\/\\\/benditoser.com.br\\\/#\\\/schema\\\/logo\\\/image\\\/\",\"url\":\"https:\\\/\\\/benditoser.com.br\\\/wp-content\\\/uploads\\\/2025\\\/05\\\/cropped-logo-bendito-ser-site.png\",\"contentUrl\":\"https:\\\/\\\/benditoser.com.br\\\/wp-content\\\/uploads\\\/2025\\\/05\\\/cropped-logo-bendito-ser-site.png\",\"width\":220,\"height\":44,\"caption\":\"Benditoser\"},\"image\":{\"@id\":\"https:\\\/\\\/benditoser.com.br\\\/#\\\/schema\\\/logo\\\/image\\\/\"},\"sameAs\":[\"https:\\\/\\\/www.facebook.com\\\/benditoser.com.br\",\"https:\\\/\\\/www.instagram.com\\\/benditoser.com.br\\\/\"]},{\"@type\":\"Person\",\"@id\":\"https:\\\/\\\/benditoser.com.br\\\/#\\\/schema\\\/person\\\/1b910a9b2b037ddc492a3b2e8dc4adb2\",\"name\":\"Paulo Vasconcelos\",\"image\":{\"@type\":\"ImageObject\",\"inLanguage\":\"en-US\",\"@id\":\"https:\\\/\\\/secure.gravatar.com\\\/avatar\\\/34be8b8f301baee1d34ae5e8fc205d12bdfd859131ea8f1ea4a232bd06e2286f?s=96&d=mm&r=g\",\"url\":\"https:\\\/\\\/secure.gravatar.com\\\/avatar\\\/34be8b8f301baee1d34ae5e8fc205d12bdfd859131ea8f1ea4a232bd06e2286f?s=96&d=mm&r=g\",\"contentUrl\":\"https:\\\/\\\/secure.gravatar.com\\\/avatar\\\/34be8b8f301baee1d34ae5e8fc205d12bdfd859131ea8f1ea4a232bd06e2286f?s=96&d=mm&r=g\",\"caption\":\"Paulo Vasconcelos\"},\"description\":\"Superior em Pr\u00e1ticas Integrativas e Complementares e p\u00f3s-graduando em psican\u00e1lise cl\u00ednica, atuando no universo das terapias hol\u00edsticas e integrativas. GEM, Grupo de Estudos e Trabalho Medi\u00fanico; Apometria \u2013 terapeuta, dirigente de grupo e facilitador; CNV \u2013 Comunica\u00e7\u00e3o N\u00e3o-Violenta; Teologia de Umbanda; Mitologia Afro-brasileira e Psicologia Anal\u00edtica; T\u00c9CNICAS QUE UTILIZO: ODUZ, APRENDIZADOS DO CAMINHO; APOMETRIA; LEITURA DE REGISTROS AK\u00c1SHICOS; C\u00cdRCULO SIST\u00caMICO DA VIDA; RADIESTESIA; REIKI USUI; PSICOSSOM\u00c1TICA; GEOBIOLOGIA ESPIRITUAL;\",\"url\":\"https:\\\/\\\/benditoser.com.br\\\/en\\\/author\\\/paulo\\\/\"}]}<\/script>\n<!-- \/ Yoast SEO plugin. -->","yoast_head_json":{"title":"Sua fam\u00edlia j\u00e1 fez voc\u00ea se sentir culpada por estar bem? - Benditoser","description":"Sentir culpa por estar bem pode revelar lealdades invis\u00edveis ao sistema familiar. Entenda como romper padr\u00f5es sem romper o amor.","robots":{"index":"index","follow":"follow","max-snippet":"max-snippet:-1","max-image-preview":"max-image-preview:large","max-video-preview":"max-video-preview:-1"},"canonical":"https:\/\/benditoser.com.br\/en\/sua-familia-ja-fez-voce-se-sentir-culpada-por-estar-bem\/","og_locale":"en_US","og_type":"article","og_title":"Sua fam\u00edlia j\u00e1 fez voc\u00ea se sentir culpada por estar bem? - Benditoser","og_description":"Sentir culpa por estar bem pode revelar lealdades invis\u00edveis ao sistema familiar. Entenda como romper padr\u00f5es sem romper o amor.","og_url":"https:\/\/benditoser.com.br\/en\/sua-familia-ja-fez-voce-se-sentir-culpada-por-estar-bem\/","og_site_name":"Benditoser","article_publisher":"https:\/\/www.facebook.com\/benditoser.com.br","article_published_time":"2026-02-26T03:15:08+00:00","article_modified_time":"2026-02-26T03:16:16+00:00","og_image":[{"width":768,"height":402,"url":"https:\/\/benditoser.com.br\/wp-content\/uploads\/2026\/02\/culpa-por-estar-bem-familia.jpg","type":"image\/jpeg"}],"author":"Paulo Vasconcelos","twitter_card":"summary_large_image","twitter_misc":{"Written by":"Paulo Vasconcelos","Est. reading time":"2 minutes"},"schema":{"@context":"https:\/\/schema.org","@graph":[{"@type":"Article","@id":"https:\/\/benditoser.com.br\/sua-familia-ja-fez-voce-se-sentir-culpada-por-estar-bem\/#article","isPartOf":{"@id":"https:\/\/benditoser.com.br\/sua-familia-ja-fez-voce-se-sentir-culpada-por-estar-bem\/"},"author":{"name":"Paulo Vasconcelos","@id":"https:\/\/benditoser.com.br\/#\/schema\/person\/1b910a9b2b037ddc492a3b2e8dc4adb2"},"headline":"Sua fam\u00edlia j\u00e1 fez voc\u00ea se sentir culpada por estar bem?","datePublished":"2026-02-26T03:15:08+00:00","dateModified":"2026-02-26T03:16:16+00:00","mainEntityOfPage":{"@id":"https:\/\/benditoser.com.br\/sua-familia-ja-fez-voce-se-sentir-culpada-por-estar-bem\/"},"wordCount":296,"commentCount":0,"publisher":{"@id":"https:\/\/benditoser.com.br\/#organization"},"image":{"@id":"https:\/\/benditoser.com.br\/sua-familia-ja-fez-voce-se-sentir-culpada-por-estar-bem\/#primaryimage"},"thumbnailUrl":"https:\/\/benditoser.com.br\/wp-content\/uploads\/2026\/02\/culpa-por-estar-bem-familia.jpg","keywords":["Culpa Sist\u00eamica; Fam\u00edlia;"],"articleSection":["Despertar de Consci\u00eancia","Psicologia Anal\u00edtica","Tratamento Familiar"],"inLanguage":"en-US","potentialAction":[{"@type":"CommentAction","name":"Comment","target":["https:\/\/benditoser.com.br\/sua-familia-ja-fez-voce-se-sentir-culpada-por-estar-bem\/#respond"]}]},{"@type":"WebPage","@id":"https:\/\/benditoser.com.br\/sua-familia-ja-fez-voce-se-sentir-culpada-por-estar-bem\/","url":"https:\/\/benditoser.com.br\/sua-familia-ja-fez-voce-se-sentir-culpada-por-estar-bem\/","name":"Sua fam\u00edlia j\u00e1 fez voc\u00ea se sentir culpada por estar bem? - Benditoser","isPartOf":{"@id":"https:\/\/benditoser.com.br\/#website"},"primaryImageOfPage":{"@id":"https:\/\/benditoser.com.br\/sua-familia-ja-fez-voce-se-sentir-culpada-por-estar-bem\/#primaryimage"},"image":{"@id":"https:\/\/benditoser.com.br\/sua-familia-ja-fez-voce-se-sentir-culpada-por-estar-bem\/#primaryimage"},"thumbnailUrl":"https:\/\/benditoser.com.br\/wp-content\/uploads\/2026\/02\/culpa-por-estar-bem-familia.jpg","datePublished":"2026-02-26T03:15:08+00:00","dateModified":"2026-02-26T03:16:16+00:00","description":"Sentir culpa por estar bem pode revelar lealdades invis\u00edveis ao sistema familiar. Entenda como romper padr\u00f5es sem romper o amor.","breadcrumb":{"@id":"https:\/\/benditoser.com.br\/sua-familia-ja-fez-voce-se-sentir-culpada-por-estar-bem\/#breadcrumb"},"inLanguage":"en-US","potentialAction":[{"@type":"ReadAction","target":["https:\/\/benditoser.com.br\/sua-familia-ja-fez-voce-se-sentir-culpada-por-estar-bem\/"]}]},{"@type":"ImageObject","inLanguage":"en-US","@id":"https:\/\/benditoser.com.br\/sua-familia-ja-fez-voce-se-sentir-culpada-por-estar-bem\/#primaryimage","url":"https:\/\/benditoser.com.br\/wp-content\/uploads\/2026\/02\/culpa-por-estar-bem-familia.jpg","contentUrl":"https:\/\/benditoser.com.br\/wp-content\/uploads\/2026\/02\/culpa-por-estar-bem-familia.jpg","width":768,"height":402},{"@type":"BreadcrumbList","@id":"https:\/\/benditoser.com.br\/sua-familia-ja-fez-voce-se-sentir-culpada-por-estar-bem\/#breadcrumb","itemListElement":[{"@type":"ListItem","position":1,"name":"In\u00edcio","item":"https:\/\/benditoser.com.br\/"},{"@type":"ListItem","position":2,"name":"Sua fam\u00edlia j\u00e1 fez voc\u00ea se sentir culpada por estar bem?"}]},{"@type":"WebSite","@id":"https:\/\/benditoser.com.br\/#website","url":"https:\/\/benditoser.com.br\/","name":"Benditoser","description":"Terapias","publisher":{"@id":"https:\/\/benditoser.com.br\/#organization"},"potentialAction":[{"@type":"SearchAction","target":{"@type":"EntryPoint","urlTemplate":"https:\/\/benditoser.com.br\/?s={search_term_string}"},"query-input":{"@type":"PropertyValueSpecification","valueRequired":true,"valueName":"search_term_string"}}],"inLanguage":"en-US"},{"@type":"Organization","@id":"https:\/\/benditoser.com.br\/#organization","name":"Benditoser","url":"https:\/\/benditoser.com.br\/","logo":{"@type":"ImageObject","inLanguage":"en-US","@id":"https:\/\/benditoser.com.br\/#\/schema\/logo\/image\/","url":"https:\/\/benditoser.com.br\/wp-content\/uploads\/2025\/05\/cropped-logo-bendito-ser-site.png","contentUrl":"https:\/\/benditoser.com.br\/wp-content\/uploads\/2025\/05\/cropped-logo-bendito-ser-site.png","width":220,"height":44,"caption":"Benditoser"},"image":{"@id":"https:\/\/benditoser.com.br\/#\/schema\/logo\/image\/"},"sameAs":["https:\/\/www.facebook.com\/benditoser.com.br","https:\/\/www.instagram.com\/benditoser.com.br\/"]},{"@type":"Person","@id":"https:\/\/benditoser.com.br\/#\/schema\/person\/1b910a9b2b037ddc492a3b2e8dc4adb2","name":"Paulo Vasconcelos","image":{"@type":"ImageObject","inLanguage":"en-US","@id":"https:\/\/secure.gravatar.com\/avatar\/34be8b8f301baee1d34ae5e8fc205d12bdfd859131ea8f1ea4a232bd06e2286f?s=96&d=mm&r=g","url":"https:\/\/secure.gravatar.com\/avatar\/34be8b8f301baee1d34ae5e8fc205d12bdfd859131ea8f1ea4a232bd06e2286f?s=96&d=mm&r=g","contentUrl":"https:\/\/secure.gravatar.com\/avatar\/34be8b8f301baee1d34ae5e8fc205d12bdfd859131ea8f1ea4a232bd06e2286f?s=96&d=mm&r=g","caption":"Paulo Vasconcelos"},"description":"Superior em Pr\u00e1ticas Integrativas e Complementares e p\u00f3s-graduando em psican\u00e1lise cl\u00ednica, atuando no universo das terapias hol\u00edsticas e integrativas. GEM, Grupo de Estudos e Trabalho Medi\u00fanico; Apometria \u2013 terapeuta, dirigente de grupo e facilitador; CNV \u2013 Comunica\u00e7\u00e3o N\u00e3o-Violenta; Teologia de Umbanda; Mitologia Afro-brasileira e Psicologia Anal\u00edtica; T\u00c9CNICAS QUE UTILIZO: ODUZ, APRENDIZADOS DO CAMINHO; APOMETRIA; LEITURA DE REGISTROS AK\u00c1SHICOS; C\u00cdRCULO SIST\u00caMICO DA VIDA; RADIESTESIA; REIKI USUI; PSICOSSOM\u00c1TICA; GEOBIOLOGIA ESPIRITUAL;","url":"https:\/\/benditoser.com.br\/en\/author\/paulo\/"}]}},"publishpress_future_action":{"enabled":false,"date":"2026-09-07 22:09:49","action":"change-status","newStatus":"draft","terms":[],"taxonomy":"category","extraData":[]},"publishpress_future_workflow_manual_trigger":{"enabledWorkflows":[]},"_links":{"self":[{"href":"https:\/\/benditoser.com.br\/en\/wp-json\/wp\/v2\/posts\/14643","targetHints":{"allow":["GET"]}}],"collection":[{"href":"https:\/\/benditoser.com.br\/en\/wp-json\/wp\/v2\/posts"}],"about":[{"href":"https:\/\/benditoser.com.br\/en\/wp-json\/wp\/v2\/types\/post"}],"author":[{"embeddable":true,"href":"https:\/\/benditoser.com.br\/en\/wp-json\/wp\/v2\/users\/2"}],"replies":[{"embeddable":true,"href":"https:\/\/benditoser.com.br\/en\/wp-json\/wp\/v2\/comments?post=14643"}],"version-history":[{"count":3,"href":"https:\/\/benditoser.com.br\/en\/wp-json\/wp\/v2\/posts\/14643\/revisions"}],"predecessor-version":[{"id":14874,"href":"https:\/\/benditoser.com.br\/en\/wp-json\/wp\/v2\/posts\/14643\/revisions\/14874"}],"wp:featuredmedia":[{"embeddable":true,"href":"https:\/\/benditoser.com.br\/en\/wp-json\/wp\/v2\/media\/14644"}],"wp:attachment":[{"href":"https:\/\/benditoser.com.br\/en\/wp-json\/wp\/v2\/media?parent=14643"}],"wp:term":[{"taxonomy":"category","embeddable":true,"href":"https:\/\/benditoser.com.br\/en\/wp-json\/wp\/v2\/categories?post=14643"},{"taxonomy":"post_tag","embeddable":true,"href":"https:\/\/benditoser.com.br\/en\/wp-json\/wp\/v2\/tags?post=14643"}],"curies":[{"name":"wp","href":"https:\/\/api.w.org\/{rel}","templated":true}]}}