{"id":14908,"date":"2026-04-28T01:13:46","date_gmt":"2026-04-28T04:13:46","guid":{"rendered":"https:\/\/benditoser.com.br\/?p=14908"},"modified":"2026-04-28T01:17:58","modified_gmt":"2026-04-28T04:17:58","slug":"produtiva-mas-cansada-emocionalmente","status":"publish","type":"post","link":"https:\/\/benditoser.com.br\/en\/produtiva-mas-cansada-emocionalmente\/","title":{"rendered":"Voc\u00ea \u00e9 produtiva, respons\u00e1vel e dedicada\u2026 mas indispon\u00edvel pra si mesma?"},"content":{"rendered":"<h4>Quando o trabalho deixa de ser prop\u00f3sito e vira um jeito elegante de evitar a pr\u00f3pria vida<\/h4>\n<p class=\"isSelectedEnd\">Voc\u00ea d\u00e1 conta de tudo.<\/p>\n<p class=\"isSelectedEnd\">Trabalho, rotina, responsabilidades. Resolve problemas, cumpre prazos, sustenta demandas.<\/p>\n<p class=\"isSelectedEnd\">Por fora, funciona.\u00a0Mas existe uma pergunta inc\u00f4moda que quase n\u00e3o aparece \u2014 ou \u00e9 rapidamente evitada:<\/p>\n<p class=\"isSelectedEnd\"><strong>quem \u00e9 voc\u00ea quando n\u00e3o est\u00e1 fazendo nada?<\/strong><\/p>\n<p class=\"isSelectedEnd\">Se essa pergunta te d\u00e1 um leve desconforto\u2026 talvez esse texto seja sobre voc\u00ea.<\/p>\n<h2><\/h2>\n<h2><strong>Produtividade, ansiedade e exaust\u00e3o emocional: quando tudo \u201cfunciona\u201d, mas voc\u00ea n\u00e3o<\/strong><\/h2>\n<p class=\"isSelectedEnd\">Existe um tipo de cansa\u00e7o que n\u00e3o se resolve com descanso.<\/p>\n<p class=\"isSelectedEnd\">Porque n\u00e3o vem do excesso de tarefas. Vem do excesso de evita\u00e7\u00e3o.<\/p>\n<p class=\"isSelectedEnd\">Voc\u00ea continua funcionando, mas com sinais internos como:<\/p>\n<ul data-spread=\"false\">\n<li>ansiedade quando tenta desacelerar<\/li>\n<li>dificuldade de relaxar sem se sentir \u201cculpada\u201d<\/li>\n<li>sensa\u00e7\u00e3o de vazio nos momentos de pausa<\/li>\n<li>necessidade constante de estar ocupada<\/li>\n<\/ul>\n<p class=\"isSelectedEnd\">Isso costuma ser confundido com rotina intensa ou alta performance.\u00a0Mas, em muitos casos, \u00e9 <strong>exaust\u00e3o emocional sustentada pela produtividade<\/strong>.<\/p>\n<h2><\/h2>\n<h2><strong>Quando o trabalho vira fuga emocional (e ningu\u00e9m percebe)<\/strong><\/h2>\n<p class=\"isSelectedEnd\">O trabalho pode ser muitas coisas: prop\u00f3sito, constru\u00e7\u00e3o, realiza\u00e7\u00e3o.\u00a0Mas tamb\u00e9m pode se tornar um mecanismo sofisticado de defesa.\u00a0Porque ele oferece tr\u00eas coisas muito sedutoras:<\/p>\n<p class=\"isSelectedEnd\">\u2192 sensa\u00e7\u00e3o de utilidade<br \/>\n\u2192 reconhecimento externo<br \/>\n\u2192 sensa\u00e7\u00e3o de controle<\/p>\n<p class=\"isSelectedEnd\">E, enquanto voc\u00ea est\u00e1 nele, tudo parece fazer sentido.<\/p>\n<p class=\"isSelectedEnd\">O problema aparece no intervalo.<\/p>\n<p class=\"isSelectedEnd\">Quando voc\u00ea para\u2026 e n\u00e3o sabe como estar consigo mesma.\u00a0Nesse ponto, o trabalho deixa de ser s\u00f3 trabalho.<\/p>\n<p class=\"isSelectedEnd\">Ele vira um <strong>jeito funcional de evitar o contato interno<\/strong>.<\/p>\n<h2><\/h2>\n<h2><strong>O vazio n\u00e3o \u00e9 falta de identidade \u2014 \u00e9 excesso de distra\u00e7\u00e3o<\/strong><\/h2>\n<p class=\"isSelectedEnd\">Muita gente acredita que est\u00e1 \u201cperdida\u201d.<\/p>\n<p class=\"isSelectedEnd\">Mas, clinicamente, o que aparece com frequ\u00eancia \u00e9 outra coisa:\u00a0<strong>a pessoa n\u00e3o est\u00e1 desconectada de si. ela est\u00e1 evitando esse encontro.<\/strong><\/p>\n<p class=\"isSelectedEnd\">E isso acontece porque existir fora dos pap\u00e9is exige algo que nem sempre foi desenvolvido:<\/p>\n<p class=\"isSelectedEnd\">estrutura emocional para sustentar a pr\u00f3pria identidade.\u00a0Sem isso, ocupar-se \u00e9 mais f\u00e1cil do que se encarar.<\/p>\n<h2><\/h2>\n<h2><strong>Alta performance por fora, indisponibilidade emocional por dentro<\/strong><\/h2>\n<p class=\"isSelectedEnd\">Aqui est\u00e1 o ponto mais delicado:\u00a0esse padr\u00e3o \u00e9 socialmente refor\u00e7ado.<\/p>\n<p class=\"isSelectedEnd\">Voc\u00ea n\u00e3o \u00e9 vista como algu\u00e9m em sofrimento. Voc\u00ea \u00e9 vista como algu\u00e9m forte, respons\u00e1vel, admir\u00e1vel.<\/p>\n<p class=\"isSelectedEnd\">E isso cria um paradoxo:\u00a0quanto melhor voc\u00ea funciona\u2026 menos espa\u00e7o existe para perceber que algo n\u00e3o vai bem.<\/p>\n<p class=\"isSelectedEnd\">Resultado:<\/p>\n<ul data-spread=\"false\">\n<li>voc\u00ea se torna eficiente para o mundo<\/li>\n<li>mas indispon\u00edvel para si mesma<\/li>\n<\/ul>\n<h2><\/h2>\n<h2><strong>Fuga emocional funcional: o padr\u00e3o invis\u00edvel<\/strong><\/h2>\n<p class=\"isSelectedEnd\">Esse funcionamento tem um nome:\u00a0<strong>fuga emocional funcional<\/strong><\/p>\n<p class=\"isSelectedEnd\">\u00c9 quando a pessoa:<\/p>\n<ul data-spread=\"false\">\n<li>se mant\u00e9m constantemente ocupada<\/li>\n<li>evita momentos de sil\u00eancio e presen\u00e7a<\/li>\n<li>usa produtividade como forma de regula\u00e7\u00e3o emocional<\/li>\n<\/ul>\n<p class=\"isSelectedEnd\">E o mais importante:\u00a0isso n\u00e3o \u00e9 falta de for\u00e7a.<\/p>\n<p class=\"isSelectedEnd\">Na maioria das vezes, \u00e9 um padr\u00e3o aprendido \u2014 uma forma de lidar com desconfortos internos que nunca puderam ser elaborados.<\/p>\n<h2><\/h2>\n<h2><strong>Por que desacelerar parece t\u00e3o dif\u00edcil?<\/strong><\/h2>\n<p class=\"isSelectedEnd\">Porque parar n\u00e3o \u00e9 neutro.<\/p>\n<p class=\"isSelectedEnd\">Quando voc\u00ea desacelera, surgem conte\u00fados que estavam sendo evitados:<\/p>\n<ul data-spread=\"false\">\n<li>inseguran\u00e7as<\/li>\n<li>sensa\u00e7\u00e3o de n\u00e3o saber quem \u00e9 fora do papel<\/li>\n<li>necessidade de valida\u00e7\u00e3o<\/li>\n<li>emo\u00e7\u00f5es n\u00e3o processadas<\/li>\n<\/ul>\n<p class=\"isSelectedEnd\">Ent\u00e3o o sistema faz o qu\u00ea?\u00a0te coloca de volta em movimento.\u00a0N\u00e3o por escolha consciente \u2014 mas por condicionamento.<\/p>\n<h2><\/h2>\n<h2><strong>Voc\u00ea n\u00e3o est\u00e1 perdida. Voc\u00ea est\u00e1 se evitando.<\/strong><\/h2>\n<p class=\"isSelectedEnd\">Essa \u00e9 a virada central:<\/p>\n<p class=\"isSelectedEnd\">talvez voc\u00ea n\u00e3o precise se encontrar.<\/p>\n<p class=\"isSelectedEnd\">Talvez precise apenas <strong>parar de se evitar<\/strong>.<\/p>\n<p class=\"isSelectedEnd\">E isso come\u00e7a com algo simples (e desconfort\u00e1vel):<\/p>\n<p class=\"isSelectedEnd\">perceber quando voc\u00ea est\u00e1 se ocupando\u2026<br \/>\nn\u00e3o porque precisa,<br \/>\nmas porque n\u00e3o quer sentir.<\/p>\n<h2><\/h2>\n<h2><strong>Como come\u00e7ar a sair desse ciclo (sem radicalismo)<\/strong><\/h2>\n<p class=\"isSelectedEnd\">N\u00e3o se trata de abandonar o trabalho ou \u201cmudar tudo\u201d.<\/p>\n<p class=\"isSelectedEnd\">Mas de desenvolver consci\u00eancia sobre o seu pr\u00f3prio funcionamento:<\/p>\n<ul data-spread=\"false\">\n<li>observe quando a produtividade vira fuga<\/li>\n<li>perceba o que voc\u00ea sente quando desacelera<\/li>\n<li>identifique onde h\u00e1 presen\u00e7a e onde h\u00e1 automatismo<\/li>\n<\/ul>\n<p class=\"isSelectedEnd\">E, principalmente:\u00a0crie pequenos espa\u00e7os de contato real com voc\u00ea.<\/p>\n<p class=\"isSelectedEnd\">Sem distra\u00e7\u00e3o.<br \/>\nSem fun\u00e7\u00e3o.<br \/>\nSem performance.<\/p>\n<h2><strong>Em resumo<\/strong><\/h2>\n<p class=\"isSelectedEnd\">Voc\u00ea pode continuar sendo produtiva, respons\u00e1vel e dedicada.\u00a0O ponto <strong>n\u00e3o<\/strong> \u00e9 esse.<\/p>\n<p class=\"isSelectedEnd\">O ponto \u00e9:\u00a0<strong>voc\u00ea tamb\u00e9m consegue estar dispon\u00edvel pra si mesma?<\/strong><\/p>\n<p class=\"isSelectedEnd\">Porque, se n\u00e3o consegue, talvez o problema n\u00e3o seja falta de tempo.<\/p>\n<p class=\"isSelectedEnd\">Talvez seja excesso de fuga \u2014 bem organizada, bem aceita\u2026 e silenciosa.<\/p>\n<h2 class=\"isSelectedEnd\"><strong>Se esse texto te atravessou,<\/strong><br \/>\n<strong>talvez seja o momento de olhar<\/strong><br \/>\n<strong>para isso com mais profundidade.<\/strong><\/h2>\n<p class=\"isSelectedEnd\">Na Cl\u00ednica do Invis\u00edvel\u00ae, o trabalho n\u00e3o \u00e9 sobre criar uma nova vers\u00e3o sua.<\/p>\n<p>\u00c9 sobre parar de se evitar \u2014 para finalmente sustentar quem voc\u00ea j\u00e1 \u00e9.<\/p>\n<h2 data-start=\"4236\" data-end=\"4290\">Voc\u00ea n\u00e3o precisa continuar interpretando isso sozinho.<\/h2>\n<p data-start=\"4292\" data-end=\"4418\"><strong data-start=\"4292\" data-end=\"4418\">O diagn\u00f3stico \u00e9 o primeiro passo para entender o que est\u00e1 por tr\u00e1s desse padr\u00e3o \u2014 e abrir novas possibilidades de escolha.<\/strong><\/p>\n<p data-start=\"4420\" data-end=\"4512\">Se fizer sentido para voc\u00ea, conhe\u00e7a o trabalho terap\u00eautico e agende uma conversa inicial.<\/p>","protected":false},"excerpt":{"rendered":"<p>Quando o trabalho deixa de ser prop\u00f3sito e vira um jeito elegante de evitar a pr\u00f3pria vida Voc\u00ea d\u00e1 conta de tudo. Trabalho, rotina, responsabilidades. Resolve problemas, cumpre prazos, sustenta demandas. Por fora, funciona.\u00a0Mas existe uma pergunta inc\u00f4moda que quase n\u00e3o aparece \u2014 ou \u00e9 [&hellip;]<\/p>\n","protected":false},"author":2,"featured_media":14909,"comment_status":"open","ping_status":"open","sticky":false,"template":"","format":"standard","meta":{"om_disable_all_campaigns":false,"_monsterinsights_skip_tracking":false,"_uf_show_specific_survey":0,"_uf_disable_surveys":false,"footnotes":""},"categories":[234,262],"tags":[283,279,285,282,286,284,280,281],"class_list":["post-14908","post","type-post","status-publish","format-standard","has-post-thumbnail","hentry","category-despertar-de-consciencia","category-psicologia-analitica","tag-alta-performance","tag-fuga","tag-heroi","tag-medo-de-viver","tag-salvadora","tag-sem-tempo","tag-trabalho","tag-vida-pessoal"],"yoast_head":"<!-- This site is optimized with the Yoast SEO plugin v28.3 - https:\/\/yoast.com\/product\/yoast-seo-wordpress\/ -->\n<title>Voc\u00ea \u00e9 produtiva, respons\u00e1vel e dedicada\u2026 mas indispon\u00edvel pra si mesma? - Benditoser<\/title>\n<meta name=\"description\" content=\"Voc\u00ea \u00e9 produtiva, respons\u00e1vel e dedicada, mas se sente emocionalmente cansada? Entenda como a produtividade pode esconder uma fuga emocional e por que desacelerar \u00e9 t\u00e3o dif\u00edcil.\" \/>\n<meta name=\"robots\" content=\"index, follow, max-snippet:-1, max-image-preview:large, max-video-preview:-1\" \/>\n<link rel=\"canonical\" href=\"https:\/\/benditoser.com.br\/en\/produtiva-mas-cansada-emocionalmente\/\" \/>\n<meta property=\"og:locale\" content=\"en_US\" \/>\n<meta property=\"og:type\" content=\"article\" \/>\n<meta property=\"og:title\" content=\"Voc\u00ea \u00e9 produtiva, respons\u00e1vel e dedicada\u2026 mas indispon\u00edvel pra si mesma? - Benditoser\" \/>\n<meta property=\"og:description\" content=\"Voc\u00ea \u00e9 produtiva, respons\u00e1vel e dedicada, mas se sente emocionalmente cansada? Entenda como a produtividade pode esconder uma fuga emocional e por que desacelerar \u00e9 t\u00e3o dif\u00edcil.\" \/>\n<meta property=\"og:url\" content=\"https:\/\/benditoser.com.br\/en\/produtiva-mas-cansada-emocionalmente\/\" \/>\n<meta property=\"og:site_name\" content=\"Benditoser\" \/>\n<meta property=\"article:publisher\" content=\"https:\/\/www.facebook.com\/benditoser.com.br\" \/>\n<meta property=\"article:published_time\" content=\"2026-04-28T04:13:46+00:00\" \/>\n<meta property=\"article:modified_time\" content=\"2026-04-28T04:17:58+00:00\" \/>\n<meta property=\"og:image\" content=\"https:\/\/benditoser.com.br\/wp-content\/uploads\/2026\/04\/Midia_mar26_Trabalho-blog.jpg\" \/>\n\t<meta property=\"og:image:width\" content=\"800\" \/>\n\t<meta property=\"og:image:height\" content=\"419\" \/>\n\t<meta property=\"og:image:type\" content=\"image\/jpeg\" \/>\n<meta name=\"author\" content=\"Paulo Vasconcelos\" \/>\n<meta name=\"twitter:card\" content=\"summary_large_image\" \/>\n<meta name=\"twitter:label1\" content=\"Written by\" \/>\n\t<meta name=\"twitter:data1\" content=\"Paulo Vasconcelos\" \/>\n\t<meta name=\"twitter:label2\" content=\"Est. reading time\" \/>\n\t<meta name=\"twitter:data2\" content=\"5 minutes\" \/>\n<script type=\"application\/ld+json\" class=\"yoast-schema-graph\">{\"@context\":\"https:\\\/\\\/schema.org\",\"@graph\":[{\"@type\":\"Article\",\"@id\":\"https:\\\/\\\/benditoser.com.br\\\/produtiva-mas-cansada-emocionalmente\\\/#article\",\"isPartOf\":{\"@id\":\"https:\\\/\\\/benditoser.com.br\\\/produtiva-mas-cansada-emocionalmente\\\/\"},\"author\":{\"name\":\"Paulo Vasconcelos\",\"@id\":\"https:\\\/\\\/benditoser.com.br\\\/#\\\/schema\\\/person\\\/1b910a9b2b037ddc492a3b2e8dc4adb2\"},\"headline\":\"Voc\u00ea \u00e9 produtiva, respons\u00e1vel e dedicada\u2026 mas indispon\u00edvel pra si mesma?\",\"datePublished\":\"2026-04-28T04:13:46+00:00\",\"dateModified\":\"2026-04-28T04:17:58+00:00\",\"mainEntityOfPage\":{\"@id\":\"https:\\\/\\\/benditoser.com.br\\\/produtiva-mas-cansada-emocionalmente\\\/\"},\"wordCount\":824,\"commentCount\":0,\"publisher\":{\"@id\":\"https:\\\/\\\/benditoser.com.br\\\/#organization\"},\"image\":{\"@id\":\"https:\\\/\\\/benditoser.com.br\\\/produtiva-mas-cansada-emocionalmente\\\/#primaryimage\"},\"thumbnailUrl\":\"https:\\\/\\\/benditoser.com.br\\\/wp-content\\\/uploads\\\/2026\\\/04\\\/Midia_mar26_Trabalho-blog.jpg\",\"keywords\":[\"Alta Performance\",\"Fuga\",\"Her\u00f3i\",\"Medo de Viver\",\"Salvadora\",\"Sem Tempo\",\"Trabalho\",\"Vida Pessoal\"],\"articleSection\":[\"Despertar de Consci\u00eancia\",\"Psicologia Anal\u00edtica\"],\"inLanguage\":\"en-US\",\"potentialAction\":[{\"@type\":\"CommentAction\",\"name\":\"Comment\",\"target\":[\"https:\\\/\\\/benditoser.com.br\\\/produtiva-mas-cansada-emocionalmente\\\/#respond\"]}]},{\"@type\":\"WebPage\",\"@id\":\"https:\\\/\\\/benditoser.com.br\\\/produtiva-mas-cansada-emocionalmente\\\/\",\"url\":\"https:\\\/\\\/benditoser.com.br\\\/produtiva-mas-cansada-emocionalmente\\\/\",\"name\":\"Voc\u00ea \u00e9 produtiva, respons\u00e1vel e dedicada\u2026 mas indispon\u00edvel pra si mesma? - Benditoser\",\"isPartOf\":{\"@id\":\"https:\\\/\\\/benditoser.com.br\\\/#website\"},\"primaryImageOfPage\":{\"@id\":\"https:\\\/\\\/benditoser.com.br\\\/produtiva-mas-cansada-emocionalmente\\\/#primaryimage\"},\"image\":{\"@id\":\"https:\\\/\\\/benditoser.com.br\\\/produtiva-mas-cansada-emocionalmente\\\/#primaryimage\"},\"thumbnailUrl\":\"https:\\\/\\\/benditoser.com.br\\\/wp-content\\\/uploads\\\/2026\\\/04\\\/Midia_mar26_Trabalho-blog.jpg\",\"datePublished\":\"2026-04-28T04:13:46+00:00\",\"dateModified\":\"2026-04-28T04:17:58+00:00\",\"description\":\"Voc\u00ea \u00e9 produtiva, respons\u00e1vel e dedicada, mas se sente emocionalmente cansada? Entenda como a produtividade pode esconder uma fuga emocional e por que desacelerar \u00e9 t\u00e3o dif\u00edcil.\",\"breadcrumb\":{\"@id\":\"https:\\\/\\\/benditoser.com.br\\\/produtiva-mas-cansada-emocionalmente\\\/#breadcrumb\"},\"inLanguage\":\"en-US\",\"potentialAction\":[{\"@type\":\"ReadAction\",\"target\":[\"https:\\\/\\\/benditoser.com.br\\\/produtiva-mas-cansada-emocionalmente\\\/\"]}]},{\"@type\":\"ImageObject\",\"inLanguage\":\"en-US\",\"@id\":\"https:\\\/\\\/benditoser.com.br\\\/produtiva-mas-cansada-emocionalmente\\\/#primaryimage\",\"url\":\"https:\\\/\\\/benditoser.com.br\\\/wp-content\\\/uploads\\\/2026\\\/04\\\/Midia_mar26_Trabalho-blog.jpg\",\"contentUrl\":\"https:\\\/\\\/benditoser.com.br\\\/wp-content\\\/uploads\\\/2026\\\/04\\\/Midia_mar26_Trabalho-blog.jpg\",\"width\":800,\"height\":419},{\"@type\":\"BreadcrumbList\",\"@id\":\"https:\\\/\\\/benditoser.com.br\\\/produtiva-mas-cansada-emocionalmente\\\/#breadcrumb\",\"itemListElement\":[{\"@type\":\"ListItem\",\"position\":1,\"name\":\"In\u00edcio\",\"item\":\"https:\\\/\\\/benditoser.com.br\\\/\"},{\"@type\":\"ListItem\",\"position\":2,\"name\":\"Voc\u00ea \u00e9 produtiva, respons\u00e1vel e dedicada\u2026 mas indispon\u00edvel pra si mesma?\"}]},{\"@type\":\"WebSite\",\"@id\":\"https:\\\/\\\/benditoser.com.br\\\/#website\",\"url\":\"https:\\\/\\\/benditoser.com.br\\\/\",\"name\":\"Benditoser\",\"description\":\"Terapias\",\"publisher\":{\"@id\":\"https:\\\/\\\/benditoser.com.br\\\/#organization\"},\"potentialAction\":[{\"@type\":\"SearchAction\",\"target\":{\"@type\":\"EntryPoint\",\"urlTemplate\":\"https:\\\/\\\/benditoser.com.br\\\/?s={search_term_string}\"},\"query-input\":{\"@type\":\"PropertyValueSpecification\",\"valueRequired\":true,\"valueName\":\"search_term_string\"}}],\"inLanguage\":\"en-US\"},{\"@type\":\"Organization\",\"@id\":\"https:\\\/\\\/benditoser.com.br\\\/#organization\",\"name\":\"Benditoser\",\"url\":\"https:\\\/\\\/benditoser.com.br\\\/\",\"logo\":{\"@type\":\"ImageObject\",\"inLanguage\":\"en-US\",\"@id\":\"https:\\\/\\\/benditoser.com.br\\\/#\\\/schema\\\/logo\\\/image\\\/\",\"url\":\"https:\\\/\\\/benditoser.com.br\\\/wp-content\\\/uploads\\\/2025\\\/05\\\/cropped-logo-bendito-ser-site.png\",\"contentUrl\":\"https:\\\/\\\/benditoser.com.br\\\/wp-content\\\/uploads\\\/2025\\\/05\\\/cropped-logo-bendito-ser-site.png\",\"width\":220,\"height\":44,\"caption\":\"Benditoser\"},\"image\":{\"@id\":\"https:\\\/\\\/benditoser.com.br\\\/#\\\/schema\\\/logo\\\/image\\\/\"},\"sameAs\":[\"https:\\\/\\\/www.facebook.com\\\/benditoser.com.br\",\"https:\\\/\\\/www.instagram.com\\\/benditoser.com.br\\\/\"]},{\"@type\":\"Person\",\"@id\":\"https:\\\/\\\/benditoser.com.br\\\/#\\\/schema\\\/person\\\/1b910a9b2b037ddc492a3b2e8dc4adb2\",\"name\":\"Paulo Vasconcelos\",\"image\":{\"@type\":\"ImageObject\",\"inLanguage\":\"en-US\",\"@id\":\"https:\\\/\\\/secure.gravatar.com\\\/avatar\\\/34be8b8f301baee1d34ae5e8fc205d12bdfd859131ea8f1ea4a232bd06e2286f?s=96&d=mm&r=g\",\"url\":\"https:\\\/\\\/secure.gravatar.com\\\/avatar\\\/34be8b8f301baee1d34ae5e8fc205d12bdfd859131ea8f1ea4a232bd06e2286f?s=96&d=mm&r=g\",\"contentUrl\":\"https:\\\/\\\/secure.gravatar.com\\\/avatar\\\/34be8b8f301baee1d34ae5e8fc205d12bdfd859131ea8f1ea4a232bd06e2286f?s=96&d=mm&r=g\",\"caption\":\"Paulo Vasconcelos\"},\"description\":\"Superior em Pr\u00e1ticas Integrativas e Complementares e p\u00f3s-graduando em psican\u00e1lise cl\u00ednica, atuando no universo das terapias hol\u00edsticas e integrativas. GEM, Grupo de Estudos e Trabalho Medi\u00fanico; Apometria \u2013 terapeuta, dirigente de grupo e facilitador; CNV \u2013 Comunica\u00e7\u00e3o N\u00e3o-Violenta; Teologia de Umbanda; Mitologia Afro-brasileira e Psicologia Anal\u00edtica; T\u00c9CNICAS QUE UTILIZO: ODUZ, APRENDIZADOS DO CAMINHO; APOMETRIA; LEITURA DE REGISTROS AK\u00c1SHICOS; C\u00cdRCULO SIST\u00caMICO DA VIDA; RADIESTESIA; REIKI USUI; PSICOSSOM\u00c1TICA; GEOBIOLOGIA ESPIRITUAL;\",\"url\":\"https:\\\/\\\/benditoser.com.br\\\/en\\\/author\\\/paulo\\\/\"}]}<\/script>\n<!-- \/ Yoast SEO plugin. -->","yoast_head_json":{"title":"Voc\u00ea \u00e9 produtiva, respons\u00e1vel e dedicada\u2026 mas indispon\u00edvel pra si mesma? - Benditoser","description":"Voc\u00ea \u00e9 produtiva, respons\u00e1vel e dedicada, mas se sente emocionalmente cansada? Entenda como a produtividade pode esconder uma fuga emocional e por que desacelerar \u00e9 t\u00e3o dif\u00edcil.","robots":{"index":"index","follow":"follow","max-snippet":"max-snippet:-1","max-image-preview":"max-image-preview:large","max-video-preview":"max-video-preview:-1"},"canonical":"https:\/\/benditoser.com.br\/en\/produtiva-mas-cansada-emocionalmente\/","og_locale":"en_US","og_type":"article","og_title":"Voc\u00ea \u00e9 produtiva, respons\u00e1vel e dedicada\u2026 mas indispon\u00edvel pra si mesma? - Benditoser","og_description":"Voc\u00ea \u00e9 produtiva, respons\u00e1vel e dedicada, mas se sente emocionalmente cansada? Entenda como a produtividade pode esconder uma fuga emocional e por que desacelerar \u00e9 t\u00e3o dif\u00edcil.","og_url":"https:\/\/benditoser.com.br\/en\/produtiva-mas-cansada-emocionalmente\/","og_site_name":"Benditoser","article_publisher":"https:\/\/www.facebook.com\/benditoser.com.br","article_published_time":"2026-04-28T04:13:46+00:00","article_modified_time":"2026-04-28T04:17:58+00:00","og_image":[{"width":800,"height":419,"url":"https:\/\/benditoser.com.br\/wp-content\/uploads\/2026\/04\/Midia_mar26_Trabalho-blog.jpg","type":"image\/jpeg"}],"author":"Paulo Vasconcelos","twitter_card":"summary_large_image","twitter_misc":{"Written by":"Paulo Vasconcelos","Est. reading time":"5 minutes"},"schema":{"@context":"https:\/\/schema.org","@graph":[{"@type":"Article","@id":"https:\/\/benditoser.com.br\/produtiva-mas-cansada-emocionalmente\/#article","isPartOf":{"@id":"https:\/\/benditoser.com.br\/produtiva-mas-cansada-emocionalmente\/"},"author":{"name":"Paulo Vasconcelos","@id":"https:\/\/benditoser.com.br\/#\/schema\/person\/1b910a9b2b037ddc492a3b2e8dc4adb2"},"headline":"Voc\u00ea \u00e9 produtiva, respons\u00e1vel e dedicada\u2026 mas indispon\u00edvel pra si mesma?","datePublished":"2026-04-28T04:13:46+00:00","dateModified":"2026-04-28T04:17:58+00:00","mainEntityOfPage":{"@id":"https:\/\/benditoser.com.br\/produtiva-mas-cansada-emocionalmente\/"},"wordCount":824,"commentCount":0,"publisher":{"@id":"https:\/\/benditoser.com.br\/#organization"},"image":{"@id":"https:\/\/benditoser.com.br\/produtiva-mas-cansada-emocionalmente\/#primaryimage"},"thumbnailUrl":"https:\/\/benditoser.com.br\/wp-content\/uploads\/2026\/04\/Midia_mar26_Trabalho-blog.jpg","keywords":["Alta Performance","Fuga","Her\u00f3i","Medo de Viver","Salvadora","Sem Tempo","Trabalho","Vida Pessoal"],"articleSection":["Despertar de Consci\u00eancia","Psicologia Anal\u00edtica"],"inLanguage":"en-US","potentialAction":[{"@type":"CommentAction","name":"Comment","target":["https:\/\/benditoser.com.br\/produtiva-mas-cansada-emocionalmente\/#respond"]}]},{"@type":"WebPage","@id":"https:\/\/benditoser.com.br\/produtiva-mas-cansada-emocionalmente\/","url":"https:\/\/benditoser.com.br\/produtiva-mas-cansada-emocionalmente\/","name":"Voc\u00ea \u00e9 produtiva, respons\u00e1vel e dedicada\u2026 mas indispon\u00edvel pra si mesma? - Benditoser","isPartOf":{"@id":"https:\/\/benditoser.com.br\/#website"},"primaryImageOfPage":{"@id":"https:\/\/benditoser.com.br\/produtiva-mas-cansada-emocionalmente\/#primaryimage"},"image":{"@id":"https:\/\/benditoser.com.br\/produtiva-mas-cansada-emocionalmente\/#primaryimage"},"thumbnailUrl":"https:\/\/benditoser.com.br\/wp-content\/uploads\/2026\/04\/Midia_mar26_Trabalho-blog.jpg","datePublished":"2026-04-28T04:13:46+00:00","dateModified":"2026-04-28T04:17:58+00:00","description":"Voc\u00ea \u00e9 produtiva, respons\u00e1vel e dedicada, mas se sente emocionalmente cansada? Entenda como a produtividade pode esconder uma fuga emocional e por que desacelerar \u00e9 t\u00e3o dif\u00edcil.","breadcrumb":{"@id":"https:\/\/benditoser.com.br\/produtiva-mas-cansada-emocionalmente\/#breadcrumb"},"inLanguage":"en-US","potentialAction":[{"@type":"ReadAction","target":["https:\/\/benditoser.com.br\/produtiva-mas-cansada-emocionalmente\/"]}]},{"@type":"ImageObject","inLanguage":"en-US","@id":"https:\/\/benditoser.com.br\/produtiva-mas-cansada-emocionalmente\/#primaryimage","url":"https:\/\/benditoser.com.br\/wp-content\/uploads\/2026\/04\/Midia_mar26_Trabalho-blog.jpg","contentUrl":"https:\/\/benditoser.com.br\/wp-content\/uploads\/2026\/04\/Midia_mar26_Trabalho-blog.jpg","width":800,"height":419},{"@type":"BreadcrumbList","@id":"https:\/\/benditoser.com.br\/produtiva-mas-cansada-emocionalmente\/#breadcrumb","itemListElement":[{"@type":"ListItem","position":1,"name":"In\u00edcio","item":"https:\/\/benditoser.com.br\/"},{"@type":"ListItem","position":2,"name":"Voc\u00ea \u00e9 produtiva, respons\u00e1vel e dedicada\u2026 mas indispon\u00edvel pra si mesma?"}]},{"@type":"WebSite","@id":"https:\/\/benditoser.com.br\/#website","url":"https:\/\/benditoser.com.br\/","name":"Benditoser","description":"Terapias","publisher":{"@id":"https:\/\/benditoser.com.br\/#organization"},"potentialAction":[{"@type":"SearchAction","target":{"@type":"EntryPoint","urlTemplate":"https:\/\/benditoser.com.br\/?s={search_term_string}"},"query-input":{"@type":"PropertyValueSpecification","valueRequired":true,"valueName":"search_term_string"}}],"inLanguage":"en-US"},{"@type":"Organization","@id":"https:\/\/benditoser.com.br\/#organization","name":"Benditoser","url":"https:\/\/benditoser.com.br\/","logo":{"@type":"ImageObject","inLanguage":"en-US","@id":"https:\/\/benditoser.com.br\/#\/schema\/logo\/image\/","url":"https:\/\/benditoser.com.br\/wp-content\/uploads\/2025\/05\/cropped-logo-bendito-ser-site.png","contentUrl":"https:\/\/benditoser.com.br\/wp-content\/uploads\/2025\/05\/cropped-logo-bendito-ser-site.png","width":220,"height":44,"caption":"Benditoser"},"image":{"@id":"https:\/\/benditoser.com.br\/#\/schema\/logo\/image\/"},"sameAs":["https:\/\/www.facebook.com\/benditoser.com.br","https:\/\/www.instagram.com\/benditoser.com.br\/"]},{"@type":"Person","@id":"https:\/\/benditoser.com.br\/#\/schema\/person\/1b910a9b2b037ddc492a3b2e8dc4adb2","name":"Paulo Vasconcelos","image":{"@type":"ImageObject","inLanguage":"en-US","@id":"https:\/\/secure.gravatar.com\/avatar\/34be8b8f301baee1d34ae5e8fc205d12bdfd859131ea8f1ea4a232bd06e2286f?s=96&d=mm&r=g","url":"https:\/\/secure.gravatar.com\/avatar\/34be8b8f301baee1d34ae5e8fc205d12bdfd859131ea8f1ea4a232bd06e2286f?s=96&d=mm&r=g","contentUrl":"https:\/\/secure.gravatar.com\/avatar\/34be8b8f301baee1d34ae5e8fc205d12bdfd859131ea8f1ea4a232bd06e2286f?s=96&d=mm&r=g","caption":"Paulo Vasconcelos"},"description":"Superior em Pr\u00e1ticas Integrativas e Complementares e p\u00f3s-graduando em psican\u00e1lise cl\u00ednica, atuando no universo das terapias hol\u00edsticas e integrativas. GEM, Grupo de Estudos e Trabalho Medi\u00fanico; Apometria \u2013 terapeuta, dirigente de grupo e facilitador; CNV \u2013 Comunica\u00e7\u00e3o N\u00e3o-Violenta; Teologia de Umbanda; Mitologia Afro-brasileira e Psicologia Anal\u00edtica; T\u00c9CNICAS QUE UTILIZO: ODUZ, APRENDIZADOS DO CAMINHO; APOMETRIA; LEITURA DE REGISTROS AK\u00c1SHICOS; C\u00cdRCULO SIST\u00caMICO DA VIDA; RADIESTESIA; REIKI USUI; PSICOSSOM\u00c1TICA; GEOBIOLOGIA ESPIRITUAL;","url":"https:\/\/benditoser.com.br\/en\/author\/paulo\/"}]}},"publishpress_future_action":{"enabled":false,"date":"2026-09-07 22:09:49","action":"change-status","newStatus":"draft","terms":[],"taxonomy":"category","extraData":[]},"publishpress_future_workflow_manual_trigger":{"enabledWorkflows":[]},"_links":{"self":[{"href":"https:\/\/benditoser.com.br\/en\/wp-json\/wp\/v2\/posts\/14908","targetHints":{"allow":["GET"]}}],"collection":[{"href":"https:\/\/benditoser.com.br\/en\/wp-json\/wp\/v2\/posts"}],"about":[{"href":"https:\/\/benditoser.com.br\/en\/wp-json\/wp\/v2\/types\/post"}],"author":[{"embeddable":true,"href":"https:\/\/benditoser.com.br\/en\/wp-json\/wp\/v2\/users\/2"}],"replies":[{"embeddable":true,"href":"https:\/\/benditoser.com.br\/en\/wp-json\/wp\/v2\/comments?post=14908"}],"version-history":[{"count":3,"href":"https:\/\/benditoser.com.br\/en\/wp-json\/wp\/v2\/posts\/14908\/revisions"}],"predecessor-version":[{"id":14913,"href":"https:\/\/benditoser.com.br\/en\/wp-json\/wp\/v2\/posts\/14908\/revisions\/14913"}],"wp:featuredmedia":[{"embeddable":true,"href":"https:\/\/benditoser.com.br\/en\/wp-json\/wp\/v2\/media\/14909"}],"wp:attachment":[{"href":"https:\/\/benditoser.com.br\/en\/wp-json\/wp\/v2\/media?parent=14908"}],"wp:term":[{"taxonomy":"category","embeddable":true,"href":"https:\/\/benditoser.com.br\/en\/wp-json\/wp\/v2\/categories?post=14908"},{"taxonomy":"post_tag","embeddable":true,"href":"https:\/\/benditoser.com.br\/en\/wp-json\/wp\/v2\/tags?post=14908"}],"curies":[{"name":"wp","href":"https:\/\/api.w.org\/{rel}","templated":true}]}}