{"id":14915,"date":"2026-05-10T09:18:02","date_gmt":"2026-05-10T12:18:02","guid":{"rendered":"https:\/\/benditoser.com.br\/?p=14915"},"modified":"2026-05-10T09:18:52","modified_gmt":"2026-05-10T12:18:52","slug":"sobre-amar-e-nao-amar","status":"publish","type":"post","link":"https:\/\/benditoser.com.br\/en\/sobre-amar-e-nao-amar\/","title":{"rendered":"Sobre amar e n\u00e3o amar"},"content":{"rendered":"<p>Nem todo filho consegue amar a pr\u00f3pria m\u00e3e.<\/p>\n<p>E talvez a parte mais dolorosa disso n\u00e3o seja a falta de amor.<\/p>\n<p>Seja a culpa.<\/p>\n<p>A culpa por n\u00e3o sentir o que o mundo diz que voc\u00ea deveria sentir.<\/p>\n<p>Porque aprendemos que m\u00e3e \u00e9 sagrada.<br \/>\nQue m\u00e3e \u00e9 sin\u00f4nimo de amor.<br \/>\nQue toda m\u00e3e \u00e9 hero\u00edna.<br \/>\nE que, se voc\u00ea n\u00e3o a ama, h\u00e1 algo de errado com voc\u00ea.<\/p>\n<p>Mas a realidade humana \u00e9 mais complexa.<\/p>\n<p>\u00c0s vezes, a m\u00e3e estava fisicamente presente, mas emocionalmente ausente.<br \/>\n\u00c0s vezes, cuidou do corpo, mas n\u00e3o acolheu a alma.<br \/>\n\u00c0s vezes, ofereceu o que podia \u2014 mas n\u00e3o o que o filho realmente precisava.<\/p>\n<p>E quando o amor, o cuidado e o reconhecimento n\u00e3o circulam de forma saud\u00e1vel, algo fica interrompido no movimento primordial do dar e receber.<\/p>\n<p>O filho continua devendo amor.<br \/>\nMas, dentro dele, permanece a sensa\u00e7\u00e3o de que nunca recebeu o suficiente para que esse amor pudesse florescer espontaneamente.<\/p>\n<p>E \u00e9 justamente a\u00ed que o complexo materno pode se formar.<\/p>\n<p>Uma parte da psique permanece presa entre duas for\u00e7as:<br \/>\na necessidade profunda de ser amado<br \/>\ne a impossibilidade de receber esse amor da forma como precisava.<\/p>\n<p>Esse conflito costuma gerar perdas emocionais importantes:<br \/>\ndificuldade de confiar,<br \/>\nmedo de depender,<br \/>\nculpa ao estabelecer limites,<br \/>\nsensa\u00e7\u00e3o de vazio,<br \/>\ncar\u00eancia afetiva<br \/>\ne uma busca constante por aprova\u00e7\u00e3o.<\/p>\n<p>Muitas vezes, o adulto continua tentando, em seus relacionamentos, obter o amor materno que faltou na inf\u00e2ncia.<\/p>\n<p>Mas esse conflito tamb\u00e9m oferece um ganho inconsciente.<\/p>\n<p>Enquanto a ferida permanece aberta, a esperan\u00e7a continua viva.<\/p>\n<p>No fundo, uma parte da pessoa ainda acredita:<br \/>\n\u201cSe eu fizer tudo certo, talvez um dia minha m\u00e3e me ame como eu sempre precisei.\u201d<\/p>\n<p>Essa esperan\u00e7a sustenta.<br \/>\nMas tamb\u00e9m aprisiona.<\/p>\n<p>Porque impede o luto da m\u00e3e idealizada.<\/p>\n<p>E sem esse luto, o indiv\u00edduo permanece emocionalmente vinculado \u00e0 expectativa de receber, no presente, algo que talvez nunca tenha sido poss\u00edvel.<\/p>\n<p>Isso n\u00e3o faz de voc\u00ea uma pessoa ruim.<\/p>\n<p>Faz de voc\u00ea algu\u00e9m tentando ser honesto com a pr\u00f3pria experi\u00eancia.<\/p>\n<p>Amadurecer tamb\u00e9m \u00e9 poder olhar para a m\u00e3e e perceber:<\/p>\n<p>Ela n\u00e3o \u00e9 apenas \u201cminha m\u00e3e\u201d.<br \/>\nEla \u00e9 um ser humano.<br \/>\nCom sua hist\u00f3ria.<br \/>\nSuas feridas.<br \/>\nSuas limita\u00e7\u00f5es.<br \/>\nE suas impossibilidades.<\/p>\n<p>Essa vis\u00e3o n\u00e3o apaga a dor.<\/p>\n<p>Mas pode aliviar a culpa.<\/p>\n<p>Porque, \u00e0s vezes, a cura come\u00e7a quando voc\u00ea se permite sentir a verdade:<\/p>\n<p>Talvez eu n\u00e3o ame minha m\u00e3e do jeito que esperavam.<br \/>\nTalvez eu ainda esteja sofrendo pelo amor que n\u00e3o recebi.<br \/>\nE tudo bem come\u00e7ar por a\u00ed.<\/p>","protected":false},"excerpt":{"rendered":"<p>Nem todo filho consegue amar a pr\u00f3pria m\u00e3e. E talvez a parte mais dolorosa disso n\u00e3o seja a falta de amor. Seja a culpa. A culpa por n\u00e3o sentir o que o mundo diz que voc\u00ea deveria sentir. Porque aprendemos que m\u00e3e \u00e9 sagrada. Que [&hellip;]<\/p>\n","protected":false},"author":2,"featured_media":14916,"comment_status":"open","ping_status":"open","sticky":false,"template":"","format":"standard","meta":{"om_disable_all_campaigns":false,"_monsterinsights_skip_tracking":false,"_uf_show_specific_survey":0,"_uf_disable_surveys":false,"footnotes":""},"categories":[1],"tags":[],"class_list":["post-14915","post","type-post","status-publish","format-standard","has-post-thumbnail","hentry","category-uncategorized"],"yoast_head":"<!-- This site is optimized with the Yoast SEO plugin v28.3 - https:\/\/yoast.com\/product\/yoast-seo-wordpress\/ -->\n<title>Sobre amar e n\u00e3o amar - Benditoser<\/title>\n<meta name=\"description\" content=\"Nem todo filho consegue amar a pr\u00f3pria m\u00e3e \u2014 e isso pode gerar culpa, vazio e conflitos emocionais profundos. Entenda o complexo materno pela psicologia anal\u00edtica junguiana e descubra como a cura come\u00e7a ao reconhecer a m\u00e3e como um ser humano real, e n\u00e3o como um ideal.\" \/>\n<meta name=\"robots\" content=\"index, follow, max-snippet:-1, max-image-preview:large, max-video-preview:-1\" \/>\n<link rel=\"canonical\" href=\"https:\/\/benditoser.com.br\/en\/sobre-amar-e-nao-amar\/\" \/>\n<meta property=\"og:locale\" content=\"en_US\" \/>\n<meta property=\"og:type\" content=\"article\" \/>\n<meta property=\"og:title\" content=\"Sobre amar e n\u00e3o amar - Benditoser\" \/>\n<meta property=\"og:description\" content=\"Nem todo filho consegue amar a pr\u00f3pria m\u00e3e \u2014 e isso pode gerar culpa, vazio e conflitos emocionais profundos. Entenda o complexo materno pela psicologia anal\u00edtica junguiana e descubra como a cura come\u00e7a ao reconhecer a m\u00e3e como um ser humano real, e n\u00e3o como um ideal.\" \/>\n<meta property=\"og:url\" content=\"https:\/\/benditoser.com.br\/en\/sobre-amar-e-nao-amar\/\" \/>\n<meta property=\"og:site_name\" content=\"Benditoser\" \/>\n<meta property=\"article:publisher\" content=\"https:\/\/www.facebook.com\/benditoser.com.br\" \/>\n<meta property=\"article:published_time\" content=\"2026-05-10T12:18:02+00:00\" \/>\n<meta property=\"article:modified_time\" content=\"2026-05-10T12:18:52+00:00\" \/>\n<meta property=\"og:image\" content=\"https:\/\/benditoser.com.br\/wp-content\/uploads\/2026\/05\/blog-benditoser-mae-sobre-amar-e-nao-amar-scaled.jpg\" \/>\n\t<meta property=\"og:image:width\" content=\"2560\" \/>\n\t<meta property=\"og:image:height\" content=\"1352\" \/>\n\t<meta property=\"og:image:type\" content=\"image\/jpeg\" \/>\n<meta name=\"author\" content=\"Paulo Vasconcelos\" \/>\n<meta name=\"twitter:card\" content=\"summary_large_image\" \/>\n<meta name=\"twitter:label1\" content=\"Written by\" \/>\n\t<meta name=\"twitter:data1\" content=\"Paulo Vasconcelos\" \/>\n\t<meta name=\"twitter:label2\" content=\"Est. reading time\" \/>\n\t<meta name=\"twitter:data2\" content=\"3 minutes\" \/>\n<script type=\"application\/ld+json\" class=\"yoast-schema-graph\">{\"@context\":\"https:\\\/\\\/schema.org\",\"@graph\":[{\"@type\":\"Article\",\"@id\":\"https:\\\/\\\/benditoser.com.br\\\/sobre-amar-e-nao-amar\\\/#article\",\"isPartOf\":{\"@id\":\"https:\\\/\\\/benditoser.com.br\\\/sobre-amar-e-nao-amar\\\/\"},\"author\":{\"name\":\"Paulo Vasconcelos\",\"@id\":\"https:\\\/\\\/benditoser.com.br\\\/#\\\/schema\\\/person\\\/1b910a9b2b037ddc492a3b2e8dc4adb2\"},\"headline\":\"Sobre amar e n\u00e3o amar\",\"datePublished\":\"2026-05-10T12:18:02+00:00\",\"dateModified\":\"2026-05-10T12:18:52+00:00\",\"mainEntityOfPage\":{\"@id\":\"https:\\\/\\\/benditoser.com.br\\\/sobre-amar-e-nao-amar\\\/\"},\"wordCount\":458,\"commentCount\":0,\"publisher\":{\"@id\":\"https:\\\/\\\/benditoser.com.br\\\/#organization\"},\"image\":{\"@id\":\"https:\\\/\\\/benditoser.com.br\\\/sobre-amar-e-nao-amar\\\/#primaryimage\"},\"thumbnailUrl\":\"https:\\\/\\\/benditoser.com.br\\\/wp-content\\\/uploads\\\/2026\\\/05\\\/blog-benditoser-mae-sobre-amar-e-nao-amar-scaled.jpg\",\"inLanguage\":\"en-US\",\"potentialAction\":[{\"@type\":\"CommentAction\",\"name\":\"Comment\",\"target\":[\"https:\\\/\\\/benditoser.com.br\\\/sobre-amar-e-nao-amar\\\/#respond\"]}]},{\"@type\":\"WebPage\",\"@id\":\"https:\\\/\\\/benditoser.com.br\\\/sobre-amar-e-nao-amar\\\/\",\"url\":\"https:\\\/\\\/benditoser.com.br\\\/sobre-amar-e-nao-amar\\\/\",\"name\":\"Sobre amar e n\u00e3o amar - Benditoser\",\"isPartOf\":{\"@id\":\"https:\\\/\\\/benditoser.com.br\\\/#website\"},\"primaryImageOfPage\":{\"@id\":\"https:\\\/\\\/benditoser.com.br\\\/sobre-amar-e-nao-amar\\\/#primaryimage\"},\"image\":{\"@id\":\"https:\\\/\\\/benditoser.com.br\\\/sobre-amar-e-nao-amar\\\/#primaryimage\"},\"thumbnailUrl\":\"https:\\\/\\\/benditoser.com.br\\\/wp-content\\\/uploads\\\/2026\\\/05\\\/blog-benditoser-mae-sobre-amar-e-nao-amar-scaled.jpg\",\"datePublished\":\"2026-05-10T12:18:02+00:00\",\"dateModified\":\"2026-05-10T12:18:52+00:00\",\"description\":\"Nem todo filho consegue amar a pr\u00f3pria m\u00e3e \u2014 e isso pode gerar culpa, vazio e conflitos emocionais profundos. Entenda o complexo materno pela psicologia anal\u00edtica junguiana e descubra como a cura come\u00e7a ao reconhecer a m\u00e3e como um ser humano real, e n\u00e3o como um ideal.\",\"breadcrumb\":{\"@id\":\"https:\\\/\\\/benditoser.com.br\\\/sobre-amar-e-nao-amar\\\/#breadcrumb\"},\"inLanguage\":\"en-US\",\"potentialAction\":[{\"@type\":\"ReadAction\",\"target\":[\"https:\\\/\\\/benditoser.com.br\\\/sobre-amar-e-nao-amar\\\/\"]}]},{\"@type\":\"ImageObject\",\"inLanguage\":\"en-US\",\"@id\":\"https:\\\/\\\/benditoser.com.br\\\/sobre-amar-e-nao-amar\\\/#primaryimage\",\"url\":\"https:\\\/\\\/benditoser.com.br\\\/wp-content\\\/uploads\\\/2026\\\/05\\\/blog-benditoser-mae-sobre-amar-e-nao-amar-scaled.jpg\",\"contentUrl\":\"https:\\\/\\\/benditoser.com.br\\\/wp-content\\\/uploads\\\/2026\\\/05\\\/blog-benditoser-mae-sobre-amar-e-nao-amar-scaled.jpg\",\"width\":2560,\"height\":1352},{\"@type\":\"BreadcrumbList\",\"@id\":\"https:\\\/\\\/benditoser.com.br\\\/sobre-amar-e-nao-amar\\\/#breadcrumb\",\"itemListElement\":[{\"@type\":\"ListItem\",\"position\":1,\"name\":\"In\u00edcio\",\"item\":\"https:\\\/\\\/benditoser.com.br\\\/\"},{\"@type\":\"ListItem\",\"position\":2,\"name\":\"Sobre amar e n\u00e3o amar\"}]},{\"@type\":\"WebSite\",\"@id\":\"https:\\\/\\\/benditoser.com.br\\\/#website\",\"url\":\"https:\\\/\\\/benditoser.com.br\\\/\",\"name\":\"Benditoser\",\"description\":\"Terapias\",\"publisher\":{\"@id\":\"https:\\\/\\\/benditoser.com.br\\\/#organization\"},\"potentialAction\":[{\"@type\":\"SearchAction\",\"target\":{\"@type\":\"EntryPoint\",\"urlTemplate\":\"https:\\\/\\\/benditoser.com.br\\\/?s={search_term_string}\"},\"query-input\":{\"@type\":\"PropertyValueSpecification\",\"valueRequired\":true,\"valueName\":\"search_term_string\"}}],\"inLanguage\":\"en-US\"},{\"@type\":\"Organization\",\"@id\":\"https:\\\/\\\/benditoser.com.br\\\/#organization\",\"name\":\"Benditoser\",\"url\":\"https:\\\/\\\/benditoser.com.br\\\/\",\"logo\":{\"@type\":\"ImageObject\",\"inLanguage\":\"en-US\",\"@id\":\"https:\\\/\\\/benditoser.com.br\\\/#\\\/schema\\\/logo\\\/image\\\/\",\"url\":\"https:\\\/\\\/benditoser.com.br\\\/wp-content\\\/uploads\\\/2025\\\/05\\\/cropped-logo-bendito-ser-site.png\",\"contentUrl\":\"https:\\\/\\\/benditoser.com.br\\\/wp-content\\\/uploads\\\/2025\\\/05\\\/cropped-logo-bendito-ser-site.png\",\"width\":220,\"height\":44,\"caption\":\"Benditoser\"},\"image\":{\"@id\":\"https:\\\/\\\/benditoser.com.br\\\/#\\\/schema\\\/logo\\\/image\\\/\"},\"sameAs\":[\"https:\\\/\\\/www.facebook.com\\\/benditoser.com.br\",\"https:\\\/\\\/www.instagram.com\\\/benditoser.com.br\\\/\"]},{\"@type\":\"Person\",\"@id\":\"https:\\\/\\\/benditoser.com.br\\\/#\\\/schema\\\/person\\\/1b910a9b2b037ddc492a3b2e8dc4adb2\",\"name\":\"Paulo Vasconcelos\",\"image\":{\"@type\":\"ImageObject\",\"inLanguage\":\"en-US\",\"@id\":\"https:\\\/\\\/secure.gravatar.com\\\/avatar\\\/34be8b8f301baee1d34ae5e8fc205d12bdfd859131ea8f1ea4a232bd06e2286f?s=96&d=mm&r=g\",\"url\":\"https:\\\/\\\/secure.gravatar.com\\\/avatar\\\/34be8b8f301baee1d34ae5e8fc205d12bdfd859131ea8f1ea4a232bd06e2286f?s=96&d=mm&r=g\",\"contentUrl\":\"https:\\\/\\\/secure.gravatar.com\\\/avatar\\\/34be8b8f301baee1d34ae5e8fc205d12bdfd859131ea8f1ea4a232bd06e2286f?s=96&d=mm&r=g\",\"caption\":\"Paulo Vasconcelos\"},\"description\":\"Superior em Pr\u00e1ticas Integrativas e Complementares e p\u00f3s-graduando em psican\u00e1lise cl\u00ednica, atuando no universo das terapias hol\u00edsticas e integrativas. GEM, Grupo de Estudos e Trabalho Medi\u00fanico; Apometria \u2013 terapeuta, dirigente de grupo e facilitador; CNV \u2013 Comunica\u00e7\u00e3o N\u00e3o-Violenta; Teologia de Umbanda; Mitologia Afro-brasileira e Psicologia Anal\u00edtica; T\u00c9CNICAS QUE UTILIZO: ODUZ, APRENDIZADOS DO CAMINHO; APOMETRIA; LEITURA DE REGISTROS AK\u00c1SHICOS; C\u00cdRCULO SIST\u00caMICO DA VIDA; RADIESTESIA; REIKI USUI; PSICOSSOM\u00c1TICA; GEOBIOLOGIA ESPIRITUAL;\",\"url\":\"https:\\\/\\\/benditoser.com.br\\\/en\\\/author\\\/paulo\\\/\"}]}<\/script>\n<!-- \/ Yoast SEO plugin. -->","yoast_head_json":{"title":"Sobre amar e n\u00e3o amar - Benditoser","description":"Nem todo filho consegue amar a pr\u00f3pria m\u00e3e \u2014 e isso pode gerar culpa, vazio e conflitos emocionais profundos. Entenda o complexo materno pela psicologia anal\u00edtica junguiana e descubra como a cura come\u00e7a ao reconhecer a m\u00e3e como um ser humano real, e n\u00e3o como um ideal.","robots":{"index":"index","follow":"follow","max-snippet":"max-snippet:-1","max-image-preview":"max-image-preview:large","max-video-preview":"max-video-preview:-1"},"canonical":"https:\/\/benditoser.com.br\/en\/sobre-amar-e-nao-amar\/","og_locale":"en_US","og_type":"article","og_title":"Sobre amar e n\u00e3o amar - Benditoser","og_description":"Nem todo filho consegue amar a pr\u00f3pria m\u00e3e \u2014 e isso pode gerar culpa, vazio e conflitos emocionais profundos. Entenda o complexo materno pela psicologia anal\u00edtica junguiana e descubra como a cura come\u00e7a ao reconhecer a m\u00e3e como um ser humano real, e n\u00e3o como um ideal.","og_url":"https:\/\/benditoser.com.br\/en\/sobre-amar-e-nao-amar\/","og_site_name":"Benditoser","article_publisher":"https:\/\/www.facebook.com\/benditoser.com.br","article_published_time":"2026-05-10T12:18:02+00:00","article_modified_time":"2026-05-10T12:18:52+00:00","og_image":[{"width":2560,"height":1352,"url":"https:\/\/benditoser.com.br\/wp-content\/uploads\/2026\/05\/blog-benditoser-mae-sobre-amar-e-nao-amar-scaled.jpg","type":"image\/jpeg"}],"author":"Paulo Vasconcelos","twitter_card":"summary_large_image","twitter_misc":{"Written by":"Paulo Vasconcelos","Est. reading time":"3 minutes"},"schema":{"@context":"https:\/\/schema.org","@graph":[{"@type":"Article","@id":"https:\/\/benditoser.com.br\/sobre-amar-e-nao-amar\/#article","isPartOf":{"@id":"https:\/\/benditoser.com.br\/sobre-amar-e-nao-amar\/"},"author":{"name":"Paulo Vasconcelos","@id":"https:\/\/benditoser.com.br\/#\/schema\/person\/1b910a9b2b037ddc492a3b2e8dc4adb2"},"headline":"Sobre amar e n\u00e3o amar","datePublished":"2026-05-10T12:18:02+00:00","dateModified":"2026-05-10T12:18:52+00:00","mainEntityOfPage":{"@id":"https:\/\/benditoser.com.br\/sobre-amar-e-nao-amar\/"},"wordCount":458,"commentCount":0,"publisher":{"@id":"https:\/\/benditoser.com.br\/#organization"},"image":{"@id":"https:\/\/benditoser.com.br\/sobre-amar-e-nao-amar\/#primaryimage"},"thumbnailUrl":"https:\/\/benditoser.com.br\/wp-content\/uploads\/2026\/05\/blog-benditoser-mae-sobre-amar-e-nao-amar-scaled.jpg","inLanguage":"en-US","potentialAction":[{"@type":"CommentAction","name":"Comment","target":["https:\/\/benditoser.com.br\/sobre-amar-e-nao-amar\/#respond"]}]},{"@type":"WebPage","@id":"https:\/\/benditoser.com.br\/sobre-amar-e-nao-amar\/","url":"https:\/\/benditoser.com.br\/sobre-amar-e-nao-amar\/","name":"Sobre amar e n\u00e3o amar - Benditoser","isPartOf":{"@id":"https:\/\/benditoser.com.br\/#website"},"primaryImageOfPage":{"@id":"https:\/\/benditoser.com.br\/sobre-amar-e-nao-amar\/#primaryimage"},"image":{"@id":"https:\/\/benditoser.com.br\/sobre-amar-e-nao-amar\/#primaryimage"},"thumbnailUrl":"https:\/\/benditoser.com.br\/wp-content\/uploads\/2026\/05\/blog-benditoser-mae-sobre-amar-e-nao-amar-scaled.jpg","datePublished":"2026-05-10T12:18:02+00:00","dateModified":"2026-05-10T12:18:52+00:00","description":"Nem todo filho consegue amar a pr\u00f3pria m\u00e3e \u2014 e isso pode gerar culpa, vazio e conflitos emocionais profundos. Entenda o complexo materno pela psicologia anal\u00edtica junguiana e descubra como a cura come\u00e7a ao reconhecer a m\u00e3e como um ser humano real, e n\u00e3o como um ideal.","breadcrumb":{"@id":"https:\/\/benditoser.com.br\/sobre-amar-e-nao-amar\/#breadcrumb"},"inLanguage":"en-US","potentialAction":[{"@type":"ReadAction","target":["https:\/\/benditoser.com.br\/sobre-amar-e-nao-amar\/"]}]},{"@type":"ImageObject","inLanguage":"en-US","@id":"https:\/\/benditoser.com.br\/sobre-amar-e-nao-amar\/#primaryimage","url":"https:\/\/benditoser.com.br\/wp-content\/uploads\/2026\/05\/blog-benditoser-mae-sobre-amar-e-nao-amar-scaled.jpg","contentUrl":"https:\/\/benditoser.com.br\/wp-content\/uploads\/2026\/05\/blog-benditoser-mae-sobre-amar-e-nao-amar-scaled.jpg","width":2560,"height":1352},{"@type":"BreadcrumbList","@id":"https:\/\/benditoser.com.br\/sobre-amar-e-nao-amar\/#breadcrumb","itemListElement":[{"@type":"ListItem","position":1,"name":"In\u00edcio","item":"https:\/\/benditoser.com.br\/"},{"@type":"ListItem","position":2,"name":"Sobre amar e n\u00e3o amar"}]},{"@type":"WebSite","@id":"https:\/\/benditoser.com.br\/#website","url":"https:\/\/benditoser.com.br\/","name":"Benditoser","description":"Terapias","publisher":{"@id":"https:\/\/benditoser.com.br\/#organization"},"potentialAction":[{"@type":"SearchAction","target":{"@type":"EntryPoint","urlTemplate":"https:\/\/benditoser.com.br\/?s={search_term_string}"},"query-input":{"@type":"PropertyValueSpecification","valueRequired":true,"valueName":"search_term_string"}}],"inLanguage":"en-US"},{"@type":"Organization","@id":"https:\/\/benditoser.com.br\/#organization","name":"Benditoser","url":"https:\/\/benditoser.com.br\/","logo":{"@type":"ImageObject","inLanguage":"en-US","@id":"https:\/\/benditoser.com.br\/#\/schema\/logo\/image\/","url":"https:\/\/benditoser.com.br\/wp-content\/uploads\/2025\/05\/cropped-logo-bendito-ser-site.png","contentUrl":"https:\/\/benditoser.com.br\/wp-content\/uploads\/2025\/05\/cropped-logo-bendito-ser-site.png","width":220,"height":44,"caption":"Benditoser"},"image":{"@id":"https:\/\/benditoser.com.br\/#\/schema\/logo\/image\/"},"sameAs":["https:\/\/www.facebook.com\/benditoser.com.br","https:\/\/www.instagram.com\/benditoser.com.br\/"]},{"@type":"Person","@id":"https:\/\/benditoser.com.br\/#\/schema\/person\/1b910a9b2b037ddc492a3b2e8dc4adb2","name":"Paulo Vasconcelos","image":{"@type":"ImageObject","inLanguage":"en-US","@id":"https:\/\/secure.gravatar.com\/avatar\/34be8b8f301baee1d34ae5e8fc205d12bdfd859131ea8f1ea4a232bd06e2286f?s=96&d=mm&r=g","url":"https:\/\/secure.gravatar.com\/avatar\/34be8b8f301baee1d34ae5e8fc205d12bdfd859131ea8f1ea4a232bd06e2286f?s=96&d=mm&r=g","contentUrl":"https:\/\/secure.gravatar.com\/avatar\/34be8b8f301baee1d34ae5e8fc205d12bdfd859131ea8f1ea4a232bd06e2286f?s=96&d=mm&r=g","caption":"Paulo Vasconcelos"},"description":"Superior em Pr\u00e1ticas Integrativas e Complementares e p\u00f3s-graduando em psican\u00e1lise cl\u00ednica, atuando no universo das terapias hol\u00edsticas e integrativas. GEM, Grupo de Estudos e Trabalho Medi\u00fanico; Apometria \u2013 terapeuta, dirigente de grupo e facilitador; CNV \u2013 Comunica\u00e7\u00e3o N\u00e3o-Violenta; Teologia de Umbanda; Mitologia Afro-brasileira e Psicologia Anal\u00edtica; T\u00c9CNICAS QUE UTILIZO: ODUZ, APRENDIZADOS DO CAMINHO; APOMETRIA; LEITURA DE REGISTROS AK\u00c1SHICOS; C\u00cdRCULO SIST\u00caMICO DA VIDA; RADIESTESIA; REIKI USUI; PSICOSSOM\u00c1TICA; GEOBIOLOGIA ESPIRITUAL;","url":"https:\/\/benditoser.com.br\/en\/author\/paulo\/"}]}},"publishpress_future_action":{"enabled":false,"date":"2026-09-07 22:54:19","action":"change-status","newStatus":"draft","terms":[],"taxonomy":"category","extraData":[]},"publishpress_future_workflow_manual_trigger":{"enabledWorkflows":[]},"_links":{"self":[{"href":"https:\/\/benditoser.com.br\/en\/wp-json\/wp\/v2\/posts\/14915","targetHints":{"allow":["GET"]}}],"collection":[{"href":"https:\/\/benditoser.com.br\/en\/wp-json\/wp\/v2\/posts"}],"about":[{"href":"https:\/\/benditoser.com.br\/en\/wp-json\/wp\/v2\/types\/post"}],"author":[{"embeddable":true,"href":"https:\/\/benditoser.com.br\/en\/wp-json\/wp\/v2\/users\/2"}],"replies":[{"embeddable":true,"href":"https:\/\/benditoser.com.br\/en\/wp-json\/wp\/v2\/comments?post=14915"}],"version-history":[{"count":2,"href":"https:\/\/benditoser.com.br\/en\/wp-json\/wp\/v2\/posts\/14915\/revisions"}],"predecessor-version":[{"id":14918,"href":"https:\/\/benditoser.com.br\/en\/wp-json\/wp\/v2\/posts\/14915\/revisions\/14918"}],"wp:featuredmedia":[{"embeddable":true,"href":"https:\/\/benditoser.com.br\/en\/wp-json\/wp\/v2\/media\/14916"}],"wp:attachment":[{"href":"https:\/\/benditoser.com.br\/en\/wp-json\/wp\/v2\/media?parent=14915"}],"wp:term":[{"taxonomy":"category","embeddable":true,"href":"https:\/\/benditoser.com.br\/en\/wp-json\/wp\/v2\/categories?post=14915"},{"taxonomy":"post_tag","embeddable":true,"href":"https:\/\/benditoser.com.br\/en\/wp-json\/wp\/v2\/tags?post=14915"}],"curies":[{"name":"wp","href":"https:\/\/api.w.org\/{rel}","templated":true}]}}