{"id":14921,"date":"2026-06-09T12:07:29","date_gmt":"2026-06-09T15:07:29","guid":{"rendered":"https:\/\/benditoser.com.br\/?p=14921"},"modified":"2026-06-09T12:40:32","modified_gmt":"2026-06-09T15:40:32","slug":"medo-de-decepcionar","status":"publish","type":"post","link":"https:\/\/benditoser.com.br\/en\/medo-de-decepcionar\/","title":{"rendered":"Voc\u00ea toma decis\u00f5es pela sua verdade ou pelo medo de decepcionar?"},"content":{"rendered":"<p><strong>Quantas das suas escolhas s\u00e3o realmente suas?<\/strong><\/p>\n<p>Talvez voc\u00ea conhe\u00e7a essa sensa\u00e7\u00e3o:<\/p>\n<p>Voc\u00ea est\u00e1 prestes a tomar uma decis\u00e3o simples \u2014 mudar algo no trabalho, dizer \u201cn\u00e3o\u201d, se posicionar, escolher um caminho diferente \u2014 e, de repente, surge uma reuni\u00e3o n\u00e3o solicitada dentro da sua cabe\u00e7a:<\/p>\n<blockquote><p><em><span style=\"color: #993366;\">\u201cMas ser\u00e1 que est\u00e1 certo?\u201d<\/span><\/em><\/p>\n<p><em><span style=\"color: #993366;\">\u201cE se eu estiver errando?\u201d<\/span><\/em><\/p>\n<p><em><span style=\"color: #993366;\">\u201cE se Deus n\u00e3o gostar?\u201d<\/span><\/em><\/p>\n<p><em><span style=\"color: #993366;\">\u201cE se as pessoas me julgarem?\u201d<\/span><\/em><\/p>\n<p><em><span style=\"color: #993366;\">\u201cE se eu decepcionar algu\u00e9m?\u201d<\/span><\/em><\/p>\n<p><em><span style=\"color: #993366;\">\u201cE se eu acabar sozinha?\u201d<\/span><\/em><\/p><\/blockquote>\n<p>Sua mente abre uma assembleia geral \u00e0s 2h da manh\u00e3\u2026 e ningu\u00e9m avisou voc\u00ea.<\/p>\n<p>Parece engra\u00e7ado quando escrito assim.<\/p>\n<p>Mas, para quem vive isso, \u00e9 cansativo.<\/p>\n<p>Porque existe uma diferen\u00e7a importante entre agir por consci\u00eancia e agir por medo.<\/p>\n<p>E muitas pessoas passaram a vida inteira confundindo uma coisa com a outra.<\/p>\n<h2><strong>Quando fazer \u201co certo\u201d come\u00e7a a custar caro<\/strong><\/h2>\n<p>Desde cedo, algumas pessoas aprendem algo silencioso:<\/p>\n<p>Para ser amada, precisa agradar.<br \/>\nPara pertencer, precisa obedecer.<br \/>\nPara ser aceita, precisa acertar.<\/p>\n<p>Ent\u00e3o nasce uma esp\u00e9cie de vigilante interno.<\/p>\n<p>Ele avalia tudo:<\/p>\n<ul>\n<li>\u201cIsso \u00e9 permitido?\u201d<\/li>\n<li>\u201cIsso \u00e9 ego\u00edsmo?\u201d<\/li>\n<li>\u201cO que v\u00e3o pensar?\u201d<\/li>\n<li>\u201cSer\u00e1 que estou decepcionando algu\u00e9m?\u201d<\/li>\n<\/ul>\n<p>O problema \u00e9 que esse vigilante raramente tira f\u00e9rias.<\/p>\n<p>E, aos poucos, voc\u00ea pode come\u00e7ar a perceber algo estranho:<\/p>\n<p>Voc\u00ea vive corretamente.<\/p>\n<p>Mas n\u00e3o vive plenamente.<\/p>\n<h2><strong>O corpo costuma contar essa hist\u00f3ria antes da mente<\/strong><\/h2>\n<p>Enquanto a cabe\u00e7a tenta continuar funcionando, o corpo come\u00e7a a enviar mensagens:<\/p>\n<ul>\n<li>tens\u00e3o no pesco\u00e7o;<\/li>\n<li>n\u00f3 na garganta;<\/li>\n<li>dificuldade para relaxar;<\/li>\n<li>sensa\u00e7\u00e3o constante de alerta;<\/li>\n<li>cansa\u00e7o que n\u00e3o melhora apenas descansando.<\/li>\n<\/ul>\n<p>Como se uma parte sua estivesse sempre se contendo.<\/p>\n<p>Sempre tentando permanecer no lugar esperado.<\/p>\n<h2><strong>A pergunta que muda tudo<\/strong><\/h2>\n<p><a href=\"https:\/\/benditoser.com.br\/wp-content\/uploads\/2026\/06\/Midia_jun26_Medo-de-Descepcionar-2.jpg\"><img fetchpriority=\"high\" decoding=\"async\" class=\"wp-image-14927 size-full aligncenter\" src=\"https:\/\/benditoser.com.br\/wp-content\/uploads\/2026\/06\/Midia_jun26_Medo-de-Descepcionar-2.jpg\" alt=\"\" width=\"800\" height=\"422\" srcset=\"https:\/\/benditoser.com.br\/wp-content\/uploads\/2026\/06\/Midia_jun26_Medo-de-Descepcionar-2.jpg 800w, https:\/\/benditoser.com.br\/wp-content\/uploads\/2026\/06\/Midia_jun26_Medo-de-Descepcionar-2-300x158.jpg 300w, https:\/\/benditoser.com.br\/wp-content\/uploads\/2026\/06\/Midia_jun26_Medo-de-Descepcionar-2-768x405.jpg 768w, https:\/\/benditoser.com.br\/wp-content\/uploads\/2026\/06\/Midia_jun26_Medo-de-Descepcionar-2-18x9.jpg 18w, https:\/\/benditoser.com.br\/wp-content\/uploads\/2026\/06\/Midia_jun26_Medo-de-Descepcionar-2-600x317.jpg 600w\" sizes=\"(max-width: 800px) 100vw, 800px\" \/><\/a><\/p>\n<p>E se parte das suas escolhas n\u00e3o vier exatamente da sua verdade&#8230;<\/p>\n<p>Mas do medo?<\/p>\n<p>Medo de errar.<\/p>\n<p>Medo de decepcionar.<\/p>\n<p>Medo de perder pertencimento.<\/p>\n<p>Medo de deixar de ser a pessoa \u201cboa\u201d, \u201cforte\u201d ou \u201ccorreta\u201d.<\/p>\n<p>Porque existe algo muito delicado acontecendo:<\/p>\n<p>Muitas vezes n\u00e3o temos medo apenas da mudan\u00e7a.<\/p>\n<p>Temos medo do que pode acontecer se deixarmos de ser quem aprendemos que dever\u00edamos ser.<\/p>\n<h2><strong>Crescer n\u00e3o \u00e9 abandonar sua f\u00e9. \u00c9 tamb\u00e9m existir.<\/strong><\/h2>\n<p>Muita gente acredita que amadurecer emocionalmente significa perder espiritualidade.<\/p>\n<p>Mas talvez seja o contr\u00e1rio.<\/p>\n<p>Talvez crescer seja descobrir que amor n\u00e3o \u00e9 pris\u00e3o.<\/p>\n<p>Que espiritualidade n\u00e3o precisa nascer do medo.<\/p>\n<p>Que consci\u00eancia n\u00e3o \u00e9 viver tentando evitar puni\u00e7\u00e3o.<\/p>\n<p>E que existir n\u00e3o deveria significar apenas obedecer expectativas invis\u00edveis.<\/p>\n<h2><strong>O in\u00edcio da transforma\u00e7\u00e3o<\/strong><\/h2>\n<p>Existe um momento importante no processo terap\u00eautico:<\/p>\n<p>Quando voc\u00ea come\u00e7a a perceber quais vozes dentro de voc\u00ea realmente s\u00e3o suas&#8230; e quais foram herdadas.<\/p>\n<p>Porque existe uma enorme diferen\u00e7a entre carregar uma heran\u00e7a e viver aprisionada por ela.<\/p>\n<h2><span style=\"color: #ff6600;\">O Diagn\u00f3stico Benditoser<\/span><\/h2>\n<p>No Benditoser, investigamos padr\u00f5es emocionais, cren\u00e7as herdadas e movimentos inconscientes que organizam sua vida hoje.\u00a0N\u00e3o olhamos apenas para o sintoma.\u00a0Buscamos compreender:<\/p>\n<ul>\n<li>o que est\u00e1 por tr\u00e1s da repeti\u00e7\u00e3o;<\/li>\n<li>quais medos est\u00e3o conduzindo suas escolhas;<\/li>\n<li>quais vozes ainda ocupam espa\u00e7o dentro de voc\u00ea;<\/li>\n<li>e qual verdade sua est\u00e1 tentando nascer.<\/li>\n<\/ul>\n<p>Talvez voc\u00ea n\u00e3o precise continuar vivendo tentando acertar tudo.\u00a0Talvez seja hora de descobrir quem voc\u00ea \u00e9 quando o medo deixa de dirigir sua vida.<\/p>\n<p>Inicie seu processo terap\u00eautico no Benditoser <a href=\"https:\/\/benditoser.com.br\/en\/diagnostico\/\"><span style=\"color: #ff6600;\"><strong>por aqui.<\/strong><\/span><\/a><\/p>","protected":false},"excerpt":{"rendered":"<p>Quantas das suas escolhas s\u00e3o realmente suas? Talvez voc\u00ea conhe\u00e7a essa sensa\u00e7\u00e3o: Voc\u00ea est\u00e1 prestes a tomar uma decis\u00e3o simples \u2014 mudar algo no trabalho, dizer \u201cn\u00e3o\u201d, se posicionar, escolher um caminho diferente \u2014 e, de repente, surge uma reuni\u00e3o n\u00e3o solicitada dentro da sua [&hellip;]<\/p>\n","protected":false},"author":2,"featured_media":14926,"comment_status":"open","ping_status":"open","sticky":false,"template":"","format":"standard","meta":{"om_disable_all_campaigns":false,"_monsterinsights_skip_tracking":false,"_uf_show_specific_survey":0,"_uf_disable_surveys":false,"footnotes":""},"categories":[234,288,271,215],"tags":[294,291,289,290,292,295,293],"class_list":["post-14921","post","type-post","status-publish","format-standard","has-post-thumbnail","hentry","category-despertar-de-consciencia","category-julgamento","category-relacionamentos","category-sexualidade","tag-espiritualidade-e-culpa","tag-medo-de-decepcionar","tag-medo-de-errar","tag-medo-de-ser-julgada","tag-necessidade-de-agradar","tag-padroes-familiares","tag-viver-para-agradar"],"yoast_head":"<!-- This site is optimized with the Yoast SEO plugin v28.3 - https:\/\/yoast.com\/product\/yoast-seo-wordpress\/ -->\n<title>Voc\u00ea toma decis\u00f5es pela sua verdade ou pelo medo de decepcionar? - Benditoser<\/title>\n<meta name=\"description\" content=\"Voc\u00ea vive tentando fazer tudo certo? Entenda como o medo de decepcionar pode estar conduzindo suas escolhas e seus relacionamentos.\" \/>\n<meta name=\"robots\" content=\"index, follow, max-snippet:-1, max-image-preview:large, max-video-preview:-1\" \/>\n<link rel=\"canonical\" href=\"https:\/\/benditoser.com.br\/en\/medo-de-decepcionar\/\" \/>\n<meta property=\"og:locale\" content=\"en_US\" \/>\n<meta property=\"og:type\" content=\"article\" \/>\n<meta property=\"og:title\" content=\"Voc\u00ea toma decis\u00f5es pela sua verdade ou pelo medo de decepcionar? - Benditoser\" \/>\n<meta property=\"og:description\" content=\"Voc\u00ea vive tentando fazer tudo certo? Entenda como o medo de decepcionar pode estar conduzindo suas escolhas e seus relacionamentos.\" \/>\n<meta property=\"og:url\" content=\"https:\/\/benditoser.com.br\/en\/medo-de-decepcionar\/\" \/>\n<meta property=\"og:site_name\" content=\"Benditoser\" \/>\n<meta property=\"article:publisher\" content=\"https:\/\/www.facebook.com\/benditoser.com.br\" \/>\n<meta property=\"article:published_time\" content=\"2026-06-09T15:07:29+00:00\" \/>\n<meta property=\"article:modified_time\" content=\"2026-06-09T15:40:32+00:00\" \/>\n<meta property=\"og:image\" content=\"https:\/\/benditoser.com.br\/wp-content\/uploads\/2026\/06\/Midia_jun26_Medo-de-Descepcionar.jpg\" \/>\n\t<meta property=\"og:image:width\" content=\"800\" \/>\n\t<meta property=\"og:image:height\" content=\"422\" \/>\n\t<meta property=\"og:image:type\" content=\"image\/jpeg\" \/>\n<meta name=\"author\" content=\"Paulo Vasconcelos\" \/>\n<meta name=\"twitter:card\" content=\"summary_large_image\" \/>\n<meta name=\"twitter:label1\" content=\"Written by\" \/>\n\t<meta name=\"twitter:data1\" content=\"Paulo Vasconcelos\" \/>\n\t<meta name=\"twitter:label2\" content=\"Est. reading time\" \/>\n\t<meta name=\"twitter:data2\" content=\"4 minutes\" \/>\n<script type=\"application\/ld+json\" class=\"yoast-schema-graph\">{\"@context\":\"https:\\\/\\\/schema.org\",\"@graph\":[{\"@type\":\"Article\",\"@id\":\"https:\\\/\\\/benditoser.com.br\\\/medo-de-decepcionar\\\/#article\",\"isPartOf\":{\"@id\":\"https:\\\/\\\/benditoser.com.br\\\/medo-de-decepcionar\\\/\"},\"author\":{\"name\":\"Paulo Vasconcelos\",\"@id\":\"https:\\\/\\\/benditoser.com.br\\\/#\\\/schema\\\/person\\\/1b910a9b2b037ddc492a3b2e8dc4adb2\"},\"headline\":\"Voc\u00ea toma decis\u00f5es pela sua verdade ou pelo medo de decepcionar?\",\"datePublished\":\"2026-06-09T15:07:29+00:00\",\"dateModified\":\"2026-06-09T15:40:32+00:00\",\"mainEntityOfPage\":{\"@id\":\"https:\\\/\\\/benditoser.com.br\\\/medo-de-decepcionar\\\/\"},\"wordCount\":584,\"commentCount\":1,\"publisher\":{\"@id\":\"https:\\\/\\\/benditoser.com.br\\\/#organization\"},\"image\":{\"@id\":\"https:\\\/\\\/benditoser.com.br\\\/medo-de-decepcionar\\\/#primaryimage\"},\"thumbnailUrl\":\"https:\\\/\\\/benditoser.com.br\\\/wp-content\\\/uploads\\\/2026\\\/06\\\/Midia_jun26_Medo-de-Descepcionar.jpg\",\"keywords\":[\"espiritualidade e culpa\",\"medo de decepcionar\",\"medo de errar\",\"medo de ser julgada\",\"necessidade de agradar\",\"padr\u00f5es familiares\",\"viver para agradar\"],\"articleSection\":[\"Despertar de Consci\u00eancia\",\"Julgamento\",\"Relacionamentos\",\"Sexualidade\"],\"inLanguage\":\"en-US\",\"potentialAction\":[{\"@type\":\"CommentAction\",\"name\":\"Comment\",\"target\":[\"https:\\\/\\\/benditoser.com.br\\\/medo-de-decepcionar\\\/#respond\"]}]},{\"@type\":\"WebPage\",\"@id\":\"https:\\\/\\\/benditoser.com.br\\\/medo-de-decepcionar\\\/\",\"url\":\"https:\\\/\\\/benditoser.com.br\\\/medo-de-decepcionar\\\/\",\"name\":\"Voc\u00ea toma decis\u00f5es pela sua verdade ou pelo medo de decepcionar? - Benditoser\",\"isPartOf\":{\"@id\":\"https:\\\/\\\/benditoser.com.br\\\/#website\"},\"primaryImageOfPage\":{\"@id\":\"https:\\\/\\\/benditoser.com.br\\\/medo-de-decepcionar\\\/#primaryimage\"},\"image\":{\"@id\":\"https:\\\/\\\/benditoser.com.br\\\/medo-de-decepcionar\\\/#primaryimage\"},\"thumbnailUrl\":\"https:\\\/\\\/benditoser.com.br\\\/wp-content\\\/uploads\\\/2026\\\/06\\\/Midia_jun26_Medo-de-Descepcionar.jpg\",\"datePublished\":\"2026-06-09T15:07:29+00:00\",\"dateModified\":\"2026-06-09T15:40:32+00:00\",\"description\":\"Voc\u00ea vive tentando fazer tudo certo? Entenda como o medo de decepcionar pode estar conduzindo suas escolhas e seus relacionamentos.\",\"breadcrumb\":{\"@id\":\"https:\\\/\\\/benditoser.com.br\\\/medo-de-decepcionar\\\/#breadcrumb\"},\"inLanguage\":\"en-US\",\"potentialAction\":[{\"@type\":\"ReadAction\",\"target\":[\"https:\\\/\\\/benditoser.com.br\\\/medo-de-decepcionar\\\/\"]}]},{\"@type\":\"ImageObject\",\"inLanguage\":\"en-US\",\"@id\":\"https:\\\/\\\/benditoser.com.br\\\/medo-de-decepcionar\\\/#primaryimage\",\"url\":\"https:\\\/\\\/benditoser.com.br\\\/wp-content\\\/uploads\\\/2026\\\/06\\\/Midia_jun26_Medo-de-Descepcionar.jpg\",\"contentUrl\":\"https:\\\/\\\/benditoser.com.br\\\/wp-content\\\/uploads\\\/2026\\\/06\\\/Midia_jun26_Medo-de-Descepcionar.jpg\",\"width\":800,\"height\":422},{\"@type\":\"BreadcrumbList\",\"@id\":\"https:\\\/\\\/benditoser.com.br\\\/medo-de-decepcionar\\\/#breadcrumb\",\"itemListElement\":[{\"@type\":\"ListItem\",\"position\":1,\"name\":\"In\u00edcio\",\"item\":\"https:\\\/\\\/benditoser.com.br\\\/\"},{\"@type\":\"ListItem\",\"position\":2,\"name\":\"Voc\u00ea toma decis\u00f5es pela sua verdade ou pelo medo de decepcionar?\"}]},{\"@type\":\"WebSite\",\"@id\":\"https:\\\/\\\/benditoser.com.br\\\/#website\",\"url\":\"https:\\\/\\\/benditoser.com.br\\\/\",\"name\":\"Benditoser\",\"description\":\"Terapias\",\"publisher\":{\"@id\":\"https:\\\/\\\/benditoser.com.br\\\/#organization\"},\"potentialAction\":[{\"@type\":\"SearchAction\",\"target\":{\"@type\":\"EntryPoint\",\"urlTemplate\":\"https:\\\/\\\/benditoser.com.br\\\/?s={search_term_string}\"},\"query-input\":{\"@type\":\"PropertyValueSpecification\",\"valueRequired\":true,\"valueName\":\"search_term_string\"}}],\"inLanguage\":\"en-US\"},{\"@type\":\"Organization\",\"@id\":\"https:\\\/\\\/benditoser.com.br\\\/#organization\",\"name\":\"Benditoser\",\"url\":\"https:\\\/\\\/benditoser.com.br\\\/\",\"logo\":{\"@type\":\"ImageObject\",\"inLanguage\":\"en-US\",\"@id\":\"https:\\\/\\\/benditoser.com.br\\\/#\\\/schema\\\/logo\\\/image\\\/\",\"url\":\"https:\\\/\\\/benditoser.com.br\\\/wp-content\\\/uploads\\\/2025\\\/05\\\/cropped-logo-bendito-ser-site.png\",\"contentUrl\":\"https:\\\/\\\/benditoser.com.br\\\/wp-content\\\/uploads\\\/2025\\\/05\\\/cropped-logo-bendito-ser-site.png\",\"width\":220,\"height\":44,\"caption\":\"Benditoser\"},\"image\":{\"@id\":\"https:\\\/\\\/benditoser.com.br\\\/#\\\/schema\\\/logo\\\/image\\\/\"},\"sameAs\":[\"https:\\\/\\\/www.facebook.com\\\/benditoser.com.br\",\"https:\\\/\\\/www.instagram.com\\\/benditoser.com.br\\\/\"]},{\"@type\":\"Person\",\"@id\":\"https:\\\/\\\/benditoser.com.br\\\/#\\\/schema\\\/person\\\/1b910a9b2b037ddc492a3b2e8dc4adb2\",\"name\":\"Paulo Vasconcelos\",\"image\":{\"@type\":\"ImageObject\",\"inLanguage\":\"en-US\",\"@id\":\"https:\\\/\\\/secure.gravatar.com\\\/avatar\\\/34be8b8f301baee1d34ae5e8fc205d12bdfd859131ea8f1ea4a232bd06e2286f?s=96&d=mm&r=g\",\"url\":\"https:\\\/\\\/secure.gravatar.com\\\/avatar\\\/34be8b8f301baee1d34ae5e8fc205d12bdfd859131ea8f1ea4a232bd06e2286f?s=96&d=mm&r=g\",\"contentUrl\":\"https:\\\/\\\/secure.gravatar.com\\\/avatar\\\/34be8b8f301baee1d34ae5e8fc205d12bdfd859131ea8f1ea4a232bd06e2286f?s=96&d=mm&r=g\",\"caption\":\"Paulo Vasconcelos\"},\"description\":\"Superior em Pr\u00e1ticas Integrativas e Complementares e p\u00f3s-graduando em psican\u00e1lise cl\u00ednica, atuando no universo das terapias hol\u00edsticas e integrativas. GEM, Grupo de Estudos e Trabalho Medi\u00fanico; Apometria \u2013 terapeuta, dirigente de grupo e facilitador; CNV \u2013 Comunica\u00e7\u00e3o N\u00e3o-Violenta; Teologia de Umbanda; Mitologia Afro-brasileira e Psicologia Anal\u00edtica; T\u00c9CNICAS QUE UTILIZO: ODUZ, APRENDIZADOS DO CAMINHO; APOMETRIA; LEITURA DE REGISTROS AK\u00c1SHICOS; C\u00cdRCULO SIST\u00caMICO DA VIDA; RADIESTESIA; REIKI USUI; PSICOSSOM\u00c1TICA; GEOBIOLOGIA ESPIRITUAL;\",\"url\":\"https:\\\/\\\/benditoser.com.br\\\/en\\\/author\\\/paulo\\\/\"}]}<\/script>\n<!-- \/ Yoast SEO plugin. -->","yoast_head_json":{"title":"Voc\u00ea toma decis\u00f5es pela sua verdade ou pelo medo de decepcionar? - Benditoser","description":"Voc\u00ea vive tentando fazer tudo certo? Entenda como o medo de decepcionar pode estar conduzindo suas escolhas e seus relacionamentos.","robots":{"index":"index","follow":"follow","max-snippet":"max-snippet:-1","max-image-preview":"max-image-preview:large","max-video-preview":"max-video-preview:-1"},"canonical":"https:\/\/benditoser.com.br\/en\/medo-de-decepcionar\/","og_locale":"en_US","og_type":"article","og_title":"Voc\u00ea toma decis\u00f5es pela sua verdade ou pelo medo de decepcionar? - Benditoser","og_description":"Voc\u00ea vive tentando fazer tudo certo? Entenda como o medo de decepcionar pode estar conduzindo suas escolhas e seus relacionamentos.","og_url":"https:\/\/benditoser.com.br\/en\/medo-de-decepcionar\/","og_site_name":"Benditoser","article_publisher":"https:\/\/www.facebook.com\/benditoser.com.br","article_published_time":"2026-06-09T15:07:29+00:00","article_modified_time":"2026-06-09T15:40:32+00:00","og_image":[{"width":800,"height":422,"url":"https:\/\/benditoser.com.br\/wp-content\/uploads\/2026\/06\/Midia_jun26_Medo-de-Descepcionar.jpg","type":"image\/jpeg"}],"author":"Paulo Vasconcelos","twitter_card":"summary_large_image","twitter_misc":{"Written by":"Paulo Vasconcelos","Est. reading time":"4 minutes"},"schema":{"@context":"https:\/\/schema.org","@graph":[{"@type":"Article","@id":"https:\/\/benditoser.com.br\/medo-de-decepcionar\/#article","isPartOf":{"@id":"https:\/\/benditoser.com.br\/medo-de-decepcionar\/"},"author":{"name":"Paulo Vasconcelos","@id":"https:\/\/benditoser.com.br\/#\/schema\/person\/1b910a9b2b037ddc492a3b2e8dc4adb2"},"headline":"Voc\u00ea toma decis\u00f5es pela sua verdade ou pelo medo de decepcionar?","datePublished":"2026-06-09T15:07:29+00:00","dateModified":"2026-06-09T15:40:32+00:00","mainEntityOfPage":{"@id":"https:\/\/benditoser.com.br\/medo-de-decepcionar\/"},"wordCount":584,"commentCount":1,"publisher":{"@id":"https:\/\/benditoser.com.br\/#organization"},"image":{"@id":"https:\/\/benditoser.com.br\/medo-de-decepcionar\/#primaryimage"},"thumbnailUrl":"https:\/\/benditoser.com.br\/wp-content\/uploads\/2026\/06\/Midia_jun26_Medo-de-Descepcionar.jpg","keywords":["espiritualidade e culpa","medo de decepcionar","medo de errar","medo de ser julgada","necessidade de agradar","padr\u00f5es familiares","viver para agradar"],"articleSection":["Despertar de Consci\u00eancia","Julgamento","Relacionamentos","Sexualidade"],"inLanguage":"en-US","potentialAction":[{"@type":"CommentAction","name":"Comment","target":["https:\/\/benditoser.com.br\/medo-de-decepcionar\/#respond"]}]},{"@type":"WebPage","@id":"https:\/\/benditoser.com.br\/medo-de-decepcionar\/","url":"https:\/\/benditoser.com.br\/medo-de-decepcionar\/","name":"Voc\u00ea toma decis\u00f5es pela sua verdade ou pelo medo de decepcionar? - Benditoser","isPartOf":{"@id":"https:\/\/benditoser.com.br\/#website"},"primaryImageOfPage":{"@id":"https:\/\/benditoser.com.br\/medo-de-decepcionar\/#primaryimage"},"image":{"@id":"https:\/\/benditoser.com.br\/medo-de-decepcionar\/#primaryimage"},"thumbnailUrl":"https:\/\/benditoser.com.br\/wp-content\/uploads\/2026\/06\/Midia_jun26_Medo-de-Descepcionar.jpg","datePublished":"2026-06-09T15:07:29+00:00","dateModified":"2026-06-09T15:40:32+00:00","description":"Voc\u00ea vive tentando fazer tudo certo? Entenda como o medo de decepcionar pode estar conduzindo suas escolhas e seus relacionamentos.","breadcrumb":{"@id":"https:\/\/benditoser.com.br\/medo-de-decepcionar\/#breadcrumb"},"inLanguage":"en-US","potentialAction":[{"@type":"ReadAction","target":["https:\/\/benditoser.com.br\/medo-de-decepcionar\/"]}]},{"@type":"ImageObject","inLanguage":"en-US","@id":"https:\/\/benditoser.com.br\/medo-de-decepcionar\/#primaryimage","url":"https:\/\/benditoser.com.br\/wp-content\/uploads\/2026\/06\/Midia_jun26_Medo-de-Descepcionar.jpg","contentUrl":"https:\/\/benditoser.com.br\/wp-content\/uploads\/2026\/06\/Midia_jun26_Medo-de-Descepcionar.jpg","width":800,"height":422},{"@type":"BreadcrumbList","@id":"https:\/\/benditoser.com.br\/medo-de-decepcionar\/#breadcrumb","itemListElement":[{"@type":"ListItem","position":1,"name":"In\u00edcio","item":"https:\/\/benditoser.com.br\/"},{"@type":"ListItem","position":2,"name":"Voc\u00ea toma decis\u00f5es pela sua verdade ou pelo medo de decepcionar?"}]},{"@type":"WebSite","@id":"https:\/\/benditoser.com.br\/#website","url":"https:\/\/benditoser.com.br\/","name":"Benditoser","description":"Terapias","publisher":{"@id":"https:\/\/benditoser.com.br\/#organization"},"potentialAction":[{"@type":"SearchAction","target":{"@type":"EntryPoint","urlTemplate":"https:\/\/benditoser.com.br\/?s={search_term_string}"},"query-input":{"@type":"PropertyValueSpecification","valueRequired":true,"valueName":"search_term_string"}}],"inLanguage":"en-US"},{"@type":"Organization","@id":"https:\/\/benditoser.com.br\/#organization","name":"Benditoser","url":"https:\/\/benditoser.com.br\/","logo":{"@type":"ImageObject","inLanguage":"en-US","@id":"https:\/\/benditoser.com.br\/#\/schema\/logo\/image\/","url":"https:\/\/benditoser.com.br\/wp-content\/uploads\/2025\/05\/cropped-logo-bendito-ser-site.png","contentUrl":"https:\/\/benditoser.com.br\/wp-content\/uploads\/2025\/05\/cropped-logo-bendito-ser-site.png","width":220,"height":44,"caption":"Benditoser"},"image":{"@id":"https:\/\/benditoser.com.br\/#\/schema\/logo\/image\/"},"sameAs":["https:\/\/www.facebook.com\/benditoser.com.br","https:\/\/www.instagram.com\/benditoser.com.br\/"]},{"@type":"Person","@id":"https:\/\/benditoser.com.br\/#\/schema\/person\/1b910a9b2b037ddc492a3b2e8dc4adb2","name":"Paulo Vasconcelos","image":{"@type":"ImageObject","inLanguage":"en-US","@id":"https:\/\/secure.gravatar.com\/avatar\/34be8b8f301baee1d34ae5e8fc205d12bdfd859131ea8f1ea4a232bd06e2286f?s=96&d=mm&r=g","url":"https:\/\/secure.gravatar.com\/avatar\/34be8b8f301baee1d34ae5e8fc205d12bdfd859131ea8f1ea4a232bd06e2286f?s=96&d=mm&r=g","contentUrl":"https:\/\/secure.gravatar.com\/avatar\/34be8b8f301baee1d34ae5e8fc205d12bdfd859131ea8f1ea4a232bd06e2286f?s=96&d=mm&r=g","caption":"Paulo Vasconcelos"},"description":"Superior em Pr\u00e1ticas Integrativas e Complementares e p\u00f3s-graduando em psican\u00e1lise cl\u00ednica, atuando no universo das terapias hol\u00edsticas e integrativas. GEM, Grupo de Estudos e Trabalho Medi\u00fanico; Apometria \u2013 terapeuta, dirigente de grupo e facilitador; CNV \u2013 Comunica\u00e7\u00e3o N\u00e3o-Violenta; Teologia de Umbanda; Mitologia Afro-brasileira e Psicologia Anal\u00edtica; T\u00c9CNICAS QUE UTILIZO: ODUZ, APRENDIZADOS DO CAMINHO; APOMETRIA; LEITURA DE REGISTROS AK\u00c1SHICOS; C\u00cdRCULO SIST\u00caMICO DA VIDA; RADIESTESIA; REIKI USUI; PSICOSSOM\u00c1TICA; GEOBIOLOGIA ESPIRITUAL;","url":"https:\/\/benditoser.com.br\/en\/author\/paulo\/"}]}},"publishpress_future_action":{"enabled":false,"date":"2026-09-07 22:09:57","action":"change-status","newStatus":"draft","terms":[],"taxonomy":"category","extraData":[]},"publishpress_future_workflow_manual_trigger":{"enabledWorkflows":[]},"_links":{"self":[{"href":"https:\/\/benditoser.com.br\/en\/wp-json\/wp\/v2\/posts\/14921","targetHints":{"allow":["GET"]}}],"collection":[{"href":"https:\/\/benditoser.com.br\/en\/wp-json\/wp\/v2\/posts"}],"about":[{"href":"https:\/\/benditoser.com.br\/en\/wp-json\/wp\/v2\/types\/post"}],"author":[{"embeddable":true,"href":"https:\/\/benditoser.com.br\/en\/wp-json\/wp\/v2\/users\/2"}],"replies":[{"embeddable":true,"href":"https:\/\/benditoser.com.br\/en\/wp-json\/wp\/v2\/comments?post=14921"}],"version-history":[{"count":9,"href":"https:\/\/benditoser.com.br\/en\/wp-json\/wp\/v2\/posts\/14921\/revisions"}],"predecessor-version":[{"id":14932,"href":"https:\/\/benditoser.com.br\/en\/wp-json\/wp\/v2\/posts\/14921\/revisions\/14932"}],"wp:featuredmedia":[{"embeddable":true,"href":"https:\/\/benditoser.com.br\/en\/wp-json\/wp\/v2\/media\/14926"}],"wp:attachment":[{"href":"https:\/\/benditoser.com.br\/en\/wp-json\/wp\/v2\/media?parent=14921"}],"wp:term":[{"taxonomy":"category","embeddable":true,"href":"https:\/\/benditoser.com.br\/en\/wp-json\/wp\/v2\/categories?post=14921"},{"taxonomy":"post_tag","embeddable":true,"href":"https:\/\/benditoser.com.br\/en\/wp-json\/wp\/v2\/tags?post=14921"}],"curies":[{"name":"wp","href":"https:\/\/api.w.org\/{rel}","templated":true}]}}