{"id":15006,"date":"2026-06-20T23:46:24","date_gmt":"2026-06-21T02:46:24","guid":{"rendered":"https:\/\/benditoser.com.br\/?p=15006"},"modified":"2026-06-21T13:08:55","modified_gmt":"2026-06-21T16:08:55","slug":"como-se-proteger-espiritualmente","status":"publish","type":"post","link":"https:\/\/benditoser.com.br\/en\/como-se-proteger-espiritualmente\/","title":{"rendered":"Como se Proteger Espiritualmente? O Papel do Campo Vibrat\u00f3rio Pessoal na Defesa Energ\u00e9tica"},"content":{"rendered":"<div class=\"relative basis-auto flex-col -mb-(--composer-overlap-px) pb-(--composer-overlap-px) [--composer-overlap-px:28px] grow flex\" data-voice-floating-orb-focus-background=\"\">\n<div class=\"flex flex-col text-sm\">\n<div class=\"qMYqUG_convSearchResultHighlightRoot\">\n<div class=\"\" data-turn-id-container=\"request-6a32b71b-1b78-83e9-9026-55735c1ed9be-8\" data-is-intersecting=\"true\">\n<section class=\"text-token-text-primary w-full focus:outline-none has-data-writing-block:pointer-events-none [&amp;:has([data-writing-block])&gt;*]:pointer-events-auto R6Vx5W_threadScrollVars scroll-mb-[calc(var(--scroll-root-safe-area-inset-bottom,0px)+var(--thread-response-height))] scroll-mt-[calc(var(--header-height)+min(200px,max(70px,20svh)))]\" dir=\"auto\" data-turn-id=\"request-6a32b71b-1b78-83e9-9026-55735c1ed9be-8\" data-turn-id-container=\"request-6a32b71b-1b78-83e9-9026-55735c1ed9be-8\" data-testid=\"conversation-turn-6\" data-turn=\"assistant\">\n<div class=\"text-base my-auto mx-auto pb-3 [--thread-content-margin:var(--thread-content-margin-xs,calc(var(--spacing)*4))] @w-sm\/main:[--thread-content-margin:var(--thread-content-margin-sm,calc(var(--spacing)*6))] @w-lg\/main:[--thread-content-margin:var(--thread-content-margin-lg,calc(var(--spacing)*16))] px-(--thread-content-margin)\">\n<div class=\"[--thread-content-max-width:40rem] @w-lg\/main:[--thread-content-max-width:48rem] mx-auto max-w-(--thread-content-max-width) flex-1 group\/turn-messages focus-visible:outline-hidden relative flex w-full min-w-0 flex-col agent-turn\" data-conversation-screenshot-content=\"\">\n<div class=\"flex max-w-full flex-col gap-4 grow\">\n<div class=\"min-h-8 text-message relative flex w-full flex-col items-end gap-2 text-start break-words whitespace-normal outline-none keyboard-focused:focus-ring [.text-message+&amp;]:mt-1\" dir=\"auto\" tabindex=\"0\" data-message-author-role=\"assistant\" data-message-id=\"295b5f56-c1ff-4d3f-acd6-97929670d691\" data-message-model-slug=\"gpt-5-5\" data-turn-start-message=\"true\">\n<div class=\"flex w-full flex-col gap-1 empty:hidden\">\n<div class=\"markdown prose dark:prose-invert wrap-break-word w-full dark markdown-new-styling\">\n<p data-start=\"94\" data-end=\"291\">Voc\u00ea j\u00e1 se perguntou <strong data-start=\"115\" data-end=\"151\">como se proteger espiritualmente<\/strong> diante de ambientes pesados, pessoas que parecem drenar sua energia ou situa\u00e7\u00f5es que deixam sua mente e suas emo\u00e7\u00f5es em constante desgaste?<\/p>\n<p data-start=\"293\" data-end=\"568\">Muitas pessoas buscam prote\u00e7\u00e3o atrav\u00e9s de ora\u00e7\u00f5es, rituais, banhos energ\u00e9ticos ou pr\u00e1ticas espirituais. Todas essas ferramentas podem ter seu valor. Mas existe um aspecto fundamental que costuma ser negligenciado: a qualidade da energia que n\u00f3s mesmos produzimos diariamente.<\/p>\n<p data-start=\"570\" data-end=\"868\">A partir da perspectiva da espiritualidade, da Apometria e do desenvolvimento da consci\u00eancia, podemos compreender que a verdadeira prote\u00e7\u00e3o espiritual n\u00e3o depende apenas do que fazemos para afastar influ\u00eancias externas, mas principalmente da capacidade de fortalecer nosso pr\u00f3prio campo vibrat\u00f3rio.<\/p>\n<p data-start=\"870\" data-end=\"1054\">Neste artigo, vamos entender o que \u00e9 o campo vibrat\u00f3rio pessoal, como ele influencia nossa vida e quais atitudes podem contribuir para uma defesa energ\u00e9tica mais saud\u00e1vel e consciente.<\/p>\n<\/div>\n<h2 data-section-id=\"uifd9k\" data-start=\"1061\" data-end=\"1099\">O que \u00e9 o Campo Vibrat\u00f3rio Pessoal?<\/h2>\n<p data-start=\"1101\" data-end=\"1165\">Todo ser humano produz influ\u00eancia sobre o ambiente ao seu redor.<\/p>\n<p data-start=\"1167\" data-end=\"1336\">Mesmo sem perceber, nossos pensamentos, emo\u00e7\u00f5es, inten\u00e7\u00f5es e atitudes criam uma esp\u00e9cie de assinatura energ\u00e9tica que acompanha nossa presen\u00e7a nos lugares e nas rela\u00e7\u00f5es.<\/p>\n<p data-start=\"1338\" data-end=\"1397\">Chamamos essa manifesta\u00e7\u00e3o de <strong data-start=\"1368\" data-end=\"1396\">campo vibrat\u00f3rio pessoal<\/strong>.<\/p>\n<p data-start=\"1399\" data-end=\"1667\">Embora diferentes tradi\u00e7\u00f5es utilizem nomes distintos \u2014 aura, campo energ\u00e9tico, campo bioeletromagn\u00e9tico ou campo consciencial \u2014 a ideia central \u00e9 semelhante: existe uma intera\u00e7\u00e3o constante entre aquilo que acontece dentro de n\u00f3s e aquilo que manifestamos para o mundo.<\/p>\n<p data-start=\"1669\" data-end=\"1795\">Sob essa perspectiva, nossa energia n\u00e3o \u00e9 algo separado da nossa vida emocional ou mental. Ela \u00e9 justamente a express\u00e3o delas.<\/p>\n<hr data-start=\"1797\" data-end=\"1800\" \/>\n<h2 data-section-id=\"novofj\" data-start=\"1802\" data-end=\"1862\">Por que algumas pessoas absorvem mais energias negativas?<\/h2>\n<p data-start=\"1864\" data-end=\"1907\">\u00c9 comum ouvir relatos de pessoas que dizem:<\/p>\n<ul data-start=\"1909\" data-end=\"2118\">\n<li data-section-id=\"1pnyxvt\" data-start=\"1909\" data-end=\"1952\">&#8220;Entro em certos lugares e me sinto mal.&#8221;<\/li>\n<li data-section-id=\"aekh19\" data-start=\"1953\" data-end=\"2011\">&#8220;Saio esgotado depois de conversar com algumas pessoas.&#8221;<\/li>\n<li data-section-id=\"1vtlri\" data-start=\"2012\" data-end=\"2059\">&#8220;Parece que absorvo os problemas dos outros.&#8221;<\/li>\n<li data-section-id=\"d1vh5m\" data-start=\"2060\" data-end=\"2118\">&#8220;Sinto como se estivesse carregando algo que n\u00e3o \u00e9 meu.&#8221;<\/li>\n<\/ul>\n<p data-start=\"2120\" data-end=\"2324\">Embora cada caso precise ser analisado individualmente, existe um ponto importante: quanto menos consci\u00eancia temos sobre nossos estados internos, mais vulner\u00e1veis tendemos a ficar \u00e0s influ\u00eancias externas.<\/p>\n<p data-start=\"2326\" data-end=\"2476\">Quando vivemos dominados por impulsos, ansiedade, medo, ressentimento ou conflitos internos n\u00e3o elaborados, nossa capacidade de discernimento diminui.<\/p>\n<p data-start=\"2478\" data-end=\"2638\">Nesse estado, n\u00e3o apenas percebemos mais intensamente determinadas influ\u00eancias, como tamb\u00e9m nos tornamos menos capazes de responder a elas de forma equilibrada.<\/p>\n<p data-start=\"2640\" data-end=\"2712\">A prote\u00e7\u00e3o espiritual come\u00e7a pelo fortalecimento da presen\u00e7a consciente.<\/p>\n<hr data-start=\"2714\" data-end=\"2717\" \/>\n<h2 data-section-id=\"j0nuo0\" data-start=\"2719\" data-end=\"2771\">O erro de acreditar que todo problema vem de fora<\/h2>\n<p data-start=\"2773\" data-end=\"2892\">Ao longo da hist\u00f3ria, muitas explica\u00e7\u00f5es religiosas atribu\u00edram os sofrimentos humanos exclusivamente a for\u00e7as externas.<\/p>\n<p data-start=\"2894\" data-end=\"2947\">Se algo bom acontecia, era m\u00e9rito das for\u00e7as divinas.<\/p>\n<p data-start=\"2949\" data-end=\"3054\">Se algo ruim acontecia, a responsabilidade era atribu\u00edda a entidades, esp\u00edritos ou influ\u00eancias negativas.<\/p>\n<p data-start=\"3056\" data-end=\"3166\">Essa vis\u00e3o oferece uma explica\u00e7\u00e3o simples, mas cria um problema: ela enfraquece a responsabilidade individual.<\/p>\n<p data-start=\"3168\" data-end=\"3266\">Quando acreditamos que tudo vem de fora, deixamos de investigar aquilo que acontece dentro de n\u00f3s.<\/p>\n<p data-start=\"3268\" data-end=\"3407\">A maturidade espiritual surge quando compreendemos que influ\u00eancias externas existem, mas que nossa resposta a elas \u00e9 igualmente importante.<\/p>\n<p data-start=\"3409\" data-end=\"3428\">Em outras palavras:<\/p>\n<blockquote data-start=\"3430\" data-end=\"3557\">\n<p data-start=\"3432\" data-end=\"3557\">Nem tudo o que nos afeta est\u00e1 sob nosso controle. Mas a forma como lidamos com aquilo que nos afeta \u00e9 nossa responsabilidade.<\/p>\n<\/blockquote>\n<hr data-start=\"3559\" data-end=\"3562\" \/>\n<p>Como pensamentos e emo\u00e7\u00f5es afetam sua prote\u00e7\u00e3o espiritual<\/p>\n<p data-start=\"3626\" data-end=\"3724\">Um dos maiores equ\u00edvocos do desenvolvimento pessoal moderno \u00e9 acreditar que basta pensar positivo.<\/p>\n<p data-start=\"3726\" data-end=\"3758\">Pensamentos possuem import\u00e2ncia.<\/p>\n<p data-start=\"3760\" data-end=\"3779\">Mas emo\u00e7\u00f5es tamb\u00e9m.<\/p>\n<p data-start=\"3781\" data-end=\"3821\">E muitas vezes elas n\u00e3o est\u00e3o alinhadas.<\/p>\n<p data-start=\"3823\" data-end=\"3859\">Uma pessoa pode repetir mentalmente:<\/p>\n<p data-start=\"3861\" data-end=\"3878\"><em data-start=\"3861\" data-end=\"3878\">&#8220;Estou em paz.&#8221;<\/em><\/p>\n<p data-start=\"3880\" data-end=\"3919\">Mas internamente estar tomada por medo.<\/p>\n<p data-start=\"3921\" data-end=\"3934\">Pode afirmar:<\/p>\n<p data-start=\"3936\" data-end=\"3954\"><em data-start=\"3936\" data-end=\"3954\">&#8220;Confio em mim.&#8221;<\/em><\/p>\n<p data-start=\"3956\" data-end=\"3997\">Enquanto emocionalmente se sente incapaz.<\/p>\n<p data-start=\"3999\" data-end=\"4113\">\u00c9 por isso que a verdadeira transforma\u00e7\u00e3o acontece quando pensamento e emo\u00e7\u00e3o come\u00e7am a caminhar na mesma dire\u00e7\u00e3o.<\/p>\n<p data-start=\"4115\" data-end=\"4198\">Quando existe coer\u00eancia interna, o campo vibrat\u00f3rio tende a se tornar mais est\u00e1vel.<\/p>\n<p data-start=\"4200\" data-end=\"4313\">Quando existe conflito constante entre aquilo que pensamos e aquilo que sentimos, a energia se torna fragmentada.<\/p>\n<hr data-start=\"4315\" data-end=\"4318\" \/>\n<h2 data-section-id=\"1itze0\" data-start=\"4320\" data-end=\"4372\">A rela\u00e7\u00e3o entre aura, energia e defesa espiritual<\/h2>\n<p data-start=\"4374\" data-end=\"4545\">Independentemente da nomenclatura utilizada, praticamente todas as tradi\u00e7\u00f5es espiritualistas reconhecem que os estados emocionais influenciam diretamente nossa vitalidade.<\/p>\n<p data-start=\"4547\" data-end=\"4570\">Observe duas situa\u00e7\u00f5es:<\/p>\n<p data-start=\"4572\" data-end=\"4624\">Uma pessoa dominada por culpa, medo e ressentimento.<\/p>\n<p data-start=\"4626\" data-end=\"4703\">Outra pessoa que cultiva serenidade, responsabilidade e equil\u00edbrio emocional.<\/p>\n<p data-start=\"4705\" data-end=\"4746\">Ambas podem frequentar os mesmos lugares.<\/p>\n<p data-start=\"4748\" data-end=\"4811\">Mas dificilmente estar\u00e3o emitindo a mesma qualidade de energia.<\/p>\n<p data-start=\"4813\" data-end=\"4842\">Isso n\u00e3o significa perfei\u00e7\u00e3o.<\/p>\n<p data-start=\"4844\" data-end=\"4864\">Significa coer\u00eancia.<\/p>\n<p data-start=\"4866\" data-end=\"4986\">Quanto mais alinhados estamos com nossos valores mais profundos, mais consistente tende a ser nossa presen\u00e7a energ\u00e9tica.<\/p>\n<p data-start=\"4988\" data-end=\"5054\">E essa consist\u00eancia funciona como um importante fator de prote\u00e7\u00e3o.<\/p>\n<hr data-start=\"5056\" data-end=\"5059\" \/>\n<h2 data-section-id=\"5nbgcn\" data-start=\"5061\" data-end=\"5124\">A verdadeira defesa espiritual nasce da atitude consciencial<\/h2>\n<p data-start=\"5126\" data-end=\"5199\">Existe algo ainda mais importante do que pensamentos ou emo\u00e7\u00f5es isoladas.<\/p>\n<p data-start=\"5201\" data-end=\"5224\">A atitude consciencial.<\/p>\n<p data-start=\"5226\" data-end=\"5323\">Ela representa a capacidade de observar o que acontece dentro de n\u00f3s e escolher como iremos agir.<\/p>\n<p data-start=\"5325\" data-end=\"5356\">N\u00e3o se trata de controlar tudo.<\/p>\n<p data-start=\"5358\" data-end=\"5396\">Nem de eliminar emo\u00e7\u00f5es desagrad\u00e1veis.<\/p>\n<p data-start=\"5398\" data-end=\"5458\">Mas de desenvolver uma postura ativa diante da pr\u00f3pria vida.<\/p>\n<p data-start=\"5460\" data-end=\"5552\">A pessoa que cultiva atitude consciencial deixa de viver apenas reagindo aos acontecimentos.<\/p>\n<p data-start=\"5554\" data-end=\"5628\">Ela passa a participar conscientemente da constru\u00e7\u00e3o da pr\u00f3pria realidade.<\/p>\n<hr data-start=\"5630\" data-end=\"5633\" \/>\n<h2 data-section-id=\"b9ze3q\" data-start=\"5635\" data-end=\"5685\">3 pr\u00e1ticas para fortalecer seu campo vibrat\u00f3rio<\/h2>\n<h3 data-section-id=\"gdjh99\" data-start=\"5687\" data-end=\"5715\">1. Respira\u00e7\u00e3o consciente<\/h3>\n<p data-start=\"5717\" data-end=\"5789\">A respira\u00e7\u00e3o \u00e9 uma das pontes mais r\u00e1pidas entre corpo, mente e emo\u00e7\u00f5es.<\/p>\n<p data-start=\"5791\" data-end=\"5870\">Grande parte das pessoas respira de forma superficial durante quase todo o dia.<\/p>\n<p data-start=\"5872\" data-end=\"5994\">Quando aprofundamos a respira\u00e7\u00e3o, reduzimos estados de tens\u00e3o, aumentamos a presen\u00e7a e favorecemos o equil\u00edbrio emocional.<\/p>\n<p data-start=\"5996\" data-end=\"6097\">Alguns minutos de respira\u00e7\u00e3o consciente podem produzir mais estabilidade do que horas de preocupa\u00e7\u00e3o.<\/p>\n<hr data-start=\"6099\" data-end=\"6102\" \/>\n<h3 data-section-id=\"eibikd\" data-start=\"6104\" data-end=\"6142\">2. Evitar agir no primeiro impulso<\/h3>\n<p data-start=\"6144\" data-end=\"6213\">Muitos problemas emocionais surgem porque reagimos antes de refletir.<\/p>\n<p data-start=\"6215\" data-end=\"6241\">Respondemos imediatamente.<\/p>\n<p data-start=\"6243\" data-end=\"6252\">Atacamos.<\/p>\n<p data-start=\"6254\" data-end=\"6269\">Nos defendemos.<\/p>\n<p data-start=\"6271\" data-end=\"6285\">Interpretamos.<\/p>\n<p data-start=\"6287\" data-end=\"6296\">Julgamos.<\/p>\n<p data-start=\"6298\" data-end=\"6413\">Quando aprendemos a criar um pequeno intervalo entre o est\u00edmulo e a resposta, recuperamos nossa liberdade interior.<\/p>\n<p data-start=\"6415\" data-end=\"6492\">Esse espa\u00e7o \u00e9 uma das maiores ferramentas de prote\u00e7\u00e3o energ\u00e9tica e emocional.<\/p>\n<hr data-start=\"6494\" data-end=\"6497\" \/>\n<h3 data-section-id=\"2tsnxg\" data-start=\"6499\" data-end=\"6546\">3. Desenvolver um di\u00e1logo interior saud\u00e1vel<\/h3>\n<p data-start=\"6548\" data-end=\"6594\">Todos n\u00f3s conversamos conosco o tempo inteiro.<\/p>\n<p data-start=\"6596\" data-end=\"6631\">A quest\u00e3o \u00e9: o que estamos dizendo?<\/p>\n<p data-start=\"6633\" data-end=\"6763\">Se o discurso interno \u00e9 composto apenas por cr\u00edticas, culpa e medo, essas informa\u00e7\u00f5es passam a influenciar nosso estado emocional.<\/p>\n<p data-start=\"6765\" data-end=\"6892\">Por outro lado, quando cultivamos um di\u00e1logo mais consciente, respons\u00e1vel e realista, fortalecemos nossa estabilidade interior.<\/p>\n<p data-start=\"6894\" data-end=\"6933\">N\u00e3o se trata de repetir frases prontas.<\/p>\n<p data-start=\"6935\" data-end=\"6995\">Trata-se de construir uma rela\u00e7\u00e3o mais l\u00facida consigo mesmo.<\/p>\n<hr data-start=\"6997\" data-end=\"7000\" \/>\n<h2 data-section-id=\"x49jcy\" data-start=\"7002\" data-end=\"7049\">Como saber se sua energia est\u00e1 enfraquecida?<\/h2>\n<p data-start=\"7051\" data-end=\"7099\">Alguns sinais frequentemente observados incluem:<\/p>\n<ul data-start=\"7101\" data-end=\"7396\">\n<li data-section-id=\"gd1vug\" data-start=\"7101\" data-end=\"7156\">Sensa\u00e7\u00e3o constante de esgotamento sem causa aparente;<\/li>\n<li data-section-id=\"ct408h\" data-start=\"7157\" data-end=\"7198\">Dificuldade para manter clareza mental;<\/li>\n<li data-section-id=\"dqu1s9\" data-start=\"7199\" data-end=\"7226\">Irritabilidade excessiva;<\/li>\n<li data-section-id=\"15jr8ou\" data-start=\"7227\" data-end=\"7289\">Sensa\u00e7\u00e3o de estar absorvendo os problemas de todos ao redor;<\/li>\n<li data-section-id=\"12rrk2q\" data-start=\"7290\" data-end=\"7323\">Oscila\u00e7\u00f5es emocionais intensas;<\/li>\n<li data-section-id=\"kunhg3\" data-start=\"7324\" data-end=\"7345\">Perda de motiva\u00e7\u00e3o;<\/li>\n<li data-section-id=\"29r57z\" data-start=\"7346\" data-end=\"7396\">Sensa\u00e7\u00e3o recorrente de desconex\u00e3o consigo mesmo.<\/li>\n<\/ul>\n<p data-start=\"7398\" data-end=\"7465\">Esses sinais n\u00e3o significam necessariamente um problema espiritual.<\/p>\n<p data-start=\"7467\" data-end=\"7558\">Muitas vezes est\u00e3o relacionados a fatores emocionais, psicol\u00f3gicos, f\u00edsicos ou relacionais.<\/p>\n<p data-start=\"7560\" data-end=\"7636\">Por isso, qualquer an\u00e1lise s\u00e9ria deve considerar a pessoa de forma integral.<\/p>\n<hr data-start=\"7638\" data-end=\"7641\" \/>\n<h2 data-section-id=\"ex1bpj\" data-start=\"7643\" data-end=\"7701\">O que a Apometria compreende sobre prote\u00e7\u00e3o espiritual?<\/h2>\n<p data-start=\"7703\" data-end=\"7808\">Na vis\u00e3o terap\u00eautica da Apometria, prote\u00e7\u00e3o espiritual n\u00e3o significa apenas afastar influ\u00eancias externas.<\/p>\n<p data-start=\"7810\" data-end=\"7910\">Significa desenvolver consci\u00eancia sobre os padr\u00f5es internos que favorecem determinadas experi\u00eancias.<\/p>\n<p data-start=\"7912\" data-end=\"8117\">Traumas, complexos emocionais, cren\u00e7as inconscientes, v\u00ednculos energ\u00e9ticos desequilibrados e conflitos n\u00e3o elaborados podem influenciar profundamente a forma como uma pessoa percebe e interage com o mundo.<\/p>\n<p data-start=\"8119\" data-end=\"8186\">Por isso, o trabalho terap\u00eautico n\u00e3o busca apenas remover sintomas.<\/p>\n<p data-start=\"8188\" data-end=\"8232\">Busca fortalecer a autonomia da consci\u00eancia.<\/p>\n<p data-start=\"8234\" data-end=\"8346\">Quanto maior a consci\u00eancia sobre si mesmo, menor a necessidade de depender exclusivamente de prote\u00e7\u00f5es externas.<\/p>\n<hr data-start=\"8348\" data-end=\"8351\" \/>\n<h2 data-section-id=\"e43vy6\" data-start=\"8353\" data-end=\"8399\">A prote\u00e7\u00e3o espiritual come\u00e7a dentro de voc\u00ea<\/h2>\n<p data-start=\"8401\" data-end=\"8443\">Existe uma pergunta que raramente fazemos:<\/p>\n<p data-start=\"8445\" data-end=\"8495\"><strong data-start=\"8445\" data-end=\"8495\">Quem est\u00e1 conduzindo minha vida neste momento?<\/strong><\/p>\n<p data-start=\"8497\" data-end=\"8511\">Meus impulsos?<\/p>\n<p data-start=\"8513\" data-end=\"8524\">Meus medos?<\/p>\n<p data-start=\"8526\" data-end=\"8541\">Minhas feridas?<\/p>\n<p data-start=\"8543\" data-end=\"8564\">Ou minha consci\u00eancia?<\/p>\n<p data-start=\"8566\" data-end=\"8642\">A verdadeira prote\u00e7\u00e3o espiritual n\u00e3o nasce do medo das influ\u00eancias externas.<\/p>\n<p data-start=\"8644\" data-end=\"8705\">Ela nasce do fortalecimento daquilo que existe dentro de n\u00f3s.<\/p>\n<p data-start=\"8707\" data-end=\"8902\">Quanto mais desenvolvemos presen\u00e7a, coer\u00eancia e responsabilidade sobre nossos pensamentos, emo\u00e7\u00f5es e atitudes, mais nos tornamos capazes de atravessar os desafios da vida sem perder nosso centro.<\/p>\n<p data-start=\"8904\" data-end=\"8968\">E talvez essa seja a forma mais profunda de prote\u00e7\u00e3o que existe.<\/p>\n<hr \/>\n<\/div>\n<h3 data-section-id=\"ucbs5f\" data-start=\"9926\" data-end=\"9994\">Dica de V\u00eddeo, que tamb\u00e9m \u00e9 fonte deste conte\u00fado:<\/h3>\n<div class=\"ose-youtube ose-uid-fe0082d0601782f120712191733454d5 ose-embedpress-responsive\" style=\"width:960px; height:480px; max-height:480px; max-width:100%; display:inline-block;\" data-embed-type=\"Youtube\"><iframe allowFullScreen=\"true\" width=\"960\" height=\"480\" src=\"https:\/\/www.youtube.com\/embed\/i5VLgS1-114?feature=oembed&color=red&rel=0&controls=1&start=&end=&fs=0&iv_load_policy=0&autoplay=0&mute=0&modestbranding=0&cc_load_policy=1&playsinline=1\" frameborder=\"0\" allow=\"accelerometer; encrypted-media;accelerometer;autoplay;clipboard-write;gyroscope;picture-in-picture clipboard-write; encrypted-media; gyroscope; picture-in-picture\" allowfullscreen referrerpolicy=\"origin\"><\/iframe><\/div>\n<div class=\"flex w-full flex-col gap-1 empty:hidden\">\n<hr data-start=\"8970\" data-end=\"8973\" \/>\n<h2 data-section-id=\"2akn0k\" data-start=\"8975\" data-end=\"8998\">Perguntas Frequentes<\/h2>\n<h3 data-section-id=\"1v6gaps\" data-start=\"9000\" data-end=\"9043\">O que enfraquece a prote\u00e7\u00e3o espiritual?<\/h3>\n<p data-start=\"9045\" data-end=\"9220\">Estados prolongados de medo, culpa, ressentimento, impulsividade emocional e falta de autoconsci\u00eancia podem contribuir para uma sensa\u00e7\u00e3o de fragilidade emocional e energ\u00e9tica.<\/p>\n<h3 data-section-id=\"14zyh4k\" data-start=\"9222\" data-end=\"9263\">Como fortalecer meu campo vibrat\u00f3rio?<\/h3>\n<p data-start=\"9265\" data-end=\"9455\">Pr\u00e1ticas como respira\u00e7\u00e3o consciente, autoconhecimento, equil\u00edbrio emocional, coer\u00eancia entre pensamento e a\u00e7\u00e3o e h\u00e1bitos saud\u00e1veis podem contribuir para uma presen\u00e7a energ\u00e9tica mais est\u00e1vel.<\/p>\n<h3 data-section-id=\"1mn57g4\" data-start=\"9457\" data-end=\"9499\">A ora\u00e7\u00e3o ajuda na prote\u00e7\u00e3o espiritual?<\/h3>\n<p data-start=\"9501\" data-end=\"9724\">A ora\u00e7\u00e3o pode ser uma ferramenta valiosa quando promove serenidade, conex\u00e3o interior, reflex\u00e3o e fortalecimento emocional. Seus efeitos tendem a ser mais consistentes quando acompanhados por atitudes coerentes no cotidiano.<\/p>\n<h3 data-section-id=\"w0z1r8\" data-start=\"9726\" data-end=\"9758\">O que \u00e9 prote\u00e7\u00e3o energ\u00e9tica?<\/h3>\n<p data-start=\"9760\" data-end=\"9919\">Prote\u00e7\u00e3o energ\u00e9tica \u00e9 a capacidade de manter equil\u00edbrio emocional, mental e espiritual diante das influ\u00eancias do ambiente, das rela\u00e7\u00f5es e dos desafios da vida.<\/p>\n<hr data-start=\"9921\" data-end=\"9924\" \/>\n<h2 data-section-id=\"ucbs5f\" data-start=\"9926\" data-end=\"9994\">Benditoser Terapias: Espiritualidade, Consci\u00eancia e Transforma\u00e7\u00e3o<\/h2>\n<p data-start=\"9996\" data-end=\"10302\">Na Benditoser Terapias, em Fortaleza, trabalhamos quest\u00f5es relacionadas \u00e0 prote\u00e7\u00e3o espiritual, autoconhecimento, padr\u00f5es emocionais repetitivos, bloqueios energ\u00e9ticos e investiga\u00e7\u00e3o terap\u00eautica profunda atrav\u00e9s de uma abordagem que integra Apometria, espiritualidade, consci\u00eancia e compreens\u00e3o psicol\u00f3gica.<\/p>\n<p data-start=\"10304\" data-end=\"10473\">Acreditamos que a verdadeira transforma\u00e7\u00e3o acontece quando a pessoa deixa de lutar apenas contra aquilo que est\u00e1 fora e passa a compreender aquilo que vive dentro de si.<\/p>\n<p data-start=\"10475\" data-end=\"10592\" data-is-last-node=\"\" data-is-only-node=\"\">Porque, muitas vezes, a prote\u00e7\u00e3o que procuramos j\u00e1 est\u00e1 esperando para ser desenvolvida em nossa pr\u00f3pria consci\u00eancia.<\/p>\n<\/div>\n<\/div>\n<\/div>\n<\/div>\n<\/div>\n<\/section>\n<\/div>\n<\/div>\n<\/div>\n<\/div>\n<p><!--more--><\/p>\n<p><!--more--><\/p>\n","protected":false},"excerpt":{"rendered":"<p>Voc\u00ea j\u00e1 se perguntou como se proteger espiritualmente diante de ambientes pesados, pessoas que parecem drenar sua energia ou situa\u00e7\u00f5es que deixam sua mente e suas emo\u00e7\u00f5es em constante desgaste? Muitas pessoas buscam prote\u00e7\u00e3o atrav\u00e9s de ora\u00e7\u00f5es, rituais, banhos energ\u00e9ticos ou pr\u00e1ticas espirituais. Todas essas [&hellip;]<\/p>\n","protected":false},"author":2,"featured_media":15011,"comment_status":"open","ping_status":"open","sticky":false,"template":"","format":"standard","meta":{"om_disable_all_campaigns":false,"_monsterinsights_skip_tracking":false,"_uf_show_specific_survey":0,"_uf_disable_surveys":false,"footnotes":""},"categories":[113,305,234,296,112,111],"tags":[314,317,309,312,315,311,316,313,306,307,115,310,308],"class_list":["post-15006","post","type-post","status-publish","format-standard","has-post-thumbnail","hentry","category-apometria-2","category-autodefesa-energetica","category-despertar-de-consciencia","category-protecao-espiritual","category-terapia-espiritual","category-tratamento-espiritual","tag-aura-humana","tag-autodefesa-energetica","tag-campo-de-protecao","tag-campo-vibratorio","tag-defesa-espiritual","tag-energias-negativas","tag-equilibrio-energetico","tag-fortalecimento-energetico","tag-jan-val-ellam","tag-mentalma","tag-obsessao-espiritual","tag-protecao-energetica","tag-protecao-espiritual"],"yoast_head":"<!-- This site is optimized with the Yoast SEO plugin v28.3 - https:\/\/yoast.com\/product\/yoast-seo-wordpress\/ -->\n<title>Como se Proteger Espiritualmente? O Papel do Campo Vibrat\u00f3rio Pessoal na Defesa Energ\u00e9tica - Benditoser<\/title>\n<meta name=\"description\" content=\"Descubra como fortalecer sua prote\u00e7\u00e3o espiritual atrav\u00e9s do campo vibrat\u00f3rio pessoal, da respira\u00e7\u00e3o consciente e do equil\u00edbrio emocional.\" \/>\n<meta name=\"robots\" content=\"index, follow, max-snippet:-1, max-image-preview:large, max-video-preview:-1\" \/>\n<link rel=\"canonical\" href=\"https:\/\/benditoser.com.br\/en\/como-se-proteger-espiritualmente\/\" \/>\n<meta property=\"og:locale\" content=\"en_US\" \/>\n<meta property=\"og:type\" content=\"article\" \/>\n<meta property=\"og:title\" content=\"Como se Proteger Espiritualmente? O Papel do Campo Vibrat\u00f3rio Pessoal na Defesa Energ\u00e9tica - Benditoser\" \/>\n<meta property=\"og:description\" content=\"Descubra como fortalecer sua prote\u00e7\u00e3o espiritual atrav\u00e9s do campo vibrat\u00f3rio pessoal, da respira\u00e7\u00e3o consciente e do equil\u00edbrio emocional.\" \/>\n<meta property=\"og:url\" content=\"https:\/\/benditoser.com.br\/en\/como-se-proteger-espiritualmente\/\" \/>\n<meta property=\"og:site_name\" content=\"Benditoser\" \/>\n<meta property=\"article:publisher\" content=\"https:\/\/www.facebook.com\/benditoser.com.br\" \/>\n<meta property=\"article:published_time\" content=\"2026-06-21T02:46:24+00:00\" \/>\n<meta property=\"article:modified_time\" content=\"2026-06-21T16:08:55+00:00\" \/>\n<meta property=\"og:image\" content=\"https:\/\/benditoser.com.br\/wp-content\/uploads\/2026\/06\/Midia_jun26_Protecao-Espiritual-scaled.jpg\" \/>\n\t<meta property=\"og:image:width\" content=\"2560\" \/>\n\t<meta property=\"og:image:height\" content=\"1352\" \/>\n\t<meta property=\"og:image:type\" content=\"image\/jpeg\" \/>\n<meta name=\"author\" content=\"Paulo Vasconcelos\" \/>\n<meta name=\"twitter:card\" content=\"summary_large_image\" \/>\n<meta name=\"twitter:label1\" content=\"Written by\" \/>\n\t<meta name=\"twitter:data1\" content=\"Paulo Vasconcelos\" \/>\n\t<meta name=\"twitter:label2\" content=\"Est. reading time\" \/>\n\t<meta name=\"twitter:data2\" content=\"9 minutes\" \/>\n<script type=\"application\/ld+json\" class=\"yoast-schema-graph\">{\"@context\":\"https:\\\/\\\/schema.org\",\"@graph\":[{\"@type\":\"Article\",\"@id\":\"https:\\\/\\\/benditoser.com.br\\\/como-se-proteger-espiritualmente\\\/#article\",\"isPartOf\":{\"@id\":\"https:\\\/\\\/benditoser.com.br\\\/como-se-proteger-espiritualmente\\\/\"},\"author\":{\"name\":\"Paulo Vasconcelos\",\"@id\":\"https:\\\/\\\/benditoser.com.br\\\/#\\\/schema\\\/person\\\/1b910a9b2b037ddc492a3b2e8dc4adb2\"},\"headline\":\"Como se Proteger Espiritualmente? O Papel do Campo Vibrat\u00f3rio Pessoal na Defesa Energ\u00e9tica\",\"datePublished\":\"2026-06-21T02:46:24+00:00\",\"dateModified\":\"2026-06-21T16:08:55+00:00\",\"mainEntityOfPage\":{\"@id\":\"https:\\\/\\\/benditoser.com.br\\\/como-se-proteger-espiritualmente\\\/\"},\"wordCount\":1652,\"commentCount\":0,\"publisher\":{\"@id\":\"https:\\\/\\\/benditoser.com.br\\\/#organization\"},\"image\":{\"@id\":\"https:\\\/\\\/benditoser.com.br\\\/como-se-proteger-espiritualmente\\\/#primaryimage\"},\"thumbnailUrl\":\"https:\\\/\\\/benditoser.com.br\\\/wp-content\\\/uploads\\\/2026\\\/06\\\/Midia_jun26_Protecao-Espiritual-scaled.jpg\",\"keywords\":[\"aura humana\",\"autodefesa energ\u00e9tica\",\"Campo de Prote\u00e7\u00e3o\",\"campo vibrat\u00f3rio\",\"defesa espiritual\",\"energias negativas\",\"equil\u00edbrio energ\u00e9tico\",\"fortalecimento energ\u00e9tico\",\"Jan Val Ellam\",\"Mentalma\",\"Obsess\u00e3o Espiritual\",\"prote\u00e7\u00e3o energ\u00e9tica\",\"Prote\u00e7\u00e3o Espiritual\"],\"articleSection\":[\"Apometria\",\"autodefesa energ\u00e9tica\",\"Despertar de Consci\u00eancia\",\"Prote\u00e7\u00e3o Espiritual\",\"Terapia Espiritual\",\"Tratamento Espiritual\"],\"inLanguage\":\"en-US\",\"potentialAction\":[{\"@type\":\"CommentAction\",\"name\":\"Comment\",\"target\":[\"https:\\\/\\\/benditoser.com.br\\\/como-se-proteger-espiritualmente\\\/#respond\"]}]},{\"@type\":\"WebPage\",\"@id\":\"https:\\\/\\\/benditoser.com.br\\\/como-se-proteger-espiritualmente\\\/\",\"url\":\"https:\\\/\\\/benditoser.com.br\\\/como-se-proteger-espiritualmente\\\/\",\"name\":\"Como se Proteger Espiritualmente? O Papel do Campo Vibrat\u00f3rio Pessoal na Defesa Energ\u00e9tica - Benditoser\",\"isPartOf\":{\"@id\":\"https:\\\/\\\/benditoser.com.br\\\/#website\"},\"primaryImageOfPage\":{\"@id\":\"https:\\\/\\\/benditoser.com.br\\\/como-se-proteger-espiritualmente\\\/#primaryimage\"},\"image\":{\"@id\":\"https:\\\/\\\/benditoser.com.br\\\/como-se-proteger-espiritualmente\\\/#primaryimage\"},\"thumbnailUrl\":\"https:\\\/\\\/benditoser.com.br\\\/wp-content\\\/uploads\\\/2026\\\/06\\\/Midia_jun26_Protecao-Espiritual-scaled.jpg\",\"datePublished\":\"2026-06-21T02:46:24+00:00\",\"dateModified\":\"2026-06-21T16:08:55+00:00\",\"description\":\"Descubra como fortalecer sua prote\u00e7\u00e3o espiritual atrav\u00e9s do campo vibrat\u00f3rio pessoal, da respira\u00e7\u00e3o consciente e do equil\u00edbrio emocional.\",\"breadcrumb\":{\"@id\":\"https:\\\/\\\/benditoser.com.br\\\/como-se-proteger-espiritualmente\\\/#breadcrumb\"},\"inLanguage\":\"en-US\",\"potentialAction\":[{\"@type\":\"ReadAction\",\"target\":[\"https:\\\/\\\/benditoser.com.br\\\/como-se-proteger-espiritualmente\\\/\"]}]},{\"@type\":\"ImageObject\",\"inLanguage\":\"en-US\",\"@id\":\"https:\\\/\\\/benditoser.com.br\\\/como-se-proteger-espiritualmente\\\/#primaryimage\",\"url\":\"https:\\\/\\\/benditoser.com.br\\\/wp-content\\\/uploads\\\/2026\\\/06\\\/Midia_jun26_Protecao-Espiritual-scaled.jpg\",\"contentUrl\":\"https:\\\/\\\/benditoser.com.br\\\/wp-content\\\/uploads\\\/2026\\\/06\\\/Midia_jun26_Protecao-Espiritual-scaled.jpg\",\"width\":2560,\"height\":1352},{\"@type\":\"BreadcrumbList\",\"@id\":\"https:\\\/\\\/benditoser.com.br\\\/como-se-proteger-espiritualmente\\\/#breadcrumb\",\"itemListElement\":[{\"@type\":\"ListItem\",\"position\":1,\"name\":\"In\u00edcio\",\"item\":\"https:\\\/\\\/benditoser.com.br\\\/\"},{\"@type\":\"ListItem\",\"position\":2,\"name\":\"Como se Proteger Espiritualmente? O Papel do Campo Vibrat\u00f3rio Pessoal na Defesa Energ\u00e9tica\"}]},{\"@type\":\"WebSite\",\"@id\":\"https:\\\/\\\/benditoser.com.br\\\/#website\",\"url\":\"https:\\\/\\\/benditoser.com.br\\\/\",\"name\":\"Benditoser\",\"description\":\"Terapias\",\"publisher\":{\"@id\":\"https:\\\/\\\/benditoser.com.br\\\/#organization\"},\"potentialAction\":[{\"@type\":\"SearchAction\",\"target\":{\"@type\":\"EntryPoint\",\"urlTemplate\":\"https:\\\/\\\/benditoser.com.br\\\/?s={search_term_string}\"},\"query-input\":{\"@type\":\"PropertyValueSpecification\",\"valueRequired\":true,\"valueName\":\"search_term_string\"}}],\"inLanguage\":\"en-US\"},{\"@type\":\"Organization\",\"@id\":\"https:\\\/\\\/benditoser.com.br\\\/#organization\",\"name\":\"Benditoser\",\"url\":\"https:\\\/\\\/benditoser.com.br\\\/\",\"logo\":{\"@type\":\"ImageObject\",\"inLanguage\":\"en-US\",\"@id\":\"https:\\\/\\\/benditoser.com.br\\\/#\\\/schema\\\/logo\\\/image\\\/\",\"url\":\"https:\\\/\\\/benditoser.com.br\\\/wp-content\\\/uploads\\\/2025\\\/05\\\/cropped-logo-bendito-ser-site.png\",\"contentUrl\":\"https:\\\/\\\/benditoser.com.br\\\/wp-content\\\/uploads\\\/2025\\\/05\\\/cropped-logo-bendito-ser-site.png\",\"width\":220,\"height\":44,\"caption\":\"Benditoser\"},\"image\":{\"@id\":\"https:\\\/\\\/benditoser.com.br\\\/#\\\/schema\\\/logo\\\/image\\\/\"},\"sameAs\":[\"https:\\\/\\\/www.facebook.com\\\/benditoser.com.br\",\"https:\\\/\\\/www.instagram.com\\\/benditoser.com.br\\\/\"]},{\"@type\":\"Person\",\"@id\":\"https:\\\/\\\/benditoser.com.br\\\/#\\\/schema\\\/person\\\/1b910a9b2b037ddc492a3b2e8dc4adb2\",\"name\":\"Paulo Vasconcelos\",\"image\":{\"@type\":\"ImageObject\",\"inLanguage\":\"en-US\",\"@id\":\"https:\\\/\\\/secure.gravatar.com\\\/avatar\\\/34be8b8f301baee1d34ae5e8fc205d12bdfd859131ea8f1ea4a232bd06e2286f?s=96&d=mm&r=g\",\"url\":\"https:\\\/\\\/secure.gravatar.com\\\/avatar\\\/34be8b8f301baee1d34ae5e8fc205d12bdfd859131ea8f1ea4a232bd06e2286f?s=96&d=mm&r=g\",\"contentUrl\":\"https:\\\/\\\/secure.gravatar.com\\\/avatar\\\/34be8b8f301baee1d34ae5e8fc205d12bdfd859131ea8f1ea4a232bd06e2286f?s=96&d=mm&r=g\",\"caption\":\"Paulo Vasconcelos\"},\"description\":\"Superior em Pr\u00e1ticas Integrativas e Complementares e p\u00f3s-graduando em psican\u00e1lise cl\u00ednica, atuando no universo das terapias hol\u00edsticas e integrativas. GEM, Grupo de Estudos e Trabalho Medi\u00fanico; Apometria \u2013 terapeuta, dirigente de grupo e facilitador; CNV \u2013 Comunica\u00e7\u00e3o N\u00e3o-Violenta; Teologia de Umbanda; Mitologia Afro-brasileira e Psicologia Anal\u00edtica; T\u00c9CNICAS QUE UTILIZO: ODUZ, APRENDIZADOS DO CAMINHO; APOMETRIA; LEITURA DE REGISTROS AK\u00c1SHICOS; C\u00cdRCULO SIST\u00caMICO DA VIDA; RADIESTESIA; REIKI USUI; PSICOSSOM\u00c1TICA; GEOBIOLOGIA ESPIRITUAL;\",\"url\":\"https:\\\/\\\/benditoser.com.br\\\/en\\\/author\\\/paulo\\\/\"}]}<\/script>\n<!-- \/ Yoast SEO plugin. -->","yoast_head_json":{"title":"Como se Proteger Espiritualmente? O Papel do Campo Vibrat\u00f3rio Pessoal na Defesa Energ\u00e9tica - Benditoser","description":"Descubra como fortalecer sua prote\u00e7\u00e3o espiritual atrav\u00e9s do campo vibrat\u00f3rio pessoal, da respira\u00e7\u00e3o consciente e do equil\u00edbrio emocional.","robots":{"index":"index","follow":"follow","max-snippet":"max-snippet:-1","max-image-preview":"max-image-preview:large","max-video-preview":"max-video-preview:-1"},"canonical":"https:\/\/benditoser.com.br\/en\/como-se-proteger-espiritualmente\/","og_locale":"en_US","og_type":"article","og_title":"Como se Proteger Espiritualmente? O Papel do Campo Vibrat\u00f3rio Pessoal na Defesa Energ\u00e9tica - Benditoser","og_description":"Descubra como fortalecer sua prote\u00e7\u00e3o espiritual atrav\u00e9s do campo vibrat\u00f3rio pessoal, da respira\u00e7\u00e3o consciente e do equil\u00edbrio emocional.","og_url":"https:\/\/benditoser.com.br\/en\/como-se-proteger-espiritualmente\/","og_site_name":"Benditoser","article_publisher":"https:\/\/www.facebook.com\/benditoser.com.br","article_published_time":"2026-06-21T02:46:24+00:00","article_modified_time":"2026-06-21T16:08:55+00:00","og_image":[{"width":2560,"height":1352,"url":"https:\/\/benditoser.com.br\/wp-content\/uploads\/2026\/06\/Midia_jun26_Protecao-Espiritual-scaled.jpg","type":"image\/jpeg"}],"author":"Paulo Vasconcelos","twitter_card":"summary_large_image","twitter_misc":{"Written by":"Paulo Vasconcelos","Est. reading time":"9 minutes"},"schema":{"@context":"https:\/\/schema.org","@graph":[{"@type":"Article","@id":"https:\/\/benditoser.com.br\/como-se-proteger-espiritualmente\/#article","isPartOf":{"@id":"https:\/\/benditoser.com.br\/como-se-proteger-espiritualmente\/"},"author":{"name":"Paulo Vasconcelos","@id":"https:\/\/benditoser.com.br\/#\/schema\/person\/1b910a9b2b037ddc492a3b2e8dc4adb2"},"headline":"Como se Proteger Espiritualmente? O Papel do Campo Vibrat\u00f3rio Pessoal na Defesa Energ\u00e9tica","datePublished":"2026-06-21T02:46:24+00:00","dateModified":"2026-06-21T16:08:55+00:00","mainEntityOfPage":{"@id":"https:\/\/benditoser.com.br\/como-se-proteger-espiritualmente\/"},"wordCount":1652,"commentCount":0,"publisher":{"@id":"https:\/\/benditoser.com.br\/#organization"},"image":{"@id":"https:\/\/benditoser.com.br\/como-se-proteger-espiritualmente\/#primaryimage"},"thumbnailUrl":"https:\/\/benditoser.com.br\/wp-content\/uploads\/2026\/06\/Midia_jun26_Protecao-Espiritual-scaled.jpg","keywords":["aura humana","autodefesa energ\u00e9tica","Campo de Prote\u00e7\u00e3o","campo vibrat\u00f3rio","defesa espiritual","energias negativas","equil\u00edbrio energ\u00e9tico","fortalecimento energ\u00e9tico","Jan Val Ellam","Mentalma","Obsess\u00e3o Espiritual","prote\u00e7\u00e3o energ\u00e9tica","Prote\u00e7\u00e3o Espiritual"],"articleSection":["Apometria","autodefesa energ\u00e9tica","Despertar de Consci\u00eancia","Prote\u00e7\u00e3o Espiritual","Terapia Espiritual","Tratamento Espiritual"],"inLanguage":"en-US","potentialAction":[{"@type":"CommentAction","name":"Comment","target":["https:\/\/benditoser.com.br\/como-se-proteger-espiritualmente\/#respond"]}]},{"@type":"WebPage","@id":"https:\/\/benditoser.com.br\/como-se-proteger-espiritualmente\/","url":"https:\/\/benditoser.com.br\/como-se-proteger-espiritualmente\/","name":"Como se Proteger Espiritualmente? O Papel do Campo Vibrat\u00f3rio Pessoal na Defesa Energ\u00e9tica - Benditoser","isPartOf":{"@id":"https:\/\/benditoser.com.br\/#website"},"primaryImageOfPage":{"@id":"https:\/\/benditoser.com.br\/como-se-proteger-espiritualmente\/#primaryimage"},"image":{"@id":"https:\/\/benditoser.com.br\/como-se-proteger-espiritualmente\/#primaryimage"},"thumbnailUrl":"https:\/\/benditoser.com.br\/wp-content\/uploads\/2026\/06\/Midia_jun26_Protecao-Espiritual-scaled.jpg","datePublished":"2026-06-21T02:46:24+00:00","dateModified":"2026-06-21T16:08:55+00:00","description":"Descubra como fortalecer sua prote\u00e7\u00e3o espiritual atrav\u00e9s do campo vibrat\u00f3rio pessoal, da respira\u00e7\u00e3o consciente e do equil\u00edbrio emocional.","breadcrumb":{"@id":"https:\/\/benditoser.com.br\/como-se-proteger-espiritualmente\/#breadcrumb"},"inLanguage":"en-US","potentialAction":[{"@type":"ReadAction","target":["https:\/\/benditoser.com.br\/como-se-proteger-espiritualmente\/"]}]},{"@type":"ImageObject","inLanguage":"en-US","@id":"https:\/\/benditoser.com.br\/como-se-proteger-espiritualmente\/#primaryimage","url":"https:\/\/benditoser.com.br\/wp-content\/uploads\/2026\/06\/Midia_jun26_Protecao-Espiritual-scaled.jpg","contentUrl":"https:\/\/benditoser.com.br\/wp-content\/uploads\/2026\/06\/Midia_jun26_Protecao-Espiritual-scaled.jpg","width":2560,"height":1352},{"@type":"BreadcrumbList","@id":"https:\/\/benditoser.com.br\/como-se-proteger-espiritualmente\/#breadcrumb","itemListElement":[{"@type":"ListItem","position":1,"name":"In\u00edcio","item":"https:\/\/benditoser.com.br\/"},{"@type":"ListItem","position":2,"name":"Como se Proteger Espiritualmente? O Papel do Campo Vibrat\u00f3rio Pessoal na Defesa Energ\u00e9tica"}]},{"@type":"WebSite","@id":"https:\/\/benditoser.com.br\/#website","url":"https:\/\/benditoser.com.br\/","name":"Benditoser","description":"Terapias","publisher":{"@id":"https:\/\/benditoser.com.br\/#organization"},"potentialAction":[{"@type":"SearchAction","target":{"@type":"EntryPoint","urlTemplate":"https:\/\/benditoser.com.br\/?s={search_term_string}"},"query-input":{"@type":"PropertyValueSpecification","valueRequired":true,"valueName":"search_term_string"}}],"inLanguage":"en-US"},{"@type":"Organization","@id":"https:\/\/benditoser.com.br\/#organization","name":"Benditoser","url":"https:\/\/benditoser.com.br\/","logo":{"@type":"ImageObject","inLanguage":"en-US","@id":"https:\/\/benditoser.com.br\/#\/schema\/logo\/image\/","url":"https:\/\/benditoser.com.br\/wp-content\/uploads\/2025\/05\/cropped-logo-bendito-ser-site.png","contentUrl":"https:\/\/benditoser.com.br\/wp-content\/uploads\/2025\/05\/cropped-logo-bendito-ser-site.png","width":220,"height":44,"caption":"Benditoser"},"image":{"@id":"https:\/\/benditoser.com.br\/#\/schema\/logo\/image\/"},"sameAs":["https:\/\/www.facebook.com\/benditoser.com.br","https:\/\/www.instagram.com\/benditoser.com.br\/"]},{"@type":"Person","@id":"https:\/\/benditoser.com.br\/#\/schema\/person\/1b910a9b2b037ddc492a3b2e8dc4adb2","name":"Paulo Vasconcelos","image":{"@type":"ImageObject","inLanguage":"en-US","@id":"https:\/\/secure.gravatar.com\/avatar\/34be8b8f301baee1d34ae5e8fc205d12bdfd859131ea8f1ea4a232bd06e2286f?s=96&d=mm&r=g","url":"https:\/\/secure.gravatar.com\/avatar\/34be8b8f301baee1d34ae5e8fc205d12bdfd859131ea8f1ea4a232bd06e2286f?s=96&d=mm&r=g","contentUrl":"https:\/\/secure.gravatar.com\/avatar\/34be8b8f301baee1d34ae5e8fc205d12bdfd859131ea8f1ea4a232bd06e2286f?s=96&d=mm&r=g","caption":"Paulo Vasconcelos"},"description":"Superior em Pr\u00e1ticas Integrativas e Complementares e p\u00f3s-graduando em psican\u00e1lise cl\u00ednica, atuando no universo das terapias hol\u00edsticas e integrativas. GEM, Grupo de Estudos e Trabalho Medi\u00fanico; Apometria \u2013 terapeuta, dirigente de grupo e facilitador; CNV \u2013 Comunica\u00e7\u00e3o N\u00e3o-Violenta; Teologia de Umbanda; Mitologia Afro-brasileira e Psicologia Anal\u00edtica; T\u00c9CNICAS QUE UTILIZO: ODUZ, APRENDIZADOS DO CAMINHO; APOMETRIA; LEITURA DE REGISTROS AK\u00c1SHICOS; C\u00cdRCULO SIST\u00caMICO DA VIDA; RADIESTESIA; REIKI USUI; PSICOSSOM\u00c1TICA; GEOBIOLOGIA ESPIRITUAL;","url":"https:\/\/benditoser.com.br\/en\/author\/paulo\/"}]}},"publishpress_future_action":{"enabled":false,"date":"2026-09-07 22:09:58","action":"change-status","newStatus":"draft","terms":[],"taxonomy":"category","extraData":[]},"publishpress_future_workflow_manual_trigger":{"enabledWorkflows":[]},"_links":{"self":[{"href":"https:\/\/benditoser.com.br\/en\/wp-json\/wp\/v2\/posts\/15006","targetHints":{"allow":["GET"]}}],"collection":[{"href":"https:\/\/benditoser.com.br\/en\/wp-json\/wp\/v2\/posts"}],"about":[{"href":"https:\/\/benditoser.com.br\/en\/wp-json\/wp\/v2\/types\/post"}],"author":[{"embeddable":true,"href":"https:\/\/benditoser.com.br\/en\/wp-json\/wp\/v2\/users\/2"}],"replies":[{"embeddable":true,"href":"https:\/\/benditoser.com.br\/en\/wp-json\/wp\/v2\/comments?post=15006"}],"version-history":[{"count":8,"href":"https:\/\/benditoser.com.br\/en\/wp-json\/wp\/v2\/posts\/15006\/revisions"}],"predecessor-version":[{"id":15015,"href":"https:\/\/benditoser.com.br\/en\/wp-json\/wp\/v2\/posts\/15006\/revisions\/15015"}],"wp:featuredmedia":[{"embeddable":true,"href":"https:\/\/benditoser.com.br\/en\/wp-json\/wp\/v2\/media\/15011"}],"wp:attachment":[{"href":"https:\/\/benditoser.com.br\/en\/wp-json\/wp\/v2\/media?parent=15006"}],"wp:term":[{"taxonomy":"category","embeddable":true,"href":"https:\/\/benditoser.com.br\/en\/wp-json\/wp\/v2\/categories?post=15006"},{"taxonomy":"post_tag","embeddable":true,"href":"https:\/\/benditoser.com.br\/en\/wp-json\/wp\/v2\/tags?post=15006"}],"curies":[{"name":"wp","href":"https:\/\/api.w.org\/{rel}","templated":true}]}}