{"id":15034,"date":"2026-07-19T12:50:12","date_gmt":"2026-07-19T15:50:12","guid":{"rendered":"https:\/\/benditoser.com.br\/?p=15034"},"modified":"2026-07-19T15:18:37","modified_gmt":"2026-07-19T18:18:37","slug":"perigo-terceirizar-a-propria-alma","status":"publish","type":"post","link":"https:\/\/benditoser.com.br\/en\/perigo-terceirizar-a-propria-alma\/","title":{"rendered":"O perigo de terceirizar a pr\u00f3pria alma"},"content":{"rendered":"<div class=\"qMYqUG_convSearchResultHighlightRoot\">\n<div class=\"\" data-turn-id-container=\"request-69f7fb29-a0bc-83e9-add4-02cf4e149442-6\" data-is-intersecting=\"true\">\n<section class=\"text-token-text-primary w-full focus:outline-none has-data-writing-block:pointer-events-none [&amp;:has([data-writing-block])&gt;*]:pointer-events-auto R6Vx5W_threadScrollVars scroll-mb-[calc(var(--scroll-root-safe-area-inset-bottom,0px)+var(--thread-response-height))] scroll-mt-[calc(var(--header-height)+min(200px,max(70px,20svh)))]\" dir=\"auto\" data-turn-id=\"request-69f7fb29-a0bc-83e9-add4-02cf4e149442-6\" data-turn-id-container=\"request-69f7fb29-a0bc-83e9-add4-02cf4e149442-6\" data-testid=\"conversation-turn-58\" data-turn=\"assistant\">\n<div class=\"text-base my-auto mx-auto pb-15 [--thread-content-margin:var(--thread-content-margin-xs,calc(var(--spacing)*4))] @w-sm\/main:[--thread-content-margin:var(--thread-content-margin-sm,calc(var(--spacing)*6))] @w-lg\/main:[--thread-content-margin:var(--thread-content-margin-lg,calc(var(--spacing)*16))] px-(--thread-content-margin)\">\n<div class=\"[--thread-content-max-width:40rem] @w-lg\/main:[--thread-content-max-width:48rem] mx-auto max-w-(--thread-content-max-width) flex-1 group\/turn-messages focus-visible:outline-hidden relative flex w-full min-w-0 flex-col agent-turn\" data-conversation-screenshot-content=\"\">\n<div class=\"flex max-w-full flex-col gap-4 grow\">\n<div class=\"min-h-8 text-message relative flex w-full flex-col items-end gap-2 text-start break-words whitespace-normal outline-none keyboard-focused:focus-ring [.text-message+&amp;]:mt-1\" dir=\"auto\" tabindex=\"0\" data-message-author-role=\"assistant\" data-message-id=\"18f7340e-9c7f-4ae0-a8f1-6d2a43e453f6\" data-message-model-slug=\"gpt-5-5\" data-turn-start-message=\"true\">\n<div class=\"flex w-full flex-col gap-1 empty:hidden\">\n<div class=\"markdown prose dark:prose-invert wrap-break-word w-full light markdown-new-styling\">\n<p data-section-id=\"7lqho8\" data-start=\"239\" data-end=\"301\">Quando a prote\u00e7\u00e3o se torna mais importante do que a verdade, h\u00e1 uma pergunta que raramente fazemos a n\u00f3s mesmos:<\/p>\n<p data-start=\"356\" data-end=\"434\"><strong data-start=\"356\" data-end=\"434\">Ser\u00e1 que eu busco a verdade&#8230; ou apenas algu\u00e9m que me fa\u00e7a sentir seguro?<\/strong><\/p>\n<p data-start=\"436\" data-end=\"543\">Pode parecer uma pergunta dura. Mas talvez ela revele uma das estruturas mais silenciosas da vida ps\u00edquica.<\/p>\n<p data-start=\"545\" data-end=\"938\">Desde crian\u00e7as aprendemos que sobreviver depende de confiar em algu\u00e9m. Antes mesmo de desenvolvermos a capacidade de pensar por n\u00f3s mesmos, j\u00e1 precisamos acreditar. Acreditamos nos pais, nos professores, nas tradi\u00e7\u00f5es da fam\u00edlia, nas explica\u00e7\u00f5es sobre Deus, sobre o bem, sobre o mal e sobre o que significa ser uma &#8220;boa pessoa&#8221;. Isso \u00e9 natural. \u00c9 assim que toda consci\u00eancia come\u00e7a a se formar.<\/p>\n<p data-start=\"940\" data-end=\"1130\">O problema aparece quando crescemos por fora, mas continuamos vivendo espiritualmente como aquela crian\u00e7a que acredita que sempre existe algu\u00e9m que sabe mais sobre sua alma do que ela mesma.<\/p>\n<p data-start=\"1132\" data-end=\"1197\">Sem perceber, trocamos a busca da verdade pela busca de prote\u00e7\u00e3o.<\/p>\n<p data-start=\"1199\" data-end=\"1223\">E essa troca custa caro.<\/p>\n<hr data-start=\"1225\" data-end=\"1228\" \/>\n<h2 data-section-id=\"s4kxg6\" data-start=\"1230\" data-end=\"1295\">A inf\u00e2ncia termina. Mas a consci\u00eancia pode continuar infantil.<\/h2>\n<p data-start=\"1297\" data-end=\"1413\">Toda crian\u00e7a precisa de refer\u00eancias. Ela ainda n\u00e3o consegue discernir tudo sozinha. Precisa confiar para sobreviver.<\/p>\n<p data-start=\"1415\" data-end=\"1458\">Mas a vida adulta faz um convite diferente.<\/p>\n<p data-start=\"1460\" data-end=\"1530\">Ela nos chama a assumir a responsabilidade pelo pr\u00f3prio discernimento.<\/p>\n<p data-start=\"1532\" data-end=\"1566\">Nem sempre aceitamos esse convite.<\/p>\n<p data-start=\"1568\" data-end=\"1818\">\u00c9 muito mais confort\u00e1vel quando algu\u00e9m diz exatamente o que devemos fazer. Quando existe uma autoridade que garante que determinado caminho \u00e9 o correto, que determinada pr\u00e1tica resolver\u00e1 nossos conflitos ou que basta obedecer para que tudo fique bem.<\/p>\n<p data-start=\"1820\" data-end=\"1912\">N\u00e3o importa se essa autoridade veste roupa religiosa, terap\u00eautica, cient\u00edfica ou espiritual.<\/p>\n<p data-start=\"1914\" data-end=\"1945\">A estrutura ps\u00edquica \u00e9 a mesma.<\/p>\n<p data-start=\"1947\" data-end=\"2023\">A necessidade continua sendo infantil: <strong data-start=\"1986\" data-end=\"2023\">&#8220;algu\u00e9m precisa decidir por mim.&#8221;<\/strong><\/p>\n<p data-start=\"2025\" data-end=\"2051\">N\u00e3o porque sejamos fracos.<\/p>\n<p data-start=\"2053\" data-end=\"2133\">Mas porque ser livre exige suportar a inseguran\u00e7a de n\u00e3o ter todas as respostas.<\/p>\n<hr data-start=\"2135\" data-end=\"2138\" \/>\n<h2 data-section-id=\"1u2y7dc\" data-start=\"2140\" data-end=\"2183\">O medo tamb\u00e9m cria religi\u00f5es invis\u00edveis.<\/h2>\n<p data-start=\"2185\" data-end=\"2269\">Quando pensamos em religi\u00e3o, costumamos imaginar templos, doutrinas ou institui\u00e7\u00f5es.<\/p>\n<p data-start=\"2271\" data-end=\"2314\">Mas existem religi\u00f5es muito mais discretas.<\/p>\n<p data-start=\"2316\" data-end=\"2351\">H\u00e1 quem viva uma religi\u00e3o da culpa.<\/p>\n<p data-start=\"2353\" data-end=\"2401\">Outros seguem fielmente a religi\u00e3o da aprova\u00e7\u00e3o.<\/p>\n<p data-start=\"2403\" data-end=\"2439\">H\u00e1 pessoas devotas do medo de errar.<\/p>\n<p data-start=\"2441\" data-end=\"2504\">Outras pertencem ao culto silencioso da necessidade de agradar.<\/p>\n<p data-start=\"2506\" data-end=\"2657\">Tamb\u00e9m existem aqueles que transformam terapeutas, l\u00edderes espirituais, influenciadores ou at\u00e9 parceiros amorosos em sacerdotes da pr\u00f3pria consci\u00eancia.<\/p>\n<p data-start=\"2659\" data-end=\"2672\">O altar muda.<\/p>\n<p data-start=\"2674\" data-end=\"2696\">O mecanismo permanece.<\/p>\n<p data-start=\"2698\" data-end=\"2784\">Sempre existe algu\u00e9m ocupando o lugar que deveria ser da pr\u00f3pria experi\u00eancia interior.<\/p>\n<hr data-start=\"2786\" data-end=\"2789\" \/>\n<h2 data-section-id=\"150b7to\" data-start=\"2791\" data-end=\"2822\">Nem todo pacto \u00e9 consciente.<\/h2>\n<p data-start=\"2824\" data-end=\"2914\">Na cl\u00ednica, aprendemos que as pris\u00f5es mais profundas raramente s\u00e3o constru\u00eddas com grades.<\/p>\n<p data-start=\"2916\" data-end=\"2945\">Elas s\u00e3o feitas de lealdades.<\/p>\n<p data-start=\"2947\" data-end=\"2956\">De medos.<\/p>\n<p data-start=\"2958\" data-end=\"2983\">De promessas silenciosas.<\/p>\n<p data-start=\"2985\" data-end=\"3033\">De cren\u00e7as que nunca escolhemos conscientemente.<\/p>\n<p data-start=\"3035\" data-end=\"3180\">Muitas vezes dizemos que somos livres porque podemos escolher entre v\u00e1rias op\u00e7\u00f5es. Mas continuamos incapazes de fazer a pergunta mais importante:<\/p>\n<p data-start=\"3182\" data-end=\"3267\"><strong data-start=\"3182\" data-end=\"3267\">&#8220;Essa escolha nasceu da minha consci\u00eancia&#8230; ou do medo de perder pertencimento?&#8221;<\/strong><\/p>\n<p data-start=\"3269\" data-end=\"3347\">Talvez voc\u00ea permane\u00e7a em determinados lugares porque realmente acredita neles.<\/p>\n<p data-start=\"3349\" data-end=\"3397\">Mas talvez permane\u00e7a porque sair desperta culpa.<\/p>\n<p data-start=\"3399\" data-end=\"3436\">Porque questionar parece desrespeito.<\/p>\n<p data-start=\"3438\" data-end=\"3480\">Porque pensar diferente provoca ansiedade.<\/p>\n<p data-start=\"3482\" data-end=\"3561\">Porque abandonar uma antiga certeza parece colocar em risco a pr\u00f3pria prote\u00e7\u00e3o.<\/p>\n<p data-start=\"3563\" data-end=\"3624\">Nem sempre percebemos que o medo pode vestir roupas sagradas.<\/p>\n<hr data-start=\"3626\" data-end=\"3629\" \/>\n<h2 data-section-id=\"bwgxsb\" data-start=\"3631\" data-end=\"3706\">Quando a espiritualidade substitui a consci\u00eancia, ela deixa de libertar.<\/h2>\n<p data-start=\"3708\" data-end=\"3764\">A espiritualidade amadurece quando amplia a consci\u00eancia.<\/p>\n<p data-start=\"3766\" data-end=\"3796\">Ela adoece quando a substitui.<\/p>\n<p data-start=\"3798\" data-end=\"3842\">Isso n\u00e3o depende de uma religi\u00e3o espec\u00edfica.<\/p>\n<p data-start=\"3844\" data-end=\"3921\">\u00c9 uma possibilidade presente em qualquer tradi\u00e7\u00e3o, filosofia ou grupo humano.<\/p>\n<p data-start=\"3923\" data-end=\"4138\">Sempre que uma estrutura exige obedi\u00eancia sem reflex\u00e3o, desencoraja perguntas sinceras ou transforma o medo em principal ferramenta de perman\u00eancia, algo essencial deixa de acontecer: o amadurecimento da consci\u00eancia.<\/p>\n<p data-start=\"4140\" data-end=\"4394\">Carl Gustav Jung observou que a psique tende a projetar para fora aquilo que ainda n\u00e3o reconhece dentro de si. Projetamos autoridade, sabedoria, prote\u00e7\u00e3o e poder. At\u00e9 que, lentamente, passamos a obedecer aquilo que n\u00f3s mesmos colocamos nas m\u00e3os do outro.<\/p>\n<p data-start=\"4396\" data-end=\"4480\">Enquanto essa proje\u00e7\u00e3o permanece ativa, uma parte da personalidade deixa de crescer.<\/p>\n<p data-start=\"4482\" data-end=\"4520\">A autoridade interior fica adormecida.<\/p>\n<hr data-start=\"4522\" data-end=\"4525\" \/>\n<h2 data-section-id=\"8165gf\" data-start=\"4527\" data-end=\"4611\">Talvez a maior pris\u00e3o espiritual seja acreditar que Deus n\u00e3o pode falar com voc\u00ea.<\/h2>\n<p data-start=\"4613\" data-end=\"4681\">Essa talvez seja uma das perguntas mais desconfort\u00e1veis deste texto.<\/p>\n<p data-start=\"4683\" data-end=\"4722\">E justamente por isso merece ser feita.<\/p>\n<p data-start=\"4724\" data-end=\"4785\">Quantas das suas convic\u00e7\u00f5es nasceram de uma experi\u00eancia viva?<\/p>\n<p data-start=\"4787\" data-end=\"4819\">E quantas foram apenas herdadas?<\/p>\n<p data-start=\"4821\" data-end=\"4952\">Quantas vezes voc\u00ea permaneceu em sil\u00eancio diante de algo que seu cora\u00e7\u00e3o questionava porque teve medo de estar desagradando a Deus?<\/p>\n<p data-start=\"4954\" data-end=\"5000\">Quantas vezes confundiu culpa com consci\u00eancia?<\/p>\n<p data-start=\"5002\" data-end=\"5115\">Quantas vezes acreditou que duvidar era sinal de fraqueza, quando talvez fosse o in\u00edcio da maturidade espiritual?<\/p>\n<p data-start=\"5117\" data-end=\"5204\">H\u00e1 pessoas que passam d\u00e9cadas tentando agradar uma imagem de Deus constru\u00edda pelo medo.<\/p>\n<p data-start=\"5206\" data-end=\"5268\">Vivem obedecendo regras que nunca compreenderam profundamente.<\/p>\n<p data-start=\"5270\" data-end=\"5296\">Chamam isso de fidelidade.<\/p>\n<p data-start=\"5298\" data-end=\"5354\">Mas talvez seja apenas o receio de perder pertencimento.<\/p>\n<p data-start=\"5356\" data-end=\"5487\">Porque romper antigos pactos \u2014 familiares, religiosos, culturais ou emocionais \u2014 pode despertar uma sensa\u00e7\u00e3o profunda de desamparo.<\/p>\n<p data-start=\"5489\" data-end=\"5524\">N\u00e3o porque a verdade seja perigosa.<\/p>\n<p data-start=\"5526\" data-end=\"5589\">Mas porque ela exige que ningu\u00e9m mais viva a sua vida por voc\u00ea.<\/p>\n<hr data-start=\"5591\" data-end=\"5594\" \/>\n<h2 data-section-id=\"l7890v\" data-start=\"5596\" data-end=\"5648\">A individua\u00e7\u00e3o \u00e9 uma travessia, n\u00e3o uma rebeldia.<\/h2>\n<p data-start=\"5650\" data-end=\"5736\">Na Psicologia Anal\u00edtica, Jung chamou de individua\u00e7\u00e3o o caminho de tornar-se quem se \u00e9.<\/p>\n<p data-start=\"5738\" data-end=\"5841\">Isso n\u00e3o significa romper com a fam\u00edlia, abandonar a espiritualidade ou rejeitar tudo o que veio antes.<\/p>\n<p data-start=\"5843\" data-end=\"5872\">Significa algo mais delicado.<\/p>\n<p data-start=\"5874\" data-end=\"5886\">Diferenciar.<\/p>\n<p data-start=\"5888\" data-end=\"5898\">Perguntar.<\/p>\n<p data-start=\"5900\" data-end=\"6043\">Reconhecer o que realmente faz sentido para a pr\u00f3pria alma e aquilo que foi incorporado apenas por repeti\u00e7\u00e3o, medo ou necessidade de aceita\u00e7\u00e3o.<\/p>\n<p data-start=\"6045\" data-end=\"6077\">A individua\u00e7\u00e3o n\u00e3o destr\u00f3i a f\u00e9.<\/p>\n<p data-start=\"6079\" data-end=\"6097\">Ela purifica a f\u00e9.<\/p>\n<p data-start=\"6099\" data-end=\"6122\">N\u00e3o destr\u00f3i a tradi\u00e7\u00e3o.<\/p>\n<p data-start=\"6124\" data-end=\"6147\">Ela a torna consciente.<\/p>\n<p data-start=\"6149\" data-end=\"6166\">N\u00e3o destr\u00f3i Deus.<\/p>\n<p data-start=\"6168\" data-end=\"6247\">Ela transforma a rela\u00e7\u00e3o com o sagrado em experi\u00eancia, e n\u00e3o apenas em heran\u00e7a.<\/p>\n<hr data-start=\"6249\" data-end=\"6252\" \/>\n<h2 data-section-id=\"1xxjbov\" data-start=\"6254\" data-end=\"6316\">Nenhum terapeuta deveria ocupar o lugar da sua consci\u00eancia.<\/h2>\n<p data-start=\"6318\" data-end=\"6457\">Na Cl\u00ednica do Invis\u00edvel\u00ae, acreditamos que um processo terap\u00eautico s\u00f3 \u00e9 verdadeiramente transformador quando devolve a pessoa para si mesma.<\/p>\n<p data-start=\"6459\" data-end=\"6492\">N\u00e3o buscamos produzir seguidores.<\/p>\n<p data-start=\"6494\" data-end=\"6543\">N\u00e3o queremos substituir sua percep\u00e7\u00e3o pela nossa.<\/p>\n<p data-start=\"6545\" data-end=\"6805\">A Leitura Terap\u00eautica dos Registros Ak\u00e1shicos, integrada \u00e0 Psicologia Anal\u00edtica, n\u00e3o existe para dizer quem voc\u00ea \u00e9. Ela existe para ampliar o di\u00e1logo com aquilo que sua pr\u00f3pria alma j\u00e1 tenta comunicar atrav\u00e9s de s\u00edmbolos, emo\u00e7\u00f5es, sonhos, padr\u00f5es e repeti\u00e7\u00f5es.<\/p>\n<p data-start=\"6807\" data-end=\"6864\">Todo terapeuta \u00e9tico deveria aceitar uma verdade simples:<\/p>\n<p data-start=\"6866\" data-end=\"6941\">quanto mais consciente o paciente se torna, menos ele depende do terapeuta.<\/p>\n<p data-start=\"6943\" data-end=\"7013\">Porque a cura n\u00e3o acontece quando algu\u00e9m assume o comando da sua vida.<\/p>\n<p data-start=\"7015\" data-end=\"7107\">Ela come\u00e7a quando voc\u00ea recupera a confian\u00e7a de caminhar sustentado pela pr\u00f3pria consci\u00eancia.<\/p>\n<hr data-start=\"7109\" data-end=\"7112\" \/>\n<h2 data-section-id=\"sx37c7\" data-start=\"7114\" data-end=\"7222\">Talvez a liberdade espiritual comece exatamente onde termina a necessidade de terceirizar a pr\u00f3pria alma.<\/h2>\n<p data-start=\"7224\" data-end=\"7323\">O amadurecimento espiritual n\u00e3o acontece quando encontramos algu\u00e9m que responda todas as perguntas.<\/p>\n<p data-start=\"7325\" data-end=\"7439\">Acontece quando desenvolvemos coragem suficiente para permanecer diante delas sem abandonar a pr\u00f3pria consci\u00eancia.<\/p>\n<p data-start=\"7441\" data-end=\"7493\">Talvez a verdadeira f\u00e9 n\u00e3o seja obedecer sem pensar.<\/p>\n<p data-start=\"7495\" data-end=\"7557\">Talvez seja confiar que a verdade n\u00e3o teme perguntas sinceras.<\/p>\n<p data-start=\"7559\" data-end=\"7722\">E talvez Deus nunca tenha desejado filhos incapazes de discernir, mas pessoas suficientemente conscientes para transformar a heran\u00e7a recebida em uma escolha livre.<\/p>\n<p data-start=\"7724\" data-end=\"7770\">Porque ningu\u00e9m pode viver a sua vida por voc\u00ea.<\/p>\n<p data-start=\"7772\" data-end=\"7896\">E nenhuma institui\u00e7\u00e3o, tradi\u00e7\u00e3o, mestre ou terapeuta deveria ocupar o lugar mais sagrado que existe dentro de um ser humano:<\/p>\n<p class=\"\" data-start=\"7898\" data-end=\"7924\" data-is-last-node=\"\" data-is-only-node=\"\"><strong data-start=\"7898\" data-end=\"7924\" data-is-last-node=\"\">a pr\u00f3pria consci\u00eancia.<\/strong><\/p>\n<\/div>\n<\/div>\n<\/div>\n<\/div>\n<div class=\"z-0 flex min-h-[46px] justify-start\"><\/div>\n<\/div>\n<div class=\"[--thread-content-max-width:40rem] @w-lg\/main:[--thread-content-max-width:48rem] mx-auto max-w-(--thread-content-max-width) flex-1\" data-conversation-screenshot-content=\"\">\n<div><\/div>\n<\/div>\n<\/div>\n<\/section>\n<\/div>\n<\/div>\n<div class=\"pointer-events-none -mt-px h-px translate-y-(--scroll-root-safe-area-inset-bottom)\" aria-hidden=\"true\"><\/div>\n","protected":false},"excerpt":{"rendered":"<p>Quando a prote\u00e7\u00e3o se torna mais importante do que a verdade, h\u00e1 uma pergunta que raramente fazemos a n\u00f3s mesmos: Ser\u00e1 que eu busco a verdade&#8230; ou apenas algu\u00e9m que me fa\u00e7a sentir seguro? Pode parecer uma pergunta dura. Mas talvez ela revele uma das [&hellip;]<\/p>\n","protected":false},"author":2,"featured_media":15038,"comment_status":"open","ping_status":"open","sticky":false,"template":"","format":"standard","meta":{"om_disable_all_campaigns":false,"_monsterinsights_skip_tracking":false,"_uf_show_specific_survey":0,"_uf_disable_surveys":false,"footnotes":""},"categories":[305,299,234,300,287,262,112,111],"tags":[73,323,267,321,324,326,82,269,265,325],"class_list":["post-15034","post","type-post","status-publish","format-standard","has-post-thumbnail","hentry","category-autodefesa-energetica","category-campo-vibratorio","category-despertar-de-consciencia","category-fortalecimento-energetico","category-medo-espiritualidade-livre","category-psicologia-analitica","category-terapia-espiritual","category-tratamento-espiritual","tag-autoconhecimento","tag-autonomia-emocional","tag-carl-jung","tag-clinica-do-invisivel","tag-consciencia","tag-desenvolvimento-pessoal","tag-espiritualidade","tag-individuacao","tag-psicologia-analitica","tag-terapia-integrativa"],"yoast_head":"<!-- This site is optimized with the Yoast SEO plugin v28.3 - https:\/\/yoast.com\/product\/yoast-seo-wordpress\/ -->\n<title>O perigo de terceirizar a pr\u00f3pria alma | Psicologia Anal\u00edtica e Autonomia Emocional<\/title>\n<meta name=\"description\" content=\"Voc\u00ea vive sua espiritualidade por experi\u00eancia ou apenas repete cren\u00e7as herdadas? Descubra como o medo, a culpa e a busca por prote\u00e7\u00e3o podem afastar voc\u00ea da pr\u00f3pria consci\u00eancia.\" \/>\n<meta name=\"robots\" content=\"index, follow, max-snippet:-1, max-image-preview:large, max-video-preview:-1\" \/>\n<link rel=\"canonical\" href=\"https:\/\/benditoser.com.br\/en\/perigo-terceirizar-a-propria-alma\/\" \/>\n<meta property=\"og:locale\" content=\"en_US\" \/>\n<meta property=\"og:type\" content=\"article\" \/>\n<meta property=\"og:title\" content=\"O perigo de terceirizar a pr\u00f3pria alma | Psicologia Anal\u00edtica e Autonomia Emocional\" \/>\n<meta property=\"og:description\" content=\"Voc\u00ea vive sua espiritualidade por experi\u00eancia ou apenas repete cren\u00e7as herdadas? Descubra como o medo, a culpa e a busca por prote\u00e7\u00e3o podem afastar voc\u00ea da pr\u00f3pria consci\u00eancia.\" \/>\n<meta property=\"og:url\" content=\"https:\/\/benditoser.com.br\/en\/perigo-terceirizar-a-propria-alma\/\" \/>\n<meta property=\"og:site_name\" content=\"Benditoser\" \/>\n<meta property=\"article:publisher\" content=\"https:\/\/www.facebook.com\/benditoser.com.br\" \/>\n<meta property=\"article:published_time\" content=\"2026-07-19T15:50:12+00:00\" \/>\n<meta property=\"article:modified_time\" content=\"2026-07-19T18:18:37+00:00\" \/>\n<meta property=\"og:image\" content=\"https:\/\/benditoser.com.br\/wp-content\/uploads\/2026\/07\/espiritualidade-consciente-individuacao-jung-benditoser.jpg\" \/>\n\t<meta property=\"og:image:width\" content=\"1000\" \/>\n\t<meta property=\"og:image:height\" content=\"528\" \/>\n\t<meta property=\"og:image:type\" content=\"image\/jpeg\" \/>\n<meta name=\"author\" content=\"Paulo Vasconcelos\" \/>\n<meta name=\"twitter:card\" content=\"summary_large_image\" \/>\n<meta name=\"twitter:label1\" content=\"Written by\" \/>\n\t<meta name=\"twitter:data1\" content=\"Paulo Vasconcelos\" \/>\n\t<meta name=\"twitter:label2\" content=\"Est. reading time\" \/>\n\t<meta name=\"twitter:data2\" content=\"7 minutes\" \/>\n<script type=\"application\/ld+json\" class=\"yoast-schema-graph\">{\"@context\":\"https:\\\/\\\/schema.org\",\"@graph\":[{\"@type\":\"Article\",\"@id\":\"https:\\\/\\\/benditoser.com.br\\\/perigo-terceirizar-a-propria-alma\\\/#article\",\"isPartOf\":{\"@id\":\"https:\\\/\\\/benditoser.com.br\\\/perigo-terceirizar-a-propria-alma\\\/\"},\"author\":{\"name\":\"Paulo Vasconcelos\",\"@id\":\"https:\\\/\\\/benditoser.com.br\\\/#\\\/schema\\\/person\\\/1b910a9b2b037ddc492a3b2e8dc4adb2\"},\"headline\":\"O perigo de terceirizar a pr\u00f3pria alma\",\"datePublished\":\"2026-07-19T15:50:12+00:00\",\"dateModified\":\"2026-07-19T18:18:37+00:00\",\"mainEntityOfPage\":{\"@id\":\"https:\\\/\\\/benditoser.com.br\\\/perigo-terceirizar-a-propria-alma\\\/\"},\"wordCount\":1273,\"commentCount\":0,\"publisher\":{\"@id\":\"https:\\\/\\\/benditoser.com.br\\\/#organization\"},\"image\":{\"@id\":\"https:\\\/\\\/benditoser.com.br\\\/perigo-terceirizar-a-propria-alma\\\/#primaryimage\"},\"thumbnailUrl\":\"https:\\\/\\\/benditoser.com.br\\\/wp-content\\\/uploads\\\/2026\\\/07\\\/espiritualidade-consciente-individuacao-jung-benditoser.jpg\",\"keywords\":[\"Autoconhecimento\",\"Autonomia Emocional\",\"Carl Jung\",\"Cl\u00ednica do Invis\u00edvel\",\"Consci\u00eancia\",\"Desenvolvimento Pessoal\",\"Espiritualidade\",\"Individua\u00e7\u00e3o\",\"Psicologia Anal\u00edtica\",\"Terapia Integrativa\"],\"articleSection\":[\"autodefesa energ\u00e9tica\",\"campo vibrat\u00f3rio\",\"Despertar de Consci\u00eancia\",\"fortalecimento energ\u00e9tico\",\"Medo; Espiritualidade Livre\",\"Psicologia Anal\u00edtica\",\"Terapia Espiritual\",\"Tratamento Espiritual\"],\"inLanguage\":\"en-US\",\"potentialAction\":[{\"@type\":\"CommentAction\",\"name\":\"Comment\",\"target\":[\"https:\\\/\\\/benditoser.com.br\\\/perigo-terceirizar-a-propria-alma\\\/#respond\"]}]},{\"@type\":\"WebPage\",\"@id\":\"https:\\\/\\\/benditoser.com.br\\\/perigo-terceirizar-a-propria-alma\\\/\",\"url\":\"https:\\\/\\\/benditoser.com.br\\\/perigo-terceirizar-a-propria-alma\\\/\",\"name\":\"O perigo de terceirizar a pr\u00f3pria alma | Psicologia Anal\u00edtica e Autonomia Emocional\",\"isPartOf\":{\"@id\":\"https:\\\/\\\/benditoser.com.br\\\/#website\"},\"primaryImageOfPage\":{\"@id\":\"https:\\\/\\\/benditoser.com.br\\\/perigo-terceirizar-a-propria-alma\\\/#primaryimage\"},\"image\":{\"@id\":\"https:\\\/\\\/benditoser.com.br\\\/perigo-terceirizar-a-propria-alma\\\/#primaryimage\"},\"thumbnailUrl\":\"https:\\\/\\\/benditoser.com.br\\\/wp-content\\\/uploads\\\/2026\\\/07\\\/espiritualidade-consciente-individuacao-jung-benditoser.jpg\",\"datePublished\":\"2026-07-19T15:50:12+00:00\",\"dateModified\":\"2026-07-19T18:18:37+00:00\",\"description\":\"Voc\u00ea vive sua espiritualidade por experi\u00eancia ou apenas repete cren\u00e7as herdadas? Descubra como o medo, a culpa e a busca por prote\u00e7\u00e3o podem afastar voc\u00ea da pr\u00f3pria consci\u00eancia.\",\"breadcrumb\":{\"@id\":\"https:\\\/\\\/benditoser.com.br\\\/perigo-terceirizar-a-propria-alma\\\/#breadcrumb\"},\"inLanguage\":\"en-US\",\"potentialAction\":[{\"@type\":\"ReadAction\",\"target\":[\"https:\\\/\\\/benditoser.com.br\\\/perigo-terceirizar-a-propria-alma\\\/\"]}]},{\"@type\":\"ImageObject\",\"inLanguage\":\"en-US\",\"@id\":\"https:\\\/\\\/benditoser.com.br\\\/perigo-terceirizar-a-propria-alma\\\/#primaryimage\",\"url\":\"https:\\\/\\\/benditoser.com.br\\\/wp-content\\\/uploads\\\/2026\\\/07\\\/espiritualidade-consciente-individuacao-jung-benditoser.jpg\",\"contentUrl\":\"https:\\\/\\\/benditoser.com.br\\\/wp-content\\\/uploads\\\/2026\\\/07\\\/espiritualidade-consciente-individuacao-jung-benditoser.jpg\",\"width\":1000,\"height\":528},{\"@type\":\"BreadcrumbList\",\"@id\":\"https:\\\/\\\/benditoser.com.br\\\/perigo-terceirizar-a-propria-alma\\\/#breadcrumb\",\"itemListElement\":[{\"@type\":\"ListItem\",\"position\":1,\"name\":\"In\u00edcio\",\"item\":\"https:\\\/\\\/benditoser.com.br\\\/\"},{\"@type\":\"ListItem\",\"position\":2,\"name\":\"O perigo de terceirizar a pr\u00f3pria alma\"}]},{\"@type\":\"WebSite\",\"@id\":\"https:\\\/\\\/benditoser.com.br\\\/#website\",\"url\":\"https:\\\/\\\/benditoser.com.br\\\/\",\"name\":\"Benditoser\",\"description\":\"Terapias\",\"publisher\":{\"@id\":\"https:\\\/\\\/benditoser.com.br\\\/#organization\"},\"potentialAction\":[{\"@type\":\"SearchAction\",\"target\":{\"@type\":\"EntryPoint\",\"urlTemplate\":\"https:\\\/\\\/benditoser.com.br\\\/?s={search_term_string}\"},\"query-input\":{\"@type\":\"PropertyValueSpecification\",\"valueRequired\":true,\"valueName\":\"search_term_string\"}}],\"inLanguage\":\"en-US\"},{\"@type\":\"Organization\",\"@id\":\"https:\\\/\\\/benditoser.com.br\\\/#organization\",\"name\":\"Benditoser\",\"url\":\"https:\\\/\\\/benditoser.com.br\\\/\",\"logo\":{\"@type\":\"ImageObject\",\"inLanguage\":\"en-US\",\"@id\":\"https:\\\/\\\/benditoser.com.br\\\/#\\\/schema\\\/logo\\\/image\\\/\",\"url\":\"https:\\\/\\\/benditoser.com.br\\\/wp-content\\\/uploads\\\/2025\\\/05\\\/cropped-logo-bendito-ser-site.png\",\"contentUrl\":\"https:\\\/\\\/benditoser.com.br\\\/wp-content\\\/uploads\\\/2025\\\/05\\\/cropped-logo-bendito-ser-site.png\",\"width\":220,\"height\":44,\"caption\":\"Benditoser\"},\"image\":{\"@id\":\"https:\\\/\\\/benditoser.com.br\\\/#\\\/schema\\\/logo\\\/image\\\/\"},\"sameAs\":[\"https:\\\/\\\/www.facebook.com\\\/benditoser.com.br\",\"https:\\\/\\\/www.instagram.com\\\/benditoser.com.br\\\/\"]},{\"@type\":\"Person\",\"@id\":\"https:\\\/\\\/benditoser.com.br\\\/#\\\/schema\\\/person\\\/1b910a9b2b037ddc492a3b2e8dc4adb2\",\"name\":\"Paulo Vasconcelos\",\"image\":{\"@type\":\"ImageObject\",\"inLanguage\":\"en-US\",\"@id\":\"https:\\\/\\\/secure.gravatar.com\\\/avatar\\\/34be8b8f301baee1d34ae5e8fc205d12bdfd859131ea8f1ea4a232bd06e2286f?s=96&d=mm&r=g\",\"url\":\"https:\\\/\\\/secure.gravatar.com\\\/avatar\\\/34be8b8f301baee1d34ae5e8fc205d12bdfd859131ea8f1ea4a232bd06e2286f?s=96&d=mm&r=g\",\"contentUrl\":\"https:\\\/\\\/secure.gravatar.com\\\/avatar\\\/34be8b8f301baee1d34ae5e8fc205d12bdfd859131ea8f1ea4a232bd06e2286f?s=96&d=mm&r=g\",\"caption\":\"Paulo Vasconcelos\"},\"description\":\"Superior em Pr\u00e1ticas Integrativas e Complementares e p\u00f3s-graduando em psican\u00e1lise cl\u00ednica, atuando no universo das terapias hol\u00edsticas e integrativas. GEM, Grupo de Estudos e Trabalho Medi\u00fanico; Apometria \u2013 terapeuta, dirigente de grupo e facilitador; CNV \u2013 Comunica\u00e7\u00e3o N\u00e3o-Violenta; Teologia de Umbanda; Mitologia Afro-brasileira e Psicologia Anal\u00edtica; T\u00c9CNICAS QUE UTILIZO: ODUZ, APRENDIZADOS DO CAMINHO; APOMETRIA; LEITURA DE REGISTROS AK\u00c1SHICOS; C\u00cdRCULO SIST\u00caMICO DA VIDA; RADIESTESIA; REIKI USUI; PSICOSSOM\u00c1TICA; GEOBIOLOGIA ESPIRITUAL;\",\"url\":\"https:\\\/\\\/benditoser.com.br\\\/en\\\/author\\\/paulo\\\/\"}]}<\/script>\n<!-- \/ Yoast SEO plugin. -->","yoast_head_json":{"title":"O perigo de terceirizar a pr\u00f3pria alma | Psicologia Anal\u00edtica e Autonomia Emocional","description":"Voc\u00ea vive sua espiritualidade por experi\u00eancia ou apenas repete cren\u00e7as herdadas? Descubra como o medo, a culpa e a busca por prote\u00e7\u00e3o podem afastar voc\u00ea da pr\u00f3pria consci\u00eancia.","robots":{"index":"index","follow":"follow","max-snippet":"max-snippet:-1","max-image-preview":"max-image-preview:large","max-video-preview":"max-video-preview:-1"},"canonical":"https:\/\/benditoser.com.br\/en\/perigo-terceirizar-a-propria-alma\/","og_locale":"en_US","og_type":"article","og_title":"O perigo de terceirizar a pr\u00f3pria alma | Psicologia Anal\u00edtica e Autonomia Emocional","og_description":"Voc\u00ea vive sua espiritualidade por experi\u00eancia ou apenas repete cren\u00e7as herdadas? Descubra como o medo, a culpa e a busca por prote\u00e7\u00e3o podem afastar voc\u00ea da pr\u00f3pria consci\u00eancia.","og_url":"https:\/\/benditoser.com.br\/en\/perigo-terceirizar-a-propria-alma\/","og_site_name":"Benditoser","article_publisher":"https:\/\/www.facebook.com\/benditoser.com.br","article_published_time":"2026-07-19T15:50:12+00:00","article_modified_time":"2026-07-19T18:18:37+00:00","og_image":[{"width":1000,"height":528,"url":"https:\/\/benditoser.com.br\/wp-content\/uploads\/2026\/07\/espiritualidade-consciente-individuacao-jung-benditoser.jpg","type":"image\/jpeg"}],"author":"Paulo Vasconcelos","twitter_card":"summary_large_image","twitter_misc":{"Written by":"Paulo Vasconcelos","Est. reading time":"7 minutes"},"schema":{"@context":"https:\/\/schema.org","@graph":[{"@type":"Article","@id":"https:\/\/benditoser.com.br\/perigo-terceirizar-a-propria-alma\/#article","isPartOf":{"@id":"https:\/\/benditoser.com.br\/perigo-terceirizar-a-propria-alma\/"},"author":{"name":"Paulo Vasconcelos","@id":"https:\/\/benditoser.com.br\/#\/schema\/person\/1b910a9b2b037ddc492a3b2e8dc4adb2"},"headline":"O perigo de terceirizar a pr\u00f3pria alma","datePublished":"2026-07-19T15:50:12+00:00","dateModified":"2026-07-19T18:18:37+00:00","mainEntityOfPage":{"@id":"https:\/\/benditoser.com.br\/perigo-terceirizar-a-propria-alma\/"},"wordCount":1273,"commentCount":0,"publisher":{"@id":"https:\/\/benditoser.com.br\/#organization"},"image":{"@id":"https:\/\/benditoser.com.br\/perigo-terceirizar-a-propria-alma\/#primaryimage"},"thumbnailUrl":"https:\/\/benditoser.com.br\/wp-content\/uploads\/2026\/07\/espiritualidade-consciente-individuacao-jung-benditoser.jpg","keywords":["Autoconhecimento","Autonomia Emocional","Carl Jung","Cl\u00ednica do Invis\u00edvel","Consci\u00eancia","Desenvolvimento Pessoal","Espiritualidade","Individua\u00e7\u00e3o","Psicologia Anal\u00edtica","Terapia Integrativa"],"articleSection":["autodefesa energ\u00e9tica","campo vibrat\u00f3rio","Despertar de Consci\u00eancia","fortalecimento energ\u00e9tico","Medo; Espiritualidade Livre","Psicologia Anal\u00edtica","Terapia Espiritual","Tratamento Espiritual"],"inLanguage":"en-US","potentialAction":[{"@type":"CommentAction","name":"Comment","target":["https:\/\/benditoser.com.br\/perigo-terceirizar-a-propria-alma\/#respond"]}]},{"@type":"WebPage","@id":"https:\/\/benditoser.com.br\/perigo-terceirizar-a-propria-alma\/","url":"https:\/\/benditoser.com.br\/perigo-terceirizar-a-propria-alma\/","name":"O perigo de terceirizar a pr\u00f3pria alma | Psicologia Anal\u00edtica e Autonomia Emocional","isPartOf":{"@id":"https:\/\/benditoser.com.br\/#website"},"primaryImageOfPage":{"@id":"https:\/\/benditoser.com.br\/perigo-terceirizar-a-propria-alma\/#primaryimage"},"image":{"@id":"https:\/\/benditoser.com.br\/perigo-terceirizar-a-propria-alma\/#primaryimage"},"thumbnailUrl":"https:\/\/benditoser.com.br\/wp-content\/uploads\/2026\/07\/espiritualidade-consciente-individuacao-jung-benditoser.jpg","datePublished":"2026-07-19T15:50:12+00:00","dateModified":"2026-07-19T18:18:37+00:00","description":"Voc\u00ea vive sua espiritualidade por experi\u00eancia ou apenas repete cren\u00e7as herdadas? Descubra como o medo, a culpa e a busca por prote\u00e7\u00e3o podem afastar voc\u00ea da pr\u00f3pria consci\u00eancia.","breadcrumb":{"@id":"https:\/\/benditoser.com.br\/perigo-terceirizar-a-propria-alma\/#breadcrumb"},"inLanguage":"en-US","potentialAction":[{"@type":"ReadAction","target":["https:\/\/benditoser.com.br\/perigo-terceirizar-a-propria-alma\/"]}]},{"@type":"ImageObject","inLanguage":"en-US","@id":"https:\/\/benditoser.com.br\/perigo-terceirizar-a-propria-alma\/#primaryimage","url":"https:\/\/benditoser.com.br\/wp-content\/uploads\/2026\/07\/espiritualidade-consciente-individuacao-jung-benditoser.jpg","contentUrl":"https:\/\/benditoser.com.br\/wp-content\/uploads\/2026\/07\/espiritualidade-consciente-individuacao-jung-benditoser.jpg","width":1000,"height":528},{"@type":"BreadcrumbList","@id":"https:\/\/benditoser.com.br\/perigo-terceirizar-a-propria-alma\/#breadcrumb","itemListElement":[{"@type":"ListItem","position":1,"name":"In\u00edcio","item":"https:\/\/benditoser.com.br\/"},{"@type":"ListItem","position":2,"name":"O perigo de terceirizar a pr\u00f3pria alma"}]},{"@type":"WebSite","@id":"https:\/\/benditoser.com.br\/#website","url":"https:\/\/benditoser.com.br\/","name":"Benditoser","description":"Terapias","publisher":{"@id":"https:\/\/benditoser.com.br\/#organization"},"potentialAction":[{"@type":"SearchAction","target":{"@type":"EntryPoint","urlTemplate":"https:\/\/benditoser.com.br\/?s={search_term_string}"},"query-input":{"@type":"PropertyValueSpecification","valueRequired":true,"valueName":"search_term_string"}}],"inLanguage":"en-US"},{"@type":"Organization","@id":"https:\/\/benditoser.com.br\/#organization","name":"Benditoser","url":"https:\/\/benditoser.com.br\/","logo":{"@type":"ImageObject","inLanguage":"en-US","@id":"https:\/\/benditoser.com.br\/#\/schema\/logo\/image\/","url":"https:\/\/benditoser.com.br\/wp-content\/uploads\/2025\/05\/cropped-logo-bendito-ser-site.png","contentUrl":"https:\/\/benditoser.com.br\/wp-content\/uploads\/2025\/05\/cropped-logo-bendito-ser-site.png","width":220,"height":44,"caption":"Benditoser"},"image":{"@id":"https:\/\/benditoser.com.br\/#\/schema\/logo\/image\/"},"sameAs":["https:\/\/www.facebook.com\/benditoser.com.br","https:\/\/www.instagram.com\/benditoser.com.br\/"]},{"@type":"Person","@id":"https:\/\/benditoser.com.br\/#\/schema\/person\/1b910a9b2b037ddc492a3b2e8dc4adb2","name":"Paulo Vasconcelos","image":{"@type":"ImageObject","inLanguage":"en-US","@id":"https:\/\/secure.gravatar.com\/avatar\/34be8b8f301baee1d34ae5e8fc205d12bdfd859131ea8f1ea4a232bd06e2286f?s=96&d=mm&r=g","url":"https:\/\/secure.gravatar.com\/avatar\/34be8b8f301baee1d34ae5e8fc205d12bdfd859131ea8f1ea4a232bd06e2286f?s=96&d=mm&r=g","contentUrl":"https:\/\/secure.gravatar.com\/avatar\/34be8b8f301baee1d34ae5e8fc205d12bdfd859131ea8f1ea4a232bd06e2286f?s=96&d=mm&r=g","caption":"Paulo Vasconcelos"},"description":"Superior em Pr\u00e1ticas Integrativas e Complementares e p\u00f3s-graduando em psican\u00e1lise cl\u00ednica, atuando no universo das terapias hol\u00edsticas e integrativas. GEM, Grupo de Estudos e Trabalho Medi\u00fanico; Apometria \u2013 terapeuta, dirigente de grupo e facilitador; CNV \u2013 Comunica\u00e7\u00e3o N\u00e3o-Violenta; Teologia de Umbanda; Mitologia Afro-brasileira e Psicologia Anal\u00edtica; T\u00c9CNICAS QUE UTILIZO: ODUZ, APRENDIZADOS DO CAMINHO; APOMETRIA; LEITURA DE REGISTROS AK\u00c1SHICOS; C\u00cdRCULO SIST\u00caMICO DA VIDA; RADIESTESIA; REIKI USUI; PSICOSSOM\u00c1TICA; GEOBIOLOGIA ESPIRITUAL;","url":"https:\/\/benditoser.com.br\/en\/author\/paulo\/"}]}},"publishpress_future_action":{"enabled":false,"date":"2026-09-07 22:09:50","action":"change-status","newStatus":"draft","terms":[],"taxonomy":"category","extraData":[]},"publishpress_future_workflow_manual_trigger":{"enabledWorkflows":[]},"_links":{"self":[{"href":"https:\/\/benditoser.com.br\/en\/wp-json\/wp\/v2\/posts\/15034","targetHints":{"allow":["GET"]}}],"collection":[{"href":"https:\/\/benditoser.com.br\/en\/wp-json\/wp\/v2\/posts"}],"about":[{"href":"https:\/\/benditoser.com.br\/en\/wp-json\/wp\/v2\/types\/post"}],"author":[{"embeddable":true,"href":"https:\/\/benditoser.com.br\/en\/wp-json\/wp\/v2\/users\/2"}],"replies":[{"embeddable":true,"href":"https:\/\/benditoser.com.br\/en\/wp-json\/wp\/v2\/comments?post=15034"}],"version-history":[{"count":5,"href":"https:\/\/benditoser.com.br\/en\/wp-json\/wp\/v2\/posts\/15034\/revisions"}],"predecessor-version":[{"id":15040,"href":"https:\/\/benditoser.com.br\/en\/wp-json\/wp\/v2\/posts\/15034\/revisions\/15040"}],"wp:featuredmedia":[{"embeddable":true,"href":"https:\/\/benditoser.com.br\/en\/wp-json\/wp\/v2\/media\/15038"}],"wp:attachment":[{"href":"https:\/\/benditoser.com.br\/en\/wp-json\/wp\/v2\/media?parent=15034"}],"wp:term":[{"taxonomy":"category","embeddable":true,"href":"https:\/\/benditoser.com.br\/en\/wp-json\/wp\/v2\/categories?post=15034"},{"taxonomy":"post_tag","embeddable":true,"href":"https:\/\/benditoser.com.br\/en\/wp-json\/wp\/v2\/tags?post=15034"}],"curies":[{"name":"wp","href":"https:\/\/api.w.org\/{rel}","templated":true}]}}