{"id":15059,"date":"2026-07-30T05:51:10","date_gmt":"2026-07-30T08:51:10","guid":{"rendered":"https:\/\/benditoser.com.br\/?p=15059"},"modified":"2026-07-30T06:12:01","modified_gmt":"2026-07-30T09:12:01","slug":"vicios-emocionais-fuga-infancia","status":"publish","type":"post","link":"https:\/\/benditoser.com.br\/en\/vicios-emocionais-fuga-infancia\/","title":{"rendered":"O V\u00edcio Come\u00e7a na Inf\u00e2ncia? Talvez Voc\u00ea Tenha Um e Nem Perceba"},"content":{"rendered":"<div class=\"container\">\n<div id=\"model-response-message-contentr_7d5a2079c6824f1b\" class=\"markdown markdown-main-panel enable-luminous-fast-follows enable-updated-hr-color md-content stronger\" dir=\"ltr\" aria-busy=\"false\" aria-live=\"off\">\n<p data-path-to-node=\"3\">Quando falamos em v\u00edcio, a maioria das pessoas pensa imediatamente em \u00e1lcool, cigarro, drogas ou jogos de azar. Mas e se a realidade for que voc\u00ea pode ter um v\u00edcio e nunca ter se considerado uma pessoa viciada?<\/p>\n<p data-path-to-node=\"4\">Antes de fechar esta p\u00e1gina pensando <i data-path-to-node=\"4\" data-index-in-node=\"37\">&#8220;isso n\u00e3o \u00e9 para mim&#8221;<\/i>, responda com sinceridade:<\/p>\n<blockquote data-path-to-node=\"5\">\n<ul data-path-to-node=\"5,0\">\n<li>\n<p data-path-to-node=\"5,0,0,0\">Voc\u00ea pega o celular sem perceber e passa horas rolando a tela?<\/p>\n<\/li>\n<li>\n<p data-path-to-node=\"5,0,1,0\">Tem dificuldade em ficar sozinho com seus pr\u00f3prios pensamentos?<\/p>\n<\/li>\n<li>\n<p data-path-to-node=\"5,0,2,0\">Come para aliviar ansiedade, tristeza ou frustra\u00e7\u00e3o?<\/p>\n<\/li>\n<li>\n<p data-path-to-node=\"5,0,3,0\"><a href=\"https:\/\/benditoser.com.br\/en\/produtiva-mas-cansada-emocionalmente\/\">Trabalha al\u00e9m do necess\u00e1rio<\/a> porque sente culpa ao descansar?<\/p>\n<\/li>\n<li>\n<p data-path-to-node=\"5,0,4,0\">Est\u00e1 sempre ocupado, sempre resolvendo problemas, sempre fazendo alguma coisa?<\/p>\n<\/li>\n<li>\n<p data-path-to-node=\"5,0,5,0\"><a href=\"https:\/\/benditoser.com.br\/en\/medo-de-decepcionar\/\">Precisa da aprova\u00e7\u00e3o dos outros<\/a> para se sentir bem consigo mesmo?<\/p>\n<\/li>\n<li>\n<p data-path-to-node=\"5,0,6,0\"><a href=\"https:\/\/benditoser.com.br\/en\/como-ter-relacionamentos-saudaveis\/\">Entra em relacionamentos que sabe que n\u00e3o fazem bem<\/a>, mas n\u00e3o consegue sair?<\/p>\n<\/li>\n<\/ul>\n<\/blockquote>\n<p data-path-to-node=\"6\">Se respondeu <b data-path-to-node=\"6\" data-index-in-node=\"13\">&#8220;sim&#8221;<\/b> para algumas dessas perguntas, talvez voc\u00ea j\u00e1 tenha experimentado algo que est\u00e1 na raiz de muitos v\u00edcios: a necessidade de anestesiar um desconforto interno.<\/p>\n<h3 data-path-to-node=\"8\">Nem Todo V\u00edcio Parece um V\u00edcio<\/h3>\n<p data-path-to-node=\"9\">Existe uma ideia equivocada de que v\u00edcio \u00e9 apenas aquilo que destr\u00f3i rapidamente a vida de algu\u00e9m. Mas a verdade \u00e9 que <b data-path-to-node=\"9\" data-index-in-node=\"119\">muitos comportamentos socialmente aceitos tamb\u00e9m podem funcionar como formas de fuga emocional<\/b>.<\/p>\n<p data-path-to-node=\"10\">Alguns exemplos cl\u00e1ssicos incluem:<\/p>\n<ul data-path-to-node=\"11\">\n<li>\n<p data-path-to-node=\"11,0,0\">Trabalhar compulsivamente.<\/p>\n<\/li>\n<li>\n<p data-path-to-node=\"11,1,0\">Consumir conte\u00fados sem parar.<\/p>\n<\/li>\n<li>\n<p data-path-to-node=\"11,2,0\">Comprar por impulso.<\/p>\n<\/li>\n<li>\n<p data-path-to-node=\"11,3,0\">Comer para aliviar emo\u00e7\u00f5es.<\/p>\n<\/li>\n<li>\n<p data-path-to-node=\"11,4,0\">Viver em <a href=\"https:\/\/benditoser.com.br\/en\/como-ter-relacionamentos-saudaveis\/\">relacionamentos dependentes<\/a>.<\/p>\n<\/li>\n<li>\n<p data-path-to-node=\"11,5,0\"><a href=\"https:\/\/benditoser.com.br\/en\/medo-de-decepcionar\/\">Buscar aprova\u00e7\u00e3o constantemente<\/a>.<\/p>\n<\/li>\n<li>\n<p data-path-to-node=\"11,6,0\">N\u00e3o conseguir ficar em sil\u00eancio ou sozinho.<\/p>\n<\/li>\n<li>\n<p data-path-to-node=\"11,7,0\">Precisar estar sempre ocupado.<\/p>\n<\/li>\n<\/ul>\n<p data-path-to-node=\"12\">O problema n\u00e3o est\u00e1 necessariamente no comportamento em si. O problema surge quando ele se torna a <b data-path-to-node=\"12\" data-index-in-node=\"99\">\u00fanica forma que encontramos para n\u00e3o sentir algo<\/b>. \u00c9 como tomar um analg\u00e9sico emocional repetidamente sem investigar a origem da dor.<\/p>\n<h3 data-path-to-node=\"13\">O Que Estamos Tentando N\u00e3o Sentir?<\/h3>\n<p data-path-to-node=\"14\">Essa \u00e9 uma pergunta desconfort\u00e1vel. Mas tamb\u00e9m \u00e9 uma das mais importantes. Muitas vezes, por tr\u00e1s de um comportamento compulsivo, encontramos sentimentos que carregamos h\u00e1 muito tempo:<\/p>\n<ul data-path-to-node=\"15\">\n<li>\n<p data-path-to-node=\"15,0,0\">Rejei\u00e7\u00e3o e abandono.<\/p>\n<\/li>\n<li>\n<p data-path-to-node=\"15,1,0\">Solid\u00e3o e vergonha.<\/p>\n<\/li>\n<li>\n<p data-path-to-node=\"15,2,0\">Medo e inseguran\u00e7a.<\/p>\n<\/li>\n<li>\n<p data-path-to-node=\"15,3,0\">Sensa\u00e7\u00e3o de n\u00e3o ser suficiente.<\/p>\n<\/li>\n<\/ul>\n<p data-path-to-node=\"16\">Sentimentos que nem sempre surgiram ontem. Frequentemente, eles come\u00e7aram a ser constru\u00eddos na inf\u00e2ncia.<\/p>\n<h3 data-path-to-node=\"18\">A Crian\u00e7a Que Ainda Vive Dentro do Adulto<\/h3>\n<p data-path-to-node=\"19\">Toda crian\u00e7a precisa de acolhimento, seguran\u00e7a emocional e reconhecimento. Mas nem sempre isso acontece.<\/p>\n<p data-path-to-node=\"20\">Algumas crescem ouvindo cr\u00edticas constantes. Outras aprendem que precisam ser fortes o tempo inteiro. Algumas descobrem cedo que suas emo\u00e7\u00f5es incomodam os adultos. Outras sentem que precisam agradar para receber amor. E h\u00e1 aquelas que cresceram em lares aparentemente normais, mas onde ningu\u00e9m realmente perguntava: <i data-path-to-node=\"20\" data-index-in-node=\"316\">&#8220;Como voc\u00ea est\u00e1 se sentindo?&#8221;<\/i><\/p>\n<p data-path-to-node=\"21\">A crian\u00e7a aprende a sobreviver da melhor maneira poss\u00edvel. O problema \u00e9 que essas <b data-path-to-node=\"21\" data-index-in-node=\"82\">estrat\u00e9gias de sobreviv\u00eancia<\/b> costumam continuar funcionando na vida adulta, mesmo quando j\u00e1 n\u00e3o s\u00e3o necess\u00e1rias.<\/p>\n<ul data-path-to-node=\"22\">\n<li>\n<p data-path-to-node=\"22,0,0\">A crian\u00e7a que aprendeu a agradar pode se tornar um adulto incapaz de dizer &#8220;n\u00e3o&#8221;.<\/p>\n<\/li>\n<li>\n<p data-path-to-node=\"22,1,0\">A que aprendeu a esconder a tristeza pode desenvolver ansiedade.<\/p>\n<\/li>\n<li>\n<p data-path-to-node=\"22,2,0\">A que nunca se sentiu suficiente pode se tornar dependente de aprova\u00e7\u00e3o.<\/p>\n<\/li>\n<li>\n<p data-path-to-node=\"22,3,0\">A que n\u00e3o encontrou espa\u00e7o para sentir pode passar a buscar distra\u00e7\u00f5es constantes.<\/p>\n<\/li>\n<\/ul>\n<h3 data-path-to-node=\"23\">Quando a Fuga se Torna Autom\u00e1tica<\/h3>\n<p data-path-to-node=\"24\">Voc\u00ea j\u00e1 percebeu que, \u00e0s vezes, nem sabe por que est\u00e1 pegando o celular? Ou abrindo a geladeira? Acontece quase no autom\u00e1tico.<\/p>\n<p data-path-to-node=\"25\">Isso ocorre porque o comportamento deixa de ser uma escolha consciente e passa a funcionar como uma <b data-path-to-node=\"25\" data-index-in-node=\"100\">resposta emocional condicionada<\/b>.<\/p>\n<ul data-path-to-node=\"26\">\n<li>\n<p data-path-to-node=\"26,0,0\"><b data-path-to-node=\"26,0,0\" data-index-in-node=\"0\">Sentiu ansiedade?<\/b> Distra\u00e7\u00e3o.<\/p>\n<\/li>\n<li>\n<p data-path-to-node=\"26,1,0\"><b data-path-to-node=\"26,1,0\" data-index-in-node=\"0\">Sentiu vazio?<\/b> Consumo.<\/p>\n<\/li>\n<li>\n<p data-path-to-node=\"26,2,0\"><b data-path-to-node=\"26,2,0\" data-index-in-node=\"0\">Sentiu solid\u00e3o?<\/b> Busca imediata por algu\u00e9m.<\/p>\n<\/li>\n<li>\n<p data-path-to-node=\"26,3,0\"><b data-path-to-node=\"26,3,0\" data-index-in-node=\"0\">Sentiu inseguran\u00e7a?<\/b> Mais trabalho, mais atividade, mais movimento.<\/p>\n<\/li>\n<\/ul>\n<p data-path-to-node=\"27\">Qualquer coisa, menos sentir.<\/p>\n<h3 data-path-to-node=\"29\">O Vazio Que Nada Preenche<\/h3>\n<p data-path-to-node=\"30\">Existe uma armadilha silenciosa em muitos processos de sofrimento emocional: acreditamos que o problema est\u00e1 na <i data-path-to-node=\"30\" data-index-in-node=\"112\">falta<\/i> de alguma coisa. Mais dinheiro, reconhecimento, sucesso, amor ou conhecimento.<\/p>\n<p data-path-to-node=\"31\">Mas muitas vezes <b data-path-to-node=\"31\" data-index-in-node=\"17\">o vazio n\u00e3o vem da falta de algo externo<\/b>. Ele surge porque nos afastamos de partes importantes de n\u00f3s mesmos. Passamos anos tentando preencher esse espa\u00e7o sem perceber que o que realmente est\u00e1 pedindo aten\u00e7\u00e3o \u00e9 uma dor antiga que nunca foi escutada.<\/p>\n<h3 data-path-to-node=\"32\">O V\u00edcio N\u00e3o \u00e9 o Problema. \u00c9 o Sintoma.<\/h3>\n<p data-path-to-node=\"33\">Essa talvez seja a mudan\u00e7a de perspectiva mais importante. Quando olhamos apenas para o comportamento, ficamos presos \u00e0 pergunta: <i data-path-to-node=\"33\" data-index-in-node=\"130\">&#8220;Como fa\u00e7o para parar?&#8221;<\/i><\/p>\n<p data-path-to-node=\"34\">Mas quando olhamos para a origem, surge uma pergunta muito mais transformadora: <b data-path-to-node=\"34\" data-index-in-node=\"80\">&#8220;O que estou tentando aliviar?&#8221;<\/b><\/p>\n<p data-path-to-node=\"35\">O v\u00edcio n\u00e3o aparece para destruir sua vida. Ele aparece como uma tentativa \u2014 ainda que desajeitada e prejudicial \u2014 de aliviar uma dor que voc\u00ea n\u00e3o encontrou outra forma de acolher.<\/p>\n<h3 data-path-to-node=\"37\">O Caminho da Cura<\/h3>\n<p data-path-to-node=\"38\">Curar n\u00e3o significa apenas abandonar um h\u00e1bito. Significa compreender o que ele estava fazendo por voc\u00ea.<\/p>\n<p data-path-to-node=\"39\">Significa olhar para a hist\u00f3ria que existe por tr\u00e1s da compuls\u00e3o. Para a crian\u00e7a que precisou se adaptar. Para as emo\u00e7\u00f5es que foram silenciadas. Para os medos que continuam conduzindo escolhas sem que voc\u00ea perceba.<\/p>\n<p data-path-to-node=\"40\">Quando come\u00e7amos a fazer esse movimento, algo muda. A necessidade de fugir diminui. Porque, aos poucos, aquilo que precisava ser anestesiado come\u00e7a finalmente a ser ouvido.<\/p>\n<h3 data-path-to-node=\"41\">E se o Problema N\u00e3o For Falta de For\u00e7a de Vontade?<\/h3>\n<p data-path-to-node=\"42\">Talvez voc\u00ea j\u00e1 tenha tentado mudar in\u00fameras vezes. Talvez tenha prometido que seria a \u00faltima vez e tenha se julgado por n\u00e3o conseguir parar. Mas e se a quest\u00e3o n\u00e3o for falta de disciplina? E se existir uma dor mais profunda pedindo aten\u00e7\u00e3o?<\/p>\n<p data-path-to-node=\"43\">Na <b data-path-to-node=\"43\" data-index-in-node=\"3\">Benditoser<\/b>, compreendemos que muitos padr\u00f5es repetitivos, compuls\u00f5es e comportamentos autodestrutivos n\u00e3o come\u00e7am no h\u00e1bito em si. Eles costumam ser a express\u00e3o vis\u00edvel de conflitos emocionais, traumas, mem\u00f3rias e din\u00e2micas inconscientes que permanecem ativas muito tempo depois de terem surgido.<\/p>\n<p data-path-to-node=\"44\">\u00c0s vezes, aquilo que parece apenas um mau h\u00e1bito \u00e9, na verdade, um pedido de ajuda da alma. E talvez a pergunta que pode iniciar sua transforma\u00e7\u00e3o seja simples:<\/p>\n<blockquote data-path-to-node=\"45\">\n<p data-path-to-node=\"45,0\"><b data-path-to-node=\"45,0\" data-index-in-node=\"0\">O que eu fa\u00e7o repetidamente para n\u00e3o precisar sentir o que existe dentro de mim?<\/b><\/p>\n<\/blockquote>\n<hr \/>\n<h3 data-path-to-node=\"23,0\">Perguntas Frequentes sobre Fuga Emocional<\/h3>\n<p data-path-to-node=\"23,1\"><b data-path-to-node=\"23,1\" data-index-in-node=\"0\">O que \u00e9 um v\u00edcio emocional?<\/b> \u00c9 o uso de comportamentos repetitivos (como trabalhar em excesso, usar o celular compulsivamente ou comprar por impulso) como ferramenta para anestesiar dores emocionais e evitar lidar com sentimentos dif\u00edceis.<\/p>\n<p data-path-to-node=\"23,2\"><b data-path-to-node=\"23,2\" data-index-in-node=\"0\">Como curar a crian\u00e7a interior ferida?<\/b> O primeiro passo \u00e9 reconhecer quais comportamentos autom\u00e1ticos voc\u00ea usa para fugir da dor. Em seguida, \u00e9 necess\u00e1rio buscar acolhimento emocional, muitas vezes com apoio terap\u00eautico, para ressignificar traumas do passado.<\/p>\n<\/div>\n<\/div>\n<hr \/>\n<h6 data-path-to-node=\"45,0\">No Benditoser, acreditamos que o melhor passo para come\u00e7ar a cura \u00e9 um bom <a href=\"https:\/\/benditoser.com.br\/en\/diagnostico\/\">diagn\u00f3stico<\/a>. Entre em contato e agende a sua sess\u00e3o.<\/h6>\n<h6 data-path-to-node=\"45,0\"><strong>Servi\u00e7o:<\/strong> <a href=\"https:\/\/benditoser.com.br\/en\/diagnostico\/\">Diagn\u00f3stico Benditoser<\/a><br \/>\n<strong>Contato:<\/strong> <a href=\"https:\/\/wa.me\/+5585988486862\">WhatsApp Benditoser<\/a><\/h6>","protected":false},"excerpt":{"rendered":"<p>Quando falamos em v\u00edcio, a maioria das pessoas pensa imediatamente em \u00e1lcool, cigarro, drogas ou jogos de azar. Mas e se a realidade for que voc\u00ea pode ter um v\u00edcio e nunca ter se considerado uma pessoa viciada? Antes de fechar esta p\u00e1gina pensando &#8220;isso [&hellip;]<\/p>\n","protected":false},"author":2,"featured_media":15064,"comment_status":"open","ping_status":"open","sticky":false,"template":"","format":"standard","meta":{"om_disable_all_campaigns":false,"_monsterinsights_skip_tracking":false,"_uf_show_specific_survey":0,"_uf_disable_surveys":false,"footnotes":""},"categories":[234],"tags":[333,332,330,329,334,335,331,328],"class_list":["post-15059","post","type-post","status-publish","format-standard","has-post-thumbnail","hentry","category-despertar-de-consciencia","tag-como-lidar-com-o-vazio-existencial","tag-compulsao","tag-crianca-interior","tag-fuga-emocional","tag-por-que-nao-consigo-ficar-sozinho","tag-sintomas-de-fuga-emocional","tag-traumas-de-infancia","tag-vicios-emocionais"],"yoast_head":"<!-- This site is optimized with the Yoast SEO plugin v28.3 - https:\/\/yoast.com\/product\/yoast-seo-wordpress\/ -->\n<title>V\u00edcios Emocionais: Onde a Fuga Come\u00e7a? | Benditoser<\/title>\n<meta name=\"description\" content=\"Descubra como comportamentos normais (como excesso de trabalho e celular) podem ser v\u00edcios emocionais e fugas de traumas de inf\u00e2ncia. Saiba como curar.\" \/>\n<meta name=\"robots\" content=\"index, follow, max-snippet:-1, max-image-preview:large, max-video-preview:-1\" \/>\n<link rel=\"canonical\" href=\"https:\/\/benditoser.com.br\/en\/vicios-emocionais-fuga-infancia\/\" \/>\n<meta property=\"og:locale\" content=\"en_US\" \/>\n<meta property=\"og:type\" content=\"article\" \/>\n<meta property=\"og:title\" content=\"V\u00edcios Emocionais: Onde a Fuga Come\u00e7a? | Benditoser\" \/>\n<meta property=\"og:description\" content=\"Descubra como comportamentos normais (como excesso de trabalho e celular) podem ser v\u00edcios emocionais e fugas de traumas de inf\u00e2ncia. Saiba como curar.\" \/>\n<meta property=\"og:url\" content=\"https:\/\/benditoser.com.br\/en\/vicios-emocionais-fuga-infancia\/\" \/>\n<meta property=\"og:site_name\" content=\"Benditoser\" \/>\n<meta property=\"article:publisher\" content=\"https:\/\/www.facebook.com\/benditoser.com.br\" \/>\n<meta property=\"article:published_time\" content=\"2026-07-30T08:51:10+00:00\" \/>\n<meta property=\"article:modified_time\" content=\"2026-07-30T09:12:01+00:00\" \/>\n<meta property=\"og:image\" content=\"https:\/\/benditoser.com.br\/wp-content\/uploads\/2026\/07\/vicio-emocional-crianca-interior.jpg\" \/>\n\t<meta property=\"og:image:width\" content=\"1000\" \/>\n\t<meta property=\"og:image:height\" content=\"528\" \/>\n\t<meta property=\"og:image:type\" content=\"image\/jpeg\" \/>\n<meta name=\"author\" content=\"Paulo Vasconcelos\" \/>\n<meta name=\"twitter:card\" content=\"summary_large_image\" \/>\n<meta name=\"twitter:label1\" content=\"Written by\" \/>\n\t<meta name=\"twitter:data1\" content=\"Paulo Vasconcelos\" \/>\n\t<meta name=\"twitter:label2\" content=\"Est. reading time\" \/>\n\t<meta name=\"twitter:data2\" content=\"6 minutes\" \/>\n<script type=\"application\/ld+json\" class=\"yoast-schema-graph\">{\"@context\":\"https:\\\/\\\/schema.org\",\"@graph\":[{\"@type\":\"Article\",\"@id\":\"https:\\\/\\\/benditoser.com.br\\\/vicios-emocionais-fuga-infancia\\\/#article\",\"isPartOf\":{\"@id\":\"https:\\\/\\\/benditoser.com.br\\\/vicios-emocionais-fuga-infancia\\\/\"},\"author\":{\"name\":\"Paulo Vasconcelos\",\"@id\":\"https:\\\/\\\/benditoser.com.br\\\/#\\\/schema\\\/person\\\/1b910a9b2b037ddc492a3b2e8dc4adb2\"},\"headline\":\"O V\u00edcio Come\u00e7a na Inf\u00e2ncia? Talvez Voc\u00ea Tenha Um e Nem Perceba\",\"datePublished\":\"2026-07-30T08:51:10+00:00\",\"dateModified\":\"2026-07-30T09:12:01+00:00\",\"mainEntityOfPage\":{\"@id\":\"https:\\\/\\\/benditoser.com.br\\\/vicios-emocionais-fuga-infancia\\\/\"},\"wordCount\":1143,\"commentCount\":0,\"publisher\":{\"@id\":\"https:\\\/\\\/benditoser.com.br\\\/#organization\"},\"image\":{\"@id\":\"https:\\\/\\\/benditoser.com.br\\\/vicios-emocionais-fuga-infancia\\\/#primaryimage\"},\"thumbnailUrl\":\"https:\\\/\\\/benditoser.com.br\\\/wp-content\\\/uploads\\\/2026\\\/07\\\/vicio-emocional-crianca-interior.jpg\",\"keywords\":[\"Como lidar com o vazio existencial\",\"compuls\u00e3o\",\"Crian\u00e7a interior\",\"fuga emocional\",\"por que n\u00e3o consigo ficar sozinho\",\"sintomas de fuga emocional\",\"traumas de inf\u00e2ncia\",\"V\u00edcios emocionais\"],\"articleSection\":[\"Despertar de Consci\u00eancia\"],\"inLanguage\":\"en-US\",\"potentialAction\":[{\"@type\":\"CommentAction\",\"name\":\"Comment\",\"target\":[\"https:\\\/\\\/benditoser.com.br\\\/vicios-emocionais-fuga-infancia\\\/#respond\"]}]},{\"@type\":\"WebPage\",\"@id\":\"https:\\\/\\\/benditoser.com.br\\\/vicios-emocionais-fuga-infancia\\\/\",\"url\":\"https:\\\/\\\/benditoser.com.br\\\/vicios-emocionais-fuga-infancia\\\/\",\"name\":\"V\u00edcios Emocionais: Onde a Fuga Come\u00e7a? | Benditoser\",\"isPartOf\":{\"@id\":\"https:\\\/\\\/benditoser.com.br\\\/#website\"},\"primaryImageOfPage\":{\"@id\":\"https:\\\/\\\/benditoser.com.br\\\/vicios-emocionais-fuga-infancia\\\/#primaryimage\"},\"image\":{\"@id\":\"https:\\\/\\\/benditoser.com.br\\\/vicios-emocionais-fuga-infancia\\\/#primaryimage\"},\"thumbnailUrl\":\"https:\\\/\\\/benditoser.com.br\\\/wp-content\\\/uploads\\\/2026\\\/07\\\/vicio-emocional-crianca-interior.jpg\",\"datePublished\":\"2026-07-30T08:51:10+00:00\",\"dateModified\":\"2026-07-30T09:12:01+00:00\",\"description\":\"Descubra como comportamentos normais (como excesso de trabalho e celular) podem ser v\u00edcios emocionais e fugas de traumas de inf\u00e2ncia. Saiba como curar.\",\"breadcrumb\":{\"@id\":\"https:\\\/\\\/benditoser.com.br\\\/vicios-emocionais-fuga-infancia\\\/#breadcrumb\"},\"inLanguage\":\"en-US\",\"potentialAction\":[{\"@type\":\"ReadAction\",\"target\":[\"https:\\\/\\\/benditoser.com.br\\\/vicios-emocionais-fuga-infancia\\\/\"]}]},{\"@type\":\"ImageObject\",\"inLanguage\":\"en-US\",\"@id\":\"https:\\\/\\\/benditoser.com.br\\\/vicios-emocionais-fuga-infancia\\\/#primaryimage\",\"url\":\"https:\\\/\\\/benditoser.com.br\\\/wp-content\\\/uploads\\\/2026\\\/07\\\/vicio-emocional-crianca-interior.jpg\",\"contentUrl\":\"https:\\\/\\\/benditoser.com.br\\\/wp-content\\\/uploads\\\/2026\\\/07\\\/vicio-emocional-crianca-interior.jpg\",\"width\":1000,\"height\":528},{\"@type\":\"BreadcrumbList\",\"@id\":\"https:\\\/\\\/benditoser.com.br\\\/vicios-emocionais-fuga-infancia\\\/#breadcrumb\",\"itemListElement\":[{\"@type\":\"ListItem\",\"position\":1,\"name\":\"In\u00edcio\",\"item\":\"https:\\\/\\\/benditoser.com.br\\\/\"},{\"@type\":\"ListItem\",\"position\":2,\"name\":\"O V\u00edcio Come\u00e7a na Inf\u00e2ncia? Talvez Voc\u00ea Tenha Um e Nem Perceba\"}]},{\"@type\":\"WebSite\",\"@id\":\"https:\\\/\\\/benditoser.com.br\\\/#website\",\"url\":\"https:\\\/\\\/benditoser.com.br\\\/\",\"name\":\"Benditoser\",\"description\":\"Terapias\",\"publisher\":{\"@id\":\"https:\\\/\\\/benditoser.com.br\\\/#organization\"},\"potentialAction\":[{\"@type\":\"SearchAction\",\"target\":{\"@type\":\"EntryPoint\",\"urlTemplate\":\"https:\\\/\\\/benditoser.com.br\\\/?s={search_term_string}\"},\"query-input\":{\"@type\":\"PropertyValueSpecification\",\"valueRequired\":true,\"valueName\":\"search_term_string\"}}],\"inLanguage\":\"en-US\"},{\"@type\":\"Organization\",\"@id\":\"https:\\\/\\\/benditoser.com.br\\\/#organization\",\"name\":\"Benditoser\",\"url\":\"https:\\\/\\\/benditoser.com.br\\\/\",\"logo\":{\"@type\":\"ImageObject\",\"inLanguage\":\"en-US\",\"@id\":\"https:\\\/\\\/benditoser.com.br\\\/#\\\/schema\\\/logo\\\/image\\\/\",\"url\":\"https:\\\/\\\/benditoser.com.br\\\/wp-content\\\/uploads\\\/2025\\\/05\\\/cropped-logo-bendito-ser-site.png\",\"contentUrl\":\"https:\\\/\\\/benditoser.com.br\\\/wp-content\\\/uploads\\\/2025\\\/05\\\/cropped-logo-bendito-ser-site.png\",\"width\":220,\"height\":44,\"caption\":\"Benditoser\"},\"image\":{\"@id\":\"https:\\\/\\\/benditoser.com.br\\\/#\\\/schema\\\/logo\\\/image\\\/\"},\"sameAs\":[\"https:\\\/\\\/www.facebook.com\\\/benditoser.com.br\",\"https:\\\/\\\/www.instagram.com\\\/benditoser.com.br\\\/\"]},{\"@type\":\"Person\",\"@id\":\"https:\\\/\\\/benditoser.com.br\\\/#\\\/schema\\\/person\\\/1b910a9b2b037ddc492a3b2e8dc4adb2\",\"name\":\"Paulo Vasconcelos\",\"image\":{\"@type\":\"ImageObject\",\"inLanguage\":\"en-US\",\"@id\":\"https:\\\/\\\/secure.gravatar.com\\\/avatar\\\/34be8b8f301baee1d34ae5e8fc205d12bdfd859131ea8f1ea4a232bd06e2286f?s=96&d=mm&r=g\",\"url\":\"https:\\\/\\\/secure.gravatar.com\\\/avatar\\\/34be8b8f301baee1d34ae5e8fc205d12bdfd859131ea8f1ea4a232bd06e2286f?s=96&d=mm&r=g\",\"contentUrl\":\"https:\\\/\\\/secure.gravatar.com\\\/avatar\\\/34be8b8f301baee1d34ae5e8fc205d12bdfd859131ea8f1ea4a232bd06e2286f?s=96&d=mm&r=g\",\"caption\":\"Paulo Vasconcelos\"},\"description\":\"Superior em Pr\u00e1ticas Integrativas e Complementares e p\u00f3s-graduando em psican\u00e1lise cl\u00ednica, atuando no universo das terapias hol\u00edsticas e integrativas. GEM, Grupo de Estudos e Trabalho Medi\u00fanico; Apometria \u2013 terapeuta, dirigente de grupo e facilitador; CNV \u2013 Comunica\u00e7\u00e3o N\u00e3o-Violenta; Teologia de Umbanda; Mitologia Afro-brasileira e Psicologia Anal\u00edtica; T\u00c9CNICAS QUE UTILIZO: ODUZ, APRENDIZADOS DO CAMINHO; APOMETRIA; LEITURA DE REGISTROS AK\u00c1SHICOS; C\u00cdRCULO SIST\u00caMICO DA VIDA; RADIESTESIA; REIKI USUI; PSICOSSOM\u00c1TICA; GEOBIOLOGIA ESPIRITUAL;\",\"url\":\"https:\\\/\\\/benditoser.com.br\\\/en\\\/author\\\/paulo\\\/\"}]}<\/script>\n<!-- \/ Yoast SEO plugin. -->","yoast_head_json":{"title":"V\u00edcios Emocionais: Onde a Fuga Come\u00e7a? | Benditoser","description":"Descubra como comportamentos normais (como excesso de trabalho e celular) podem ser v\u00edcios emocionais e fugas de traumas de inf\u00e2ncia. Saiba como curar.","robots":{"index":"index","follow":"follow","max-snippet":"max-snippet:-1","max-image-preview":"max-image-preview:large","max-video-preview":"max-video-preview:-1"},"canonical":"https:\/\/benditoser.com.br\/en\/vicios-emocionais-fuga-infancia\/","og_locale":"en_US","og_type":"article","og_title":"V\u00edcios Emocionais: Onde a Fuga Come\u00e7a? | Benditoser","og_description":"Descubra como comportamentos normais (como excesso de trabalho e celular) podem ser v\u00edcios emocionais e fugas de traumas de inf\u00e2ncia. Saiba como curar.","og_url":"https:\/\/benditoser.com.br\/en\/vicios-emocionais-fuga-infancia\/","og_site_name":"Benditoser","article_publisher":"https:\/\/www.facebook.com\/benditoser.com.br","article_published_time":"2026-07-30T08:51:10+00:00","article_modified_time":"2026-07-30T09:12:01+00:00","og_image":[{"width":1000,"height":528,"url":"https:\/\/benditoser.com.br\/wp-content\/uploads\/2026\/07\/vicio-emocional-crianca-interior.jpg","type":"image\/jpeg"}],"author":"Paulo Vasconcelos","twitter_card":"summary_large_image","twitter_misc":{"Written by":"Paulo Vasconcelos","Est. reading time":"6 minutes"},"schema":{"@context":"https:\/\/schema.org","@graph":[{"@type":"Article","@id":"https:\/\/benditoser.com.br\/vicios-emocionais-fuga-infancia\/#article","isPartOf":{"@id":"https:\/\/benditoser.com.br\/vicios-emocionais-fuga-infancia\/"},"author":{"name":"Paulo Vasconcelos","@id":"https:\/\/benditoser.com.br\/#\/schema\/person\/1b910a9b2b037ddc492a3b2e8dc4adb2"},"headline":"O V\u00edcio Come\u00e7a na Inf\u00e2ncia? Talvez Voc\u00ea Tenha Um e Nem Perceba","datePublished":"2026-07-30T08:51:10+00:00","dateModified":"2026-07-30T09:12:01+00:00","mainEntityOfPage":{"@id":"https:\/\/benditoser.com.br\/vicios-emocionais-fuga-infancia\/"},"wordCount":1143,"commentCount":0,"publisher":{"@id":"https:\/\/benditoser.com.br\/#organization"},"image":{"@id":"https:\/\/benditoser.com.br\/vicios-emocionais-fuga-infancia\/#primaryimage"},"thumbnailUrl":"https:\/\/benditoser.com.br\/wp-content\/uploads\/2026\/07\/vicio-emocional-crianca-interior.jpg","keywords":["Como lidar com o vazio existencial","compuls\u00e3o","Crian\u00e7a interior","fuga emocional","por que n\u00e3o consigo ficar sozinho","sintomas de fuga emocional","traumas de inf\u00e2ncia","V\u00edcios emocionais"],"articleSection":["Despertar de Consci\u00eancia"],"inLanguage":"en-US","potentialAction":[{"@type":"CommentAction","name":"Comment","target":["https:\/\/benditoser.com.br\/vicios-emocionais-fuga-infancia\/#respond"]}]},{"@type":"WebPage","@id":"https:\/\/benditoser.com.br\/vicios-emocionais-fuga-infancia\/","url":"https:\/\/benditoser.com.br\/vicios-emocionais-fuga-infancia\/","name":"V\u00edcios Emocionais: Onde a Fuga Come\u00e7a? | Benditoser","isPartOf":{"@id":"https:\/\/benditoser.com.br\/#website"},"primaryImageOfPage":{"@id":"https:\/\/benditoser.com.br\/vicios-emocionais-fuga-infancia\/#primaryimage"},"image":{"@id":"https:\/\/benditoser.com.br\/vicios-emocionais-fuga-infancia\/#primaryimage"},"thumbnailUrl":"https:\/\/benditoser.com.br\/wp-content\/uploads\/2026\/07\/vicio-emocional-crianca-interior.jpg","datePublished":"2026-07-30T08:51:10+00:00","dateModified":"2026-07-30T09:12:01+00:00","description":"Descubra como comportamentos normais (como excesso de trabalho e celular) podem ser v\u00edcios emocionais e fugas de traumas de inf\u00e2ncia. Saiba como curar.","breadcrumb":{"@id":"https:\/\/benditoser.com.br\/vicios-emocionais-fuga-infancia\/#breadcrumb"},"inLanguage":"en-US","potentialAction":[{"@type":"ReadAction","target":["https:\/\/benditoser.com.br\/vicios-emocionais-fuga-infancia\/"]}]},{"@type":"ImageObject","inLanguage":"en-US","@id":"https:\/\/benditoser.com.br\/vicios-emocionais-fuga-infancia\/#primaryimage","url":"https:\/\/benditoser.com.br\/wp-content\/uploads\/2026\/07\/vicio-emocional-crianca-interior.jpg","contentUrl":"https:\/\/benditoser.com.br\/wp-content\/uploads\/2026\/07\/vicio-emocional-crianca-interior.jpg","width":1000,"height":528},{"@type":"BreadcrumbList","@id":"https:\/\/benditoser.com.br\/vicios-emocionais-fuga-infancia\/#breadcrumb","itemListElement":[{"@type":"ListItem","position":1,"name":"In\u00edcio","item":"https:\/\/benditoser.com.br\/"},{"@type":"ListItem","position":2,"name":"O V\u00edcio Come\u00e7a na Inf\u00e2ncia? Talvez Voc\u00ea Tenha Um e Nem Perceba"}]},{"@type":"WebSite","@id":"https:\/\/benditoser.com.br\/#website","url":"https:\/\/benditoser.com.br\/","name":"Benditoser","description":"Terapias","publisher":{"@id":"https:\/\/benditoser.com.br\/#organization"},"potentialAction":[{"@type":"SearchAction","target":{"@type":"EntryPoint","urlTemplate":"https:\/\/benditoser.com.br\/?s={search_term_string}"},"query-input":{"@type":"PropertyValueSpecification","valueRequired":true,"valueName":"search_term_string"}}],"inLanguage":"en-US"},{"@type":"Organization","@id":"https:\/\/benditoser.com.br\/#organization","name":"Benditoser","url":"https:\/\/benditoser.com.br\/","logo":{"@type":"ImageObject","inLanguage":"en-US","@id":"https:\/\/benditoser.com.br\/#\/schema\/logo\/image\/","url":"https:\/\/benditoser.com.br\/wp-content\/uploads\/2025\/05\/cropped-logo-bendito-ser-site.png","contentUrl":"https:\/\/benditoser.com.br\/wp-content\/uploads\/2025\/05\/cropped-logo-bendito-ser-site.png","width":220,"height":44,"caption":"Benditoser"},"image":{"@id":"https:\/\/benditoser.com.br\/#\/schema\/logo\/image\/"},"sameAs":["https:\/\/www.facebook.com\/benditoser.com.br","https:\/\/www.instagram.com\/benditoser.com.br\/"]},{"@type":"Person","@id":"https:\/\/benditoser.com.br\/#\/schema\/person\/1b910a9b2b037ddc492a3b2e8dc4adb2","name":"Paulo Vasconcelos","image":{"@type":"ImageObject","inLanguage":"en-US","@id":"https:\/\/secure.gravatar.com\/avatar\/34be8b8f301baee1d34ae5e8fc205d12bdfd859131ea8f1ea4a232bd06e2286f?s=96&d=mm&r=g","url":"https:\/\/secure.gravatar.com\/avatar\/34be8b8f301baee1d34ae5e8fc205d12bdfd859131ea8f1ea4a232bd06e2286f?s=96&d=mm&r=g","contentUrl":"https:\/\/secure.gravatar.com\/avatar\/34be8b8f301baee1d34ae5e8fc205d12bdfd859131ea8f1ea4a232bd06e2286f?s=96&d=mm&r=g","caption":"Paulo Vasconcelos"},"description":"Superior em Pr\u00e1ticas Integrativas e Complementares e p\u00f3s-graduando em psican\u00e1lise cl\u00ednica, atuando no universo das terapias hol\u00edsticas e integrativas. GEM, Grupo de Estudos e Trabalho Medi\u00fanico; Apometria \u2013 terapeuta, dirigente de grupo e facilitador; CNV \u2013 Comunica\u00e7\u00e3o N\u00e3o-Violenta; Teologia de Umbanda; Mitologia Afro-brasileira e Psicologia Anal\u00edtica; T\u00c9CNICAS QUE UTILIZO: ODUZ, APRENDIZADOS DO CAMINHO; APOMETRIA; LEITURA DE REGISTROS AK\u00c1SHICOS; C\u00cdRCULO SIST\u00caMICO DA VIDA; RADIESTESIA; REIKI USUI; PSICOSSOM\u00c1TICA; GEOBIOLOGIA ESPIRITUAL;","url":"https:\/\/benditoser.com.br\/en\/author\/paulo\/"}]}},"publishpress_future_action":{"enabled":false,"date":"2026-09-07 21:19:47","action":"change-status","newStatus":"draft","terms":[],"taxonomy":"category","extraData":[]},"publishpress_future_workflow_manual_trigger":{"enabledWorkflows":[]},"_links":{"self":[{"href":"https:\/\/benditoser.com.br\/en\/wp-json\/wp\/v2\/posts\/15059","targetHints":{"allow":["GET"]}}],"collection":[{"href":"https:\/\/benditoser.com.br\/en\/wp-json\/wp\/v2\/posts"}],"about":[{"href":"https:\/\/benditoser.com.br\/en\/wp-json\/wp\/v2\/types\/post"}],"author":[{"embeddable":true,"href":"https:\/\/benditoser.com.br\/en\/wp-json\/wp\/v2\/users\/2"}],"replies":[{"embeddable":true,"href":"https:\/\/benditoser.com.br\/en\/wp-json\/wp\/v2\/comments?post=15059"}],"version-history":[{"count":4,"href":"https:\/\/benditoser.com.br\/en\/wp-json\/wp\/v2\/posts\/15059\/revisions"}],"predecessor-version":[{"id":15061,"href":"https:\/\/benditoser.com.br\/en\/wp-json\/wp\/v2\/posts\/15059\/revisions\/15061"}],"wp:featuredmedia":[{"embeddable":true,"href":"https:\/\/benditoser.com.br\/en\/wp-json\/wp\/v2\/media\/15064"}],"wp:attachment":[{"href":"https:\/\/benditoser.com.br\/en\/wp-json\/wp\/v2\/media?parent=15059"}],"wp:term":[{"taxonomy":"category","embeddable":true,"href":"https:\/\/benditoser.com.br\/en\/wp-json\/wp\/v2\/categories?post=15059"},{"taxonomy":"post_tag","embeddable":true,"href":"https:\/\/benditoser.com.br\/en\/wp-json\/wp\/v2\/tags?post=15059"}],"curies":[{"name":"wp","href":"https:\/\/api.w.org\/{rel}","templated":true}]}}