{"id":15066,"date":"2026-08-26T17:18:37","date_gmt":"2026-08-26T20:18:37","guid":{"rendered":"https:\/\/benditoser.com.br\/?p=15066"},"modified":"2026-08-26T22:16:57","modified_gmt":"2026-08-27T01:16:57","slug":"sindrome-do-filho-bom-exaustao-familiar","status":"publish","type":"post","link":"https:\/\/benditoser.com.br\/en\/sindrome-do-filho-bom-exaustao-familiar\/","title":{"rendered":"S\u00edndrome do Filho Bom: Como Parar de Carregar o Peso da Fam\u00edlia"},"content":{"rendered":"<div id=\"model-response-message-contentr_f9e191be19524960\" class=\"markdown markdown-main-panel md-content enable-luminous-fast-follows enable-updated-hr-color stronger\" dir=\"ltr\" aria-busy=\"false\" aria-live=\"polite\">\n<div>\n<p>Voc\u00ea sofre da S\u00edndrome do Filho Bom? Entenda como a exaust\u00e3o emocional surge ao tentar salvar a todos e aprenda 3 passos da psicologia para se libertar.<\/p>\n<\/div>\n<div><\/div>\n<blockquote data-path-to-node=\"3\">\n<div>\n<p>&#8220;A coisa mais aterrorizante \u00e9 aceitar-se completamente.&#8221; \u2013 Carl Jung<\/p>\n<\/div>\n<\/blockquote>\n<div>\n<p>Lembre-se da inf\u00e2ncia por um instante. Voc\u00ea consegue se recordar do ardor na garganta ao segurar um choro apenas para n\u00e3o causar inc\u00f4modo aos adultos na sala? Do sorriso for\u00e7ado servido no jantar enquanto o peito desabava em um desespero mudo?<\/p>\n<\/div>\n<div>A chamada <b data-path-to-node=\"5\" data-index-in-node=\"10\">S\u00edndrome do Filho Bom<\/b> n\u00e3o nasce de uma virtude inata ou de uma alma evolu\u00edda desde o ber\u00e7o. Ela nasce de um profundo instinto de sobreviv\u00eancia emocional. \u00c9 o peso esmagador de <a href=\"https:\/\/benditoser.com.br\/en\/peso-da-felicidade-culpa-sucesso\/\">tentar salvar a fam\u00edlia<\/a>, tapando as fraturas do lar e usando a pr\u00f3pria inoc\u00eancia como argamassa.<\/div>\n<div>\n<p>Para entender como essa bondade extrema acaba se consolidando em um trauma silencioso na vida adulta, precisamos olhar para as nossas ra\u00edzes atrav\u00e9s da lente da psicologia.<\/p>\n<\/div>\n<h2 data-path-to-node=\"7\">A Cria\u00e7\u00e3o do Falso Self e a Armadura de Conveni\u00eancia<\/h2>\n<div>Imagine uma crian\u00e7a dotada de um radar afetivo extremamente sens\u00edvel. Ela percebe a tens\u00e3o na casa \u2014 as brigas, a frieza, a frustra\u00e7\u00e3o dos pais \u2014 muito antes de conseguir formular frases para descrever o mundo. Para evitar ser mais um fardo em um ambiente prestes a desmoronar, ocorre uma adapta\u00e7\u00e3o silenciosa.<\/div>\n<div>\n<p>Decidimos encolher a nossa presen\u00e7a. Transformamo-nos na pilastra silenciosa da casa: a crian\u00e7a que n\u00e3o reclama, n\u00e3o faz birra e nunca d\u00e1 trabalho.<\/p>\n<\/div>\n<ul data-path-to-node=\"10\">\n<li>\n<div><b data-path-to-node=\"10,0,0\" data-index-in-node=\"0\">Na vis\u00e3o de Carl Jung<\/b>, criamos uma <b data-path-to-node=\"10,0,0\" data-index-in-node=\"35\">Persona<\/b>: um rosto pr\u00e9-fabricado e uma armadura de conveni\u00eancia para pacificar nossos familiares. O problema \u00e9 que essa m\u00e1scara acaba se fundindo aos nossos ossos.<\/div>\n<\/li>\n<li>\n<div>\n<p><b data-path-to-node=\"10,1,0\" data-index-in-node=\"0\">Para o psicanalista Winnicott<\/b>, criamos um <b data-path-to-node=\"10,1,0\" data-index-in-node=\"49\">Falso Self<\/b> para esconder e proteger o nosso &#8220;eu&#8221; verdadeiro de um ambiente que n\u00e3o conseguia acolher nossas vulnerabilidades.<\/p>\n<\/div>\n<\/li>\n<\/ul>\n<div>\n<p>O aspecto mais cruel desse cen\u00e1rio \u00e9 o aplauso sonoro que vem de fora. Frases como <i data-path-to-node=\"11\" data-index-in-node=\"83\">&#8220;veja como ele \u00e9 maduro&#8221;<\/i> ou <i data-path-to-node=\"11\" data-index-in-node=\"111\">&#8220;ela \u00e9 a princesinha que resolve tudo&#8221;<\/i> atuam como correntes. Elas nos convencem de que o carinho s\u00f3 \u00e9 concedido \u00e0queles que se mostram infinitamente \u00fateis.<\/p>\n<\/div>\n<h2 data-path-to-node=\"12\">O Luto de um Amor Condicionado<\/h2>\n<div>Chegamos \u00e0 fase adulta<a href=\"https:\/\/benditoser.com.br\/en\/produtiva-mas-cansada-emocionalmente\/\"> arrastando uma estafa absurda para o trabalho<\/a>, para os <a href=\"https:\/\/benditoser.com.br\/en\/como-ter-relacionamentos-saudaveis\/\">relacionamentos<\/a> e para as amizades. Somos como uma bateria viciada que j\u00e1 n\u00e3o recarrega a pr\u00f3pria energia, pois continua enviando carga para aparelhos antigos.<\/div>\n<div>Essa fadiga pesada n\u00e3o vem da falta de sono f\u00edsico. Ela nasce do esfor\u00e7o descomunal de atuar em uma pe\u00e7a de teatro que nunca tem intervalo.<\/div>\n<div>\n<p>A ficha cai com um estrondo na alma quando percebemos a verdade mais inc\u00f4moda de todas: <b data-path-to-node=\"15\" data-index-in-node=\"88\">fomos amados pela nossa conveni\u00eancia e utilidade, e n\u00e3o pela nossa ess\u00eancia livre.<\/b> N\u00f3s \u00e9ramos apenas o analg\u00e9sico da fam\u00edlia. Aceitar essa &#8220;orfandade emocional&#8221; d\u00f3i, mas \u00e9 no centro dessa ferida que a cicatriza\u00e7\u00e3o come\u00e7a.<\/p>\n<\/div>\n<h2 data-path-to-node=\"17\">Os 3 Passos para a Liberta\u00e7\u00e3o<\/h2>\n<div>\n<p>Como deixamos de ser o eterno amortecedor dos problemas alheios e resgatamos a nossa verdadeira identidade? A psicologia profunda nos prop\u00f5e tr\u00eas movimentos internos fundamentais:<\/p>\n<\/div>\n<ol start=\"1\" data-path-to-node=\"19\">\n<li>\n<div><b data-path-to-node=\"19,0,0\" data-index-in-node=\"0\">A Pr\u00e1tica da Decep\u00e7\u00e3o Consciente:<\/b><\/div>\n<div>Precisamos entender que desapontar a expectativa irreal que nossos criadores colocaram sobre n\u00f3s n\u00e3o \u00e9 uma falha moral. Suportar a cara feia no almo\u00e7o de domingo sem tentar &#8220;consertar o clima&#8221; \u00e9 a sua primeira grande vit\u00f3ria. O seu instinto come\u00e7a a despertar quando voc\u00ea aceita o desconforto de ser chamado de &#8220;ego\u00edsta&#8221; por aqueles que se acostumaram com a sua servid\u00e3o.<\/div>\n<\/li>\n<li>\n<div><b data-path-to-node=\"19,1,0\" data-index-in-node=\"0\">O Luto da D\u00edvida Infinita:<\/b><\/div>\n<div>\u00c9 hora de renunciar ao papel de terapeuta familiar. Crescemos com a ilus\u00e3o de que, se f\u00f4ssemos perfeitos, curar\u00edamos as dores dos nossos pais. Cortar esse cord\u00e3o umbilical invis\u00edvel significa devolver o peso para quem realmente deve carreg\u00e1-lo. Voc\u00ea n\u00e3o tem o poder m\u00e1gico (nem a responsabilidade) de consertar a amargura alheia.<\/div>\n<\/li>\n<li>\n<div><b data-path-to-node=\"19,2,0\" data-index-in-node=\"0\">A Reintegra\u00e7\u00e3o da Sombra:<br \/>\n<\/b>Lembra do por\u00e3o mental onde voc\u00ea trancou todas as suas respostas atravessadas, limites n\u00e3o impostos e necessidades de afeto? \u00c9 hora de abrir a porta. Acolha a raiva fervente que voc\u00ea engoliu por d\u00e9cadas. Permitir que seu &#8220;eu aut\u00eantico&#8221; respire significa aceitar a imperfei\u00e7\u00e3o e a indisponibilidade.<\/div>\n<\/li>\n<\/ol>\n<h2 data-path-to-node=\"20\">Torna-te Aquilo Que \u00c9s<\/h2>\n<blockquote data-path-to-node=\"21\">\n<div>&#8220;At\u00e9 voc\u00ea se tornar consciente, o inconsciente ir\u00e1 dirigir sua vida e voc\u00ea vai cham\u00e1-lo de destino.&#8221; \u2013 Carl Jung<\/div>\n<\/blockquote>\n<div>\n<p>Durante a maior parte da sua jornada, voc\u00ea foi como uma viga provis\u00f3ria esquecida no centro de uma casa em obras, segurando um teto que amea\u00e7ava ruir, acreditando que essa era a sua \u00fanica finalidade.<\/p>\n<\/div>\n<div>\n<p>Mas voc\u00ea n\u00e3o nasceu para ser um pilar r\u00edgido nas ru\u00ednas emocionais dos outros. Voc\u00ea nasceu para ser uma \u00e1rvore frondosa crescendo com liberdade em dire\u00e7\u00e3o ao sol.<\/p>\n<\/div>\n<div>\n<p>Demolir essa velha din\u00e2mica assusta. A culpa vai visitar voc\u00ea. Mas solte a bagagem que n\u00e3o lhe pertence. O ch\u00e3o n\u00e3o vai se abrir se voc\u00ea, por um breve instante, simplesmente decidir descansar. O seu cuidado extremo, depois de tanto tempo curando o mundo l\u00e1 fora, finalmente encontrou o seu \u00fanico destino justo: o seu pr\u00f3prio peito.<\/p>\n<\/div>\n<div><b data-path-to-node=\"26\" data-index-in-node=\"0\">E voc\u00ea?<\/b> Em que momento da sua vida voc\u00ea percebeu que carregava um peso que n\u00e3o era seu? Compartilhe sua experi\u00eancia nos coment\u00e1rios abaixo e envie este texto para algu\u00e9m que tamb\u00e9m precisa ler isso hoje. Juntos, no <i data-path-to-node=\"26\" data-index-in-node=\"215\">Bendito Ser<\/i>, caminhamos rumo \u00e0 liberdade real.<\/p>\n<\/div>\n<div>\n<h2 data-path-to-node=\"2\">Perguntas Frequentes sobre a S\u00edndrome do Filho Bom<\/h2>\n<p data-path-to-node=\"3\"><b data-path-to-node=\"3\" data-index-in-node=\"0\">1. A &#8220;S\u00edndrome do Filho Bom&#8221; \u00e9 um diagn\u00f3stico psicol\u00f3gico oficial?<\/b> N\u00e3o. Ela n\u00e3o \u00e9 uma doen\u00e7a ou transtorno listado em manuais psiqui\u00e1tricos, mas sim um padr\u00e3o de comportamento e uma din\u00e2mica de sobreviv\u00eancia emocional. Na psicologia profunda, explicamos esse mecanismo atrav\u00e9s de conceitos como a <b data-path-to-node=\"3\" data-index-in-node=\"297\">Persona<\/b> (Carl Jung) ou o <b data-path-to-node=\"3\" data-index-in-node=\"322\">Falso Self<\/b> (Winnicott), que representam as armaduras criadas ainda na inf\u00e2ncia para garantir pertencimento familiar e evitar rejei\u00e7\u00e3o.<\/p>\n<p data-path-to-node=\"4\"><b data-path-to-node=\"4\" data-index-in-node=\"0\">2. Quais s\u00e3o os principais sinais de que eu carrego esse padr\u00e3o na vida adulta?<\/b> O sinal mais claro \u00e9 uma exaust\u00e3o emocional cr\u00f4nica que nenhum descanso f\u00edsico \u00e9 capaz de curar. Outros ind\u00edcios fortes incluem: dificuldade extrema de dizer &#8220;n\u00e3o&#8221;, sentir-se constantemente respons\u00e1vel por apaziguar o humor e as brigas das pessoas ao seu redor, e a cren\u00e7a silenciosa de que voc\u00ea s\u00f3 ser\u00e1 amado e valorizado se for \u00fatil.<\/p>\n<p data-path-to-node=\"5\"><b data-path-to-node=\"5\" data-index-in-node=\"0\">3. Impor limites e parar de tentar salvar minha fam\u00edlia significa que sou uma pessoa ego\u00edsta?<\/b> N\u00e3o, embora seja absolutamente normal sentir muita culpa no in\u00edcio do processo. O sentimento de que voc\u00ea \u00e9 um &#8220;filho ruim&#8221; por n\u00e3o estar sempre dispon\u00edvel \u00e9 apenas a quebra de uma expectativa irreal que colocaram sobre os seus ombros. Impor limites n\u00e3o \u00e9 falta de amor ou ingratid\u00e3o; \u00e9 o reconhecimento de que voc\u00ea n\u00e3o tem o poder (nem a obriga\u00e7\u00e3o) de consertar as dores de outros adultos.<\/p>\n<\/div>\n<\/div>","protected":false},"excerpt":{"rendered":"<p>Voc\u00ea sofre da S\u00edndrome do Filho Bom? Entenda como a exaust\u00e3o emocional surge ao tentar salvar a todos e aprenda 3 passos da psicologia para se libertar. &#8220;A coisa mais aterrorizante \u00e9 aceitar-se completamente.&#8221; \u2013 Carl Jung Lembre-se da inf\u00e2ncia por um instante. Voc\u00ea consegue [&hellip;]<\/p>\n","protected":false},"author":2,"featured_media":15075,"comment_status":"open","ping_status":"open","sticky":false,"template":"","format":"standard","meta":{"om_disable_all_campaigns":false,"_monsterinsights_skip_tracking":false,"_uf_show_specific_survey":0,"_uf_disable_surveys":false,"footnotes":""},"categories":[234,262,275,221],"tags":[339,338,337,292,340,336],"class_list":["post-15066","post","type-post","status-publish","format-standard","has-post-thumbnail","hentry","category-despertar-de-consciencia","category-psicologia-analitica","category-transgeracional","category-tratamento-familiar","tag-carl-jung-psicologia","tag-exaustao-emocional","tag-falso-self","tag-necessidade-de-agradar","tag-sobrecarga-emocional","tag-trauma-familiar"],"yoast_head":"<!-- This site is optimized with the Yoast SEO plugin v28.3 - https:\/\/yoast.com\/product\/yoast-seo-wordpress\/ -->\n<title>S\u00edndrome do Filho Bom: Como Parar de Carregar o Peso da Fam\u00edlia - Benditoser<\/title>\n<meta name=\"description\" content=\"Voc\u00ea sofre da S\u00edndrome do Filho Bom? Entenda como a exaust\u00e3o emocional surge ao tentar salvar a todos e aprenda 3 passos da psicologia para se libertar.\" \/>\n<meta name=\"robots\" content=\"index, follow, max-snippet:-1, max-image-preview:large, max-video-preview:-1\" \/>\n<link rel=\"canonical\" href=\"https:\/\/benditoser.com.br\/en\/sindrome-do-filho-bom-exaustao-familiar\/\" \/>\n<meta property=\"og:locale\" content=\"en_US\" \/>\n<meta property=\"og:type\" content=\"article\" \/>\n<meta property=\"og:title\" content=\"S\u00edndrome do Filho Bom: Como Parar de Carregar o Peso da Fam\u00edlia - Benditoser\" \/>\n<meta property=\"og:description\" content=\"Voc\u00ea sofre da S\u00edndrome do Filho Bom? Entenda como a exaust\u00e3o emocional surge ao tentar salvar a todos e aprenda 3 passos da psicologia para se libertar.\" \/>\n<meta property=\"og:url\" content=\"https:\/\/benditoser.com.br\/en\/sindrome-do-filho-bom-exaustao-familiar\/\" \/>\n<meta property=\"og:site_name\" content=\"Benditoser\" \/>\n<meta property=\"article:publisher\" content=\"https:\/\/www.facebook.com\/benditoser.com.br\" \/>\n<meta property=\"article:published_time\" content=\"2026-08-26T20:18:37+00:00\" \/>\n<meta property=\"article:modified_time\" content=\"2026-08-27T01:16:57+00:00\" \/>\n<meta property=\"og:image\" content=\"https:\/\/benditoser.com.br\/wp-content\/uploads\/2026\/08\/sindrome-do-filho-bom-exaustao-familiar-blog-benditoser.jpg\" \/>\n\t<meta property=\"og:image:width\" content=\"811\" \/>\n\t<meta property=\"og:image:height\" content=\"442\" \/>\n\t<meta property=\"og:image:type\" content=\"image\/jpeg\" \/>\n<meta name=\"author\" content=\"Paulo Vasconcelos\" \/>\n<meta name=\"twitter:card\" content=\"summary_large_image\" \/>\n<meta name=\"twitter:label1\" content=\"Written by\" \/>\n\t<meta name=\"twitter:data1\" content=\"Paulo Vasconcelos\" \/>\n\t<meta name=\"twitter:label2\" content=\"Est. reading time\" \/>\n\t<meta name=\"twitter:data2\" content=\"7 minutes\" \/>\n<script type=\"application\/ld+json\" class=\"yoast-schema-graph\">{\"@context\":\"https:\\\/\\\/schema.org\",\"@graph\":[{\"@type\":\"Article\",\"@id\":\"https:\\\/\\\/benditoser.com.br\\\/sindrome-do-filho-bom-exaustao-familiar\\\/#article\",\"isPartOf\":{\"@id\":\"https:\\\/\\\/benditoser.com.br\\\/sindrome-do-filho-bom-exaustao-familiar\\\/\"},\"author\":{\"name\":\"Paulo Vasconcelos\",\"@id\":\"https:\\\/\\\/benditoser.com.br\\\/#\\\/schema\\\/person\\\/1b910a9b2b037ddc492a3b2e8dc4adb2\"},\"headline\":\"S\u00edndrome do Filho Bom: Como Parar de Carregar o Peso da Fam\u00edlia\",\"datePublished\":\"2026-08-26T20:18:37+00:00\",\"dateModified\":\"2026-08-27T01:16:57+00:00\",\"mainEntityOfPage\":{\"@id\":\"https:\\\/\\\/benditoser.com.br\\\/sindrome-do-filho-bom-exaustao-familiar\\\/\"},\"wordCount\":1202,\"commentCount\":0,\"publisher\":{\"@id\":\"https:\\\/\\\/benditoser.com.br\\\/#organization\"},\"image\":{\"@id\":\"https:\\\/\\\/benditoser.com.br\\\/sindrome-do-filho-bom-exaustao-familiar\\\/#primaryimage\"},\"thumbnailUrl\":\"https:\\\/\\\/benditoser.com.br\\\/wp-content\\\/uploads\\\/2026\\\/08\\\/sindrome-do-filho-bom-exaustao-familiar-blog-benditoser.jpg\",\"keywords\":[\"Carl Jung psicologia\",\"exaust\u00e3o emocional\",\"falso self\",\"necessidade de agradar\",\"sobrecarga emocional\",\"Trauma familiar\"],\"articleSection\":[\"Despertar de Consci\u00eancia\",\"Psicologia Anal\u00edtica\",\"Transgeracional\",\"Tratamento Familiar\"],\"inLanguage\":\"en-US\",\"potentialAction\":[{\"@type\":\"CommentAction\",\"name\":\"Comment\",\"target\":[\"https:\\\/\\\/benditoser.com.br\\\/sindrome-do-filho-bom-exaustao-familiar\\\/#respond\"]}]},{\"@type\":\"WebPage\",\"@id\":\"https:\\\/\\\/benditoser.com.br\\\/sindrome-do-filho-bom-exaustao-familiar\\\/\",\"url\":\"https:\\\/\\\/benditoser.com.br\\\/sindrome-do-filho-bom-exaustao-familiar\\\/\",\"name\":\"S\u00edndrome do Filho Bom: Como Parar de Carregar o Peso da Fam\u00edlia - Benditoser\",\"isPartOf\":{\"@id\":\"https:\\\/\\\/benditoser.com.br\\\/#website\"},\"primaryImageOfPage\":{\"@id\":\"https:\\\/\\\/benditoser.com.br\\\/sindrome-do-filho-bom-exaustao-familiar\\\/#primaryimage\"},\"image\":{\"@id\":\"https:\\\/\\\/benditoser.com.br\\\/sindrome-do-filho-bom-exaustao-familiar\\\/#primaryimage\"},\"thumbnailUrl\":\"https:\\\/\\\/benditoser.com.br\\\/wp-content\\\/uploads\\\/2026\\\/08\\\/sindrome-do-filho-bom-exaustao-familiar-blog-benditoser.jpg\",\"datePublished\":\"2026-08-26T20:18:37+00:00\",\"dateModified\":\"2026-08-27T01:16:57+00:00\",\"description\":\"Voc\u00ea sofre da S\u00edndrome do Filho Bom? Entenda como a exaust\u00e3o emocional surge ao tentar salvar a todos e aprenda 3 passos da psicologia para se libertar.\",\"breadcrumb\":{\"@id\":\"https:\\\/\\\/benditoser.com.br\\\/sindrome-do-filho-bom-exaustao-familiar\\\/#breadcrumb\"},\"inLanguage\":\"en-US\",\"potentialAction\":[{\"@type\":\"ReadAction\",\"target\":[\"https:\\\/\\\/benditoser.com.br\\\/sindrome-do-filho-bom-exaustao-familiar\\\/\"]}]},{\"@type\":\"ImageObject\",\"inLanguage\":\"en-US\",\"@id\":\"https:\\\/\\\/benditoser.com.br\\\/sindrome-do-filho-bom-exaustao-familiar\\\/#primaryimage\",\"url\":\"https:\\\/\\\/benditoser.com.br\\\/wp-content\\\/uploads\\\/2026\\\/08\\\/sindrome-do-filho-bom-exaustao-familiar-blog-benditoser.jpg\",\"contentUrl\":\"https:\\\/\\\/benditoser.com.br\\\/wp-content\\\/uploads\\\/2026\\\/08\\\/sindrome-do-filho-bom-exaustao-familiar-blog-benditoser.jpg\",\"width\":811,\"height\":442},{\"@type\":\"BreadcrumbList\",\"@id\":\"https:\\\/\\\/benditoser.com.br\\\/sindrome-do-filho-bom-exaustao-familiar\\\/#breadcrumb\",\"itemListElement\":[{\"@type\":\"ListItem\",\"position\":1,\"name\":\"In\u00edcio\",\"item\":\"https:\\\/\\\/benditoser.com.br\\\/\"},{\"@type\":\"ListItem\",\"position\":2,\"name\":\"S\u00edndrome do Filho Bom: Como Parar de Carregar o Peso da Fam\u00edlia\"}]},{\"@type\":\"WebSite\",\"@id\":\"https:\\\/\\\/benditoser.com.br\\\/#website\",\"url\":\"https:\\\/\\\/benditoser.com.br\\\/\",\"name\":\"Benditoser\",\"description\":\"Terapias\",\"publisher\":{\"@id\":\"https:\\\/\\\/benditoser.com.br\\\/#organization\"},\"potentialAction\":[{\"@type\":\"SearchAction\",\"target\":{\"@type\":\"EntryPoint\",\"urlTemplate\":\"https:\\\/\\\/benditoser.com.br\\\/?s={search_term_string}\"},\"query-input\":{\"@type\":\"PropertyValueSpecification\",\"valueRequired\":true,\"valueName\":\"search_term_string\"}}],\"inLanguage\":\"en-US\"},{\"@type\":\"Organization\",\"@id\":\"https:\\\/\\\/benditoser.com.br\\\/#organization\",\"name\":\"Benditoser\",\"url\":\"https:\\\/\\\/benditoser.com.br\\\/\",\"logo\":{\"@type\":\"ImageObject\",\"inLanguage\":\"en-US\",\"@id\":\"https:\\\/\\\/benditoser.com.br\\\/#\\\/schema\\\/logo\\\/image\\\/\",\"url\":\"https:\\\/\\\/benditoser.com.br\\\/wp-content\\\/uploads\\\/2025\\\/05\\\/cropped-logo-bendito-ser-site.png\",\"contentUrl\":\"https:\\\/\\\/benditoser.com.br\\\/wp-content\\\/uploads\\\/2025\\\/05\\\/cropped-logo-bendito-ser-site.png\",\"width\":220,\"height\":44,\"caption\":\"Benditoser\"},\"image\":{\"@id\":\"https:\\\/\\\/benditoser.com.br\\\/#\\\/schema\\\/logo\\\/image\\\/\"},\"sameAs\":[\"https:\\\/\\\/www.facebook.com\\\/benditoser.com.br\",\"https:\\\/\\\/www.instagram.com\\\/benditoser.com.br\\\/\"]},{\"@type\":\"Person\",\"@id\":\"https:\\\/\\\/benditoser.com.br\\\/#\\\/schema\\\/person\\\/1b910a9b2b037ddc492a3b2e8dc4adb2\",\"name\":\"Paulo Vasconcelos\",\"image\":{\"@type\":\"ImageObject\",\"inLanguage\":\"en-US\",\"@id\":\"https:\\\/\\\/secure.gravatar.com\\\/avatar\\\/34be8b8f301baee1d34ae5e8fc205d12bdfd859131ea8f1ea4a232bd06e2286f?s=96&d=mm&r=g\",\"url\":\"https:\\\/\\\/secure.gravatar.com\\\/avatar\\\/34be8b8f301baee1d34ae5e8fc205d12bdfd859131ea8f1ea4a232bd06e2286f?s=96&d=mm&r=g\",\"contentUrl\":\"https:\\\/\\\/secure.gravatar.com\\\/avatar\\\/34be8b8f301baee1d34ae5e8fc205d12bdfd859131ea8f1ea4a232bd06e2286f?s=96&d=mm&r=g\",\"caption\":\"Paulo Vasconcelos\"},\"description\":\"Superior em Pr\u00e1ticas Integrativas e Complementares e p\u00f3s-graduando em psican\u00e1lise cl\u00ednica, atuando no universo das terapias hol\u00edsticas e integrativas. GEM, Grupo de Estudos e Trabalho Medi\u00fanico; Apometria \u2013 terapeuta, dirigente de grupo e facilitador; CNV \u2013 Comunica\u00e7\u00e3o N\u00e3o-Violenta; Teologia de Umbanda; Mitologia Afro-brasileira e Psicologia Anal\u00edtica; T\u00c9CNICAS QUE UTILIZO: ODUZ, APRENDIZADOS DO CAMINHO; APOMETRIA; LEITURA DE REGISTROS AK\u00c1SHICOS; C\u00cdRCULO SIST\u00caMICO DA VIDA; RADIESTESIA; REIKI USUI; PSICOSSOM\u00c1TICA; GEOBIOLOGIA ESPIRITUAL;\",\"url\":\"https:\\\/\\\/benditoser.com.br\\\/en\\\/author\\\/paulo\\\/\"}]}<\/script>\n<!-- \/ Yoast SEO plugin. -->","yoast_head_json":{"title":"S\u00edndrome do Filho Bom: Como Parar de Carregar o Peso da Fam\u00edlia - Benditoser","description":"Voc\u00ea sofre da S\u00edndrome do Filho Bom? Entenda como a exaust\u00e3o emocional surge ao tentar salvar a todos e aprenda 3 passos da psicologia para se libertar.","robots":{"index":"index","follow":"follow","max-snippet":"max-snippet:-1","max-image-preview":"max-image-preview:large","max-video-preview":"max-video-preview:-1"},"canonical":"https:\/\/benditoser.com.br\/en\/sindrome-do-filho-bom-exaustao-familiar\/","og_locale":"en_US","og_type":"article","og_title":"S\u00edndrome do Filho Bom: Como Parar de Carregar o Peso da Fam\u00edlia - Benditoser","og_description":"Voc\u00ea sofre da S\u00edndrome do Filho Bom? Entenda como a exaust\u00e3o emocional surge ao tentar salvar a todos e aprenda 3 passos da psicologia para se libertar.","og_url":"https:\/\/benditoser.com.br\/en\/sindrome-do-filho-bom-exaustao-familiar\/","og_site_name":"Benditoser","article_publisher":"https:\/\/www.facebook.com\/benditoser.com.br","article_published_time":"2026-08-26T20:18:37+00:00","article_modified_time":"2026-08-27T01:16:57+00:00","og_image":[{"width":811,"height":442,"url":"https:\/\/benditoser.com.br\/wp-content\/uploads\/2026\/08\/sindrome-do-filho-bom-exaustao-familiar-blog-benditoser.jpg","type":"image\/jpeg"}],"author":"Paulo Vasconcelos","twitter_card":"summary_large_image","twitter_misc":{"Written by":"Paulo Vasconcelos","Est. reading time":"7 minutes"},"schema":{"@context":"https:\/\/schema.org","@graph":[{"@type":"Article","@id":"https:\/\/benditoser.com.br\/sindrome-do-filho-bom-exaustao-familiar\/#article","isPartOf":{"@id":"https:\/\/benditoser.com.br\/sindrome-do-filho-bom-exaustao-familiar\/"},"author":{"name":"Paulo Vasconcelos","@id":"https:\/\/benditoser.com.br\/#\/schema\/person\/1b910a9b2b037ddc492a3b2e8dc4adb2"},"headline":"S\u00edndrome do Filho Bom: Como Parar de Carregar o Peso da Fam\u00edlia","datePublished":"2026-08-26T20:18:37+00:00","dateModified":"2026-08-27T01:16:57+00:00","mainEntityOfPage":{"@id":"https:\/\/benditoser.com.br\/sindrome-do-filho-bom-exaustao-familiar\/"},"wordCount":1202,"commentCount":0,"publisher":{"@id":"https:\/\/benditoser.com.br\/#organization"},"image":{"@id":"https:\/\/benditoser.com.br\/sindrome-do-filho-bom-exaustao-familiar\/#primaryimage"},"thumbnailUrl":"https:\/\/benditoser.com.br\/wp-content\/uploads\/2026\/08\/sindrome-do-filho-bom-exaustao-familiar-blog-benditoser.jpg","keywords":["Carl Jung psicologia","exaust\u00e3o emocional","falso self","necessidade de agradar","sobrecarga emocional","Trauma familiar"],"articleSection":["Despertar de Consci\u00eancia","Psicologia Anal\u00edtica","Transgeracional","Tratamento Familiar"],"inLanguage":"en-US","potentialAction":[{"@type":"CommentAction","name":"Comment","target":["https:\/\/benditoser.com.br\/sindrome-do-filho-bom-exaustao-familiar\/#respond"]}]},{"@type":"WebPage","@id":"https:\/\/benditoser.com.br\/sindrome-do-filho-bom-exaustao-familiar\/","url":"https:\/\/benditoser.com.br\/sindrome-do-filho-bom-exaustao-familiar\/","name":"S\u00edndrome do Filho Bom: Como Parar de Carregar o Peso da Fam\u00edlia - Benditoser","isPartOf":{"@id":"https:\/\/benditoser.com.br\/#website"},"primaryImageOfPage":{"@id":"https:\/\/benditoser.com.br\/sindrome-do-filho-bom-exaustao-familiar\/#primaryimage"},"image":{"@id":"https:\/\/benditoser.com.br\/sindrome-do-filho-bom-exaustao-familiar\/#primaryimage"},"thumbnailUrl":"https:\/\/benditoser.com.br\/wp-content\/uploads\/2026\/08\/sindrome-do-filho-bom-exaustao-familiar-blog-benditoser.jpg","datePublished":"2026-08-26T20:18:37+00:00","dateModified":"2026-08-27T01:16:57+00:00","description":"Voc\u00ea sofre da S\u00edndrome do Filho Bom? Entenda como a exaust\u00e3o emocional surge ao tentar salvar a todos e aprenda 3 passos da psicologia para se libertar.","breadcrumb":{"@id":"https:\/\/benditoser.com.br\/sindrome-do-filho-bom-exaustao-familiar\/#breadcrumb"},"inLanguage":"en-US","potentialAction":[{"@type":"ReadAction","target":["https:\/\/benditoser.com.br\/sindrome-do-filho-bom-exaustao-familiar\/"]}]},{"@type":"ImageObject","inLanguage":"en-US","@id":"https:\/\/benditoser.com.br\/sindrome-do-filho-bom-exaustao-familiar\/#primaryimage","url":"https:\/\/benditoser.com.br\/wp-content\/uploads\/2026\/08\/sindrome-do-filho-bom-exaustao-familiar-blog-benditoser.jpg","contentUrl":"https:\/\/benditoser.com.br\/wp-content\/uploads\/2026\/08\/sindrome-do-filho-bom-exaustao-familiar-blog-benditoser.jpg","width":811,"height":442},{"@type":"BreadcrumbList","@id":"https:\/\/benditoser.com.br\/sindrome-do-filho-bom-exaustao-familiar\/#breadcrumb","itemListElement":[{"@type":"ListItem","position":1,"name":"In\u00edcio","item":"https:\/\/benditoser.com.br\/"},{"@type":"ListItem","position":2,"name":"S\u00edndrome do Filho Bom: Como Parar de Carregar o Peso da Fam\u00edlia"}]},{"@type":"WebSite","@id":"https:\/\/benditoser.com.br\/#website","url":"https:\/\/benditoser.com.br\/","name":"Benditoser","description":"Terapias","publisher":{"@id":"https:\/\/benditoser.com.br\/#organization"},"potentialAction":[{"@type":"SearchAction","target":{"@type":"EntryPoint","urlTemplate":"https:\/\/benditoser.com.br\/?s={search_term_string}"},"query-input":{"@type":"PropertyValueSpecification","valueRequired":true,"valueName":"search_term_string"}}],"inLanguage":"en-US"},{"@type":"Organization","@id":"https:\/\/benditoser.com.br\/#organization","name":"Benditoser","url":"https:\/\/benditoser.com.br\/","logo":{"@type":"ImageObject","inLanguage":"en-US","@id":"https:\/\/benditoser.com.br\/#\/schema\/logo\/image\/","url":"https:\/\/benditoser.com.br\/wp-content\/uploads\/2025\/05\/cropped-logo-bendito-ser-site.png","contentUrl":"https:\/\/benditoser.com.br\/wp-content\/uploads\/2025\/05\/cropped-logo-bendito-ser-site.png","width":220,"height":44,"caption":"Benditoser"},"image":{"@id":"https:\/\/benditoser.com.br\/#\/schema\/logo\/image\/"},"sameAs":["https:\/\/www.facebook.com\/benditoser.com.br","https:\/\/www.instagram.com\/benditoser.com.br\/"]},{"@type":"Person","@id":"https:\/\/benditoser.com.br\/#\/schema\/person\/1b910a9b2b037ddc492a3b2e8dc4adb2","name":"Paulo Vasconcelos","image":{"@type":"ImageObject","inLanguage":"en-US","@id":"https:\/\/secure.gravatar.com\/avatar\/34be8b8f301baee1d34ae5e8fc205d12bdfd859131ea8f1ea4a232bd06e2286f?s=96&d=mm&r=g","url":"https:\/\/secure.gravatar.com\/avatar\/34be8b8f301baee1d34ae5e8fc205d12bdfd859131ea8f1ea4a232bd06e2286f?s=96&d=mm&r=g","contentUrl":"https:\/\/secure.gravatar.com\/avatar\/34be8b8f301baee1d34ae5e8fc205d12bdfd859131ea8f1ea4a232bd06e2286f?s=96&d=mm&r=g","caption":"Paulo Vasconcelos"},"description":"Superior em Pr\u00e1ticas Integrativas e Complementares e p\u00f3s-graduando em psican\u00e1lise cl\u00ednica, atuando no universo das terapias hol\u00edsticas e integrativas. GEM, Grupo de Estudos e Trabalho Medi\u00fanico; Apometria \u2013 terapeuta, dirigente de grupo e facilitador; CNV \u2013 Comunica\u00e7\u00e3o N\u00e3o-Violenta; Teologia de Umbanda; Mitologia Afro-brasileira e Psicologia Anal\u00edtica; T\u00c9CNICAS QUE UTILIZO: ODUZ, APRENDIZADOS DO CAMINHO; APOMETRIA; LEITURA DE REGISTROS AK\u00c1SHICOS; C\u00cdRCULO SIST\u00caMICO DA VIDA; RADIESTESIA; REIKI USUI; PSICOSSOM\u00c1TICA; GEOBIOLOGIA ESPIRITUAL;","url":"https:\/\/benditoser.com.br\/en\/author\/paulo\/"}]}},"publishpress_future_action":{"enabled":false,"date":"2026-09-07 21:19:49","action":"change-status","newStatus":"draft","terms":[],"taxonomy":"category","extraData":[]},"publishpress_future_workflow_manual_trigger":{"enabledWorkflows":[]},"_links":{"self":[{"href":"https:\/\/benditoser.com.br\/en\/wp-json\/wp\/v2\/posts\/15066","targetHints":{"allow":["GET"]}}],"collection":[{"href":"https:\/\/benditoser.com.br\/en\/wp-json\/wp\/v2\/posts"}],"about":[{"href":"https:\/\/benditoser.com.br\/en\/wp-json\/wp\/v2\/types\/post"}],"author":[{"embeddable":true,"href":"https:\/\/benditoser.com.br\/en\/wp-json\/wp\/v2\/users\/2"}],"replies":[{"embeddable":true,"href":"https:\/\/benditoser.com.br\/en\/wp-json\/wp\/v2\/comments?post=15066"}],"version-history":[{"count":10,"href":"https:\/\/benditoser.com.br\/en\/wp-json\/wp\/v2\/posts\/15066\/revisions"}],"predecessor-version":[{"id":15077,"href":"https:\/\/benditoser.com.br\/en\/wp-json\/wp\/v2\/posts\/15066\/revisions\/15077"}],"wp:featuredmedia":[{"embeddable":true,"href":"https:\/\/benditoser.com.br\/en\/wp-json\/wp\/v2\/media\/15075"}],"wp:attachment":[{"href":"https:\/\/benditoser.com.br\/en\/wp-json\/wp\/v2\/media?parent=15066"}],"wp:term":[{"taxonomy":"category","embeddable":true,"href":"https:\/\/benditoser.com.br\/en\/wp-json\/wp\/v2\/categories?post=15066"},{"taxonomy":"post_tag","embeddable":true,"href":"https:\/\/benditoser.com.br\/en\/wp-json\/wp\/v2\/tags?post=15066"}],"curies":[{"name":"wp","href":"https:\/\/api.w.org\/{rel}","templated":true}]}}