{"id":1814,"date":"2021-03-21T21:46:41","date_gmt":"2021-03-22T00:46:41","guid":{"rendered":"https:\/\/oduz.etc.br\/?p=1814"},"modified":"2021-03-21T22:01:44","modified_gmt":"2021-03-22T01:01:44","slug":"coracoes-unidos-em-meditacao-pela-elevacao-da-vibracao-do-planeta","status":"publish","type":"post","link":"https:\/\/benditoser.com.br\/en\/coracoes-unidos-em-meditacao-pela-elevacao-da-vibracao-do-planeta\/","title":{"rendered":"Cora\u00e7\u00f5es unidos em medita\u00e7\u00e3o pela eleva\u00e7\u00e3o da vibra\u00e7\u00e3o do planeta"},"content":{"rendered":"<p>Medita\u00e7\u00e3o feita hoje pela Mariana Carvalho, no IGTV da Oduz (@oduz.etc, no Instagram), com o objetivo de ancorar amor em nossos cora\u00e7\u00f5es para um sopro curador a todos e o Planeta.<\/p>\n<p>Acompanhe a medita\u00e7\u00e3o e fa\u00e7a a uni\u00e3o do seu cora\u00e7\u00e3o ao nosso.<\/p>\n<div class=\"ose-youtube ose-uid-edb47b4f1146ac85785baa638d693e27 ose-embedpress-responsive\" style=\"width:960px; height:480px; max-height:480px; max-width:100%; display:inline-block;\" data-embed-type=\"Youtube\"><iframe allowfullscreen width=\"960\" height=\"480\" src=\"https:\/\/www.youtube.com\/embed\/av5gxbAGEY0?feature=oembed&color=red&rel=0&controls=1&start=&end=&fs=0&iv_load_policy=0&autoplay=0&mute=0&modestbranding=0&cc_load_policy=1&playsinline=1\" frameborder=\"0\" allow=\"accelerometer; encrypted-media;accelerometer;autoplay;clipboard-write;gyroscope;picture-in-picture clipboard-write; encrypted-media; gyroscope; picture-in-picture\" referrerpolicy =\"origin\"><\/iframe><\/div>","protected":false},"excerpt":{"rendered":"<p>Medita\u00e7\u00e3o feita hoje pela Mariana Carvalho, no IGTV da Oduz (@oduz.etc, no Instagram), com o objetivo de ancorar amor em nossos cora\u00e7\u00f5es para um sopro curador a todos e o Planeta. Acompanhe a medita\u00e7\u00e3o e fa\u00e7a a uni\u00e3o do seu cora\u00e7\u00e3o ao nosso.<\/p>","protected":false},"author":2,"featured_media":1816,"comment_status":"open","ping_status":"open","sticky":false,"template":"","format":"standard","meta":{"om_disable_all_campaigns":false,"_monsterinsights_skip_tracking":false,"_uf_show_specific_survey":0,"_uf_disable_surveys":false,"footnotes":""},"categories":[42],"tags":[65,63,64],"class_list":["post-1814","post","type-post","status-publish","format-standard","has-post-thumbnail","hentry","category-meditacao","tag-alta-vibracao","tag-cura-do-planeta","tag-elevacao-da-vibracao"],"yoast_head":"<!-- This site is optimized with the Yoast SEO plugin v28.3 - https:\/\/yoast.com\/product\/yoast-seo-wordpress\/ -->\n<title>Cora\u00e7\u00f5es unidos em medita\u00e7\u00e3o pela eleva\u00e7\u00e3o da vibra\u00e7\u00e3o do planeta - Benditoser<\/title>\n<meta name=\"description\" content=\"Medita\u00e7\u00e3o feita hoje pela Mariana Carvalho, no IGTV da Oduz (@oduz.etc, no Instagram), com o objetivo de ancorar amor em nossos cora\u00e7\u00f5es para um sopro curador a todos e o Planeta.\" \/>\n<meta name=\"robots\" content=\"index, follow, max-snippet:-1, max-image-preview:large, max-video-preview:-1\" \/>\n<link rel=\"canonical\" href=\"https:\/\/benditoser.com.br\/en\/coracoes-unidos-em-meditacao-pela-elevacao-da-vibracao-do-planeta\/\" \/>\n<meta property=\"og:locale\" content=\"en_US\" \/>\n<meta property=\"og:type\" content=\"article\" \/>\n<meta property=\"og:title\" content=\"Cora\u00e7\u00f5es unidos em medita\u00e7\u00e3o pela eleva\u00e7\u00e3o da vibra\u00e7\u00e3o do planeta - Benditoser\" \/>\n<meta property=\"og:description\" content=\"Medita\u00e7\u00e3o feita hoje pela Mariana Carvalho, no IGTV da Oduz (@oduz.etc, no Instagram), com o objetivo de ancorar amor em nossos cora\u00e7\u00f5es para um sopro curador a todos e o Planeta.\" \/>\n<meta property=\"og:url\" content=\"https:\/\/benditoser.com.br\/en\/coracoes-unidos-em-meditacao-pela-elevacao-da-vibracao-do-planeta\/\" \/>\n<meta property=\"og:site_name\" content=\"Benditoser\" \/>\n<meta property=\"article:publisher\" content=\"https:\/\/www.facebook.com\/benditoser.com.br\" \/>\n<meta property=\"article:published_time\" content=\"2021-03-22T00:46:41+00:00\" \/>\n<meta property=\"article:modified_time\" content=\"2021-03-22T01:01:44+00:00\" \/>\n<meta property=\"og:image\" content=\"https:\/\/benditoser.com.br\/wp-content\/uploads\/2021\/03\/meditacao-pelo-padrao-de-vibracao-oduz-site.jpg\" \/>\n\t<meta property=\"og:image:width\" content=\"1920\" \/>\n\t<meta property=\"og:image:height\" content=\"1080\" \/>\n\t<meta property=\"og:image:type\" content=\"image\/jpeg\" \/>\n<meta name=\"author\" content=\"Paulo Vasconcelos\" \/>\n<meta name=\"twitter:card\" content=\"summary_large_image\" \/>\n<meta name=\"twitter:label1\" content=\"Written by\" \/>\n\t<meta name=\"twitter:data1\" content=\"Paulo Vasconcelos\" \/>\n\t<meta name=\"twitter:label2\" content=\"Est. reading time\" \/>\n\t<meta name=\"twitter:data2\" content=\"1 minute\" \/>\n<script type=\"application\/ld+json\" class=\"yoast-schema-graph\">{\"@context\":\"https:\\\/\\\/schema.org\",\"@graph\":[{\"@type\":\"Article\",\"@id\":\"https:\\\/\\\/benditoser.com.br\\\/coracoes-unidos-em-meditacao-pela-elevacao-da-vibracao-do-planeta\\\/#article\",\"isPartOf\":{\"@id\":\"https:\\\/\\\/benditoser.com.br\\\/coracoes-unidos-em-meditacao-pela-elevacao-da-vibracao-do-planeta\\\/\"},\"author\":{\"name\":\"Paulo Vasconcelos\",\"@id\":\"https:\\\/\\\/benditoser.com.br\\\/#\\\/schema\\\/person\\\/1b910a9b2b037ddc492a3b2e8dc4adb2\"},\"headline\":\"Cora\u00e7\u00f5es unidos em medita\u00e7\u00e3o pela eleva\u00e7\u00e3o da vibra\u00e7\u00e3o do planeta\",\"datePublished\":\"2021-03-22T00:46:41+00:00\",\"dateModified\":\"2021-03-22T01:01:44+00:00\",\"mainEntityOfPage\":{\"@id\":\"https:\\\/\\\/benditoser.com.br\\\/coracoes-unidos-em-meditacao-pela-elevacao-da-vibracao-do-planeta\\\/\"},\"wordCount\":71,\"commentCount\":0,\"publisher\":{\"@id\":\"https:\\\/\\\/benditoser.com.br\\\/#organization\"},\"image\":{\"@id\":\"https:\\\/\\\/benditoser.com.br\\\/coracoes-unidos-em-meditacao-pela-elevacao-da-vibracao-do-planeta\\\/#primaryimage\"},\"thumbnailUrl\":\"https:\\\/\\\/benditoser.com.br\\\/wp-content\\\/uploads\\\/2021\\\/03\\\/meditacao-pelo-padrao-de-vibracao-oduz-site.jpg\",\"keywords\":[\"Alta Vibra\u00e7\u00e3o\",\"Cura do Planeta\",\"Eleva\u00e7\u00e3o da Vibra\u00e7\u00e3o\"],\"articleSection\":[\"Medita\u00e7\u00e3o\"],\"inLanguage\":\"en-US\",\"potentialAction\":[{\"@type\":\"CommentAction\",\"name\":\"Comment\",\"target\":[\"https:\\\/\\\/benditoser.com.br\\\/coracoes-unidos-em-meditacao-pela-elevacao-da-vibracao-do-planeta\\\/#respond\"]}]},{\"@type\":\"WebPage\",\"@id\":\"https:\\\/\\\/benditoser.com.br\\\/coracoes-unidos-em-meditacao-pela-elevacao-da-vibracao-do-planeta\\\/\",\"url\":\"https:\\\/\\\/benditoser.com.br\\\/coracoes-unidos-em-meditacao-pela-elevacao-da-vibracao-do-planeta\\\/\",\"name\":\"Cora\u00e7\u00f5es unidos em medita\u00e7\u00e3o pela eleva\u00e7\u00e3o da vibra\u00e7\u00e3o do planeta - Benditoser\",\"isPartOf\":{\"@id\":\"https:\\\/\\\/benditoser.com.br\\\/#website\"},\"primaryImageOfPage\":{\"@id\":\"https:\\\/\\\/benditoser.com.br\\\/coracoes-unidos-em-meditacao-pela-elevacao-da-vibracao-do-planeta\\\/#primaryimage\"},\"image\":{\"@id\":\"https:\\\/\\\/benditoser.com.br\\\/coracoes-unidos-em-meditacao-pela-elevacao-da-vibracao-do-planeta\\\/#primaryimage\"},\"thumbnailUrl\":\"https:\\\/\\\/benditoser.com.br\\\/wp-content\\\/uploads\\\/2021\\\/03\\\/meditacao-pelo-padrao-de-vibracao-oduz-site.jpg\",\"datePublished\":\"2021-03-22T00:46:41+00:00\",\"dateModified\":\"2021-03-22T01:01:44+00:00\",\"description\":\"Medita\u00e7\u00e3o feita hoje pela Mariana Carvalho, no IGTV da Oduz (@oduz.etc, no Instagram), com o objetivo de ancorar amor em nossos cora\u00e7\u00f5es para um sopro curador a todos e o Planeta.\",\"breadcrumb\":{\"@id\":\"https:\\\/\\\/benditoser.com.br\\\/coracoes-unidos-em-meditacao-pela-elevacao-da-vibracao-do-planeta\\\/#breadcrumb\"},\"inLanguage\":\"en-US\",\"potentialAction\":[{\"@type\":\"ReadAction\",\"target\":[\"https:\\\/\\\/benditoser.com.br\\\/coracoes-unidos-em-meditacao-pela-elevacao-da-vibracao-do-planeta\\\/\"]}]},{\"@type\":\"ImageObject\",\"inLanguage\":\"en-US\",\"@id\":\"https:\\\/\\\/benditoser.com.br\\\/coracoes-unidos-em-meditacao-pela-elevacao-da-vibracao-do-planeta\\\/#primaryimage\",\"url\":\"https:\\\/\\\/benditoser.com.br\\\/wp-content\\\/uploads\\\/2021\\\/03\\\/meditacao-pelo-padrao-de-vibracao-oduz-site.jpg\",\"contentUrl\":\"https:\\\/\\\/benditoser.com.br\\\/wp-content\\\/uploads\\\/2021\\\/03\\\/meditacao-pelo-padrao-de-vibracao-oduz-site.jpg\",\"width\":1920,\"height\":1080},{\"@type\":\"BreadcrumbList\",\"@id\":\"https:\\\/\\\/benditoser.com.br\\\/coracoes-unidos-em-meditacao-pela-elevacao-da-vibracao-do-planeta\\\/#breadcrumb\",\"itemListElement\":[{\"@type\":\"ListItem\",\"position\":1,\"name\":\"In\u00edcio\",\"item\":\"https:\\\/\\\/benditoser.com.br\\\/\"},{\"@type\":\"ListItem\",\"position\":2,\"name\":\"Cora\u00e7\u00f5es unidos em medita\u00e7\u00e3o pela eleva\u00e7\u00e3o da vibra\u00e7\u00e3o do planeta\"}]},{\"@type\":\"WebSite\",\"@id\":\"https:\\\/\\\/benditoser.com.br\\\/#website\",\"url\":\"https:\\\/\\\/benditoser.com.br\\\/\",\"name\":\"Benditoser\",\"description\":\"Terapias\",\"publisher\":{\"@id\":\"https:\\\/\\\/benditoser.com.br\\\/#organization\"},\"potentialAction\":[{\"@type\":\"SearchAction\",\"target\":{\"@type\":\"EntryPoint\",\"urlTemplate\":\"https:\\\/\\\/benditoser.com.br\\\/?s={search_term_string}\"},\"query-input\":{\"@type\":\"PropertyValueSpecification\",\"valueRequired\":true,\"valueName\":\"search_term_string\"}}],\"inLanguage\":\"en-US\"},{\"@type\":\"Organization\",\"@id\":\"https:\\\/\\\/benditoser.com.br\\\/#organization\",\"name\":\"Benditoser\",\"url\":\"https:\\\/\\\/benditoser.com.br\\\/\",\"logo\":{\"@type\":\"ImageObject\",\"inLanguage\":\"en-US\",\"@id\":\"https:\\\/\\\/benditoser.com.br\\\/#\\\/schema\\\/logo\\\/image\\\/\",\"url\":\"https:\\\/\\\/benditoser.com.br\\\/wp-content\\\/uploads\\\/2025\\\/05\\\/cropped-logo-bendito-ser-site.png\",\"contentUrl\":\"https:\\\/\\\/benditoser.com.br\\\/wp-content\\\/uploads\\\/2025\\\/05\\\/cropped-logo-bendito-ser-site.png\",\"width\":220,\"height\":44,\"caption\":\"Benditoser\"},\"image\":{\"@id\":\"https:\\\/\\\/benditoser.com.br\\\/#\\\/schema\\\/logo\\\/image\\\/\"},\"sameAs\":[\"https:\\\/\\\/www.facebook.com\\\/benditoser.com.br\",\"https:\\\/\\\/www.instagram.com\\\/benditoser.com.br\\\/\"]},{\"@type\":\"Person\",\"@id\":\"https:\\\/\\\/benditoser.com.br\\\/#\\\/schema\\\/person\\\/1b910a9b2b037ddc492a3b2e8dc4adb2\",\"name\":\"Paulo Vasconcelos\",\"image\":{\"@type\":\"ImageObject\",\"inLanguage\":\"en-US\",\"@id\":\"https:\\\/\\\/secure.gravatar.com\\\/avatar\\\/34be8b8f301baee1d34ae5e8fc205d12bdfd859131ea8f1ea4a232bd06e2286f?s=96&d=mm&r=g\",\"url\":\"https:\\\/\\\/secure.gravatar.com\\\/avatar\\\/34be8b8f301baee1d34ae5e8fc205d12bdfd859131ea8f1ea4a232bd06e2286f?s=96&d=mm&r=g\",\"contentUrl\":\"https:\\\/\\\/secure.gravatar.com\\\/avatar\\\/34be8b8f301baee1d34ae5e8fc205d12bdfd859131ea8f1ea4a232bd06e2286f?s=96&d=mm&r=g\",\"caption\":\"Paulo Vasconcelos\"},\"description\":\"Superior em Pr\u00e1ticas Integrativas e Complementares e p\u00f3s-graduando em psican\u00e1lise cl\u00ednica, atuando no universo das terapias hol\u00edsticas e integrativas. GEM, Grupo de Estudos e Trabalho Medi\u00fanico; Apometria \u2013 terapeuta, dirigente de grupo e facilitador; CNV \u2013 Comunica\u00e7\u00e3o N\u00e3o-Violenta; Teologia de Umbanda; Mitologia Afro-brasileira e Psicologia Anal\u00edtica; T\u00c9CNICAS QUE UTILIZO: ODUZ, APRENDIZADOS DO CAMINHO; APOMETRIA; LEITURA DE REGISTROS AK\u00c1SHICOS; C\u00cdRCULO SIST\u00caMICO DA VIDA; RADIESTESIA; REIKI USUI; PSICOSSOM\u00c1TICA; GEOBIOLOGIA ESPIRITUAL;\",\"url\":\"https:\\\/\\\/benditoser.com.br\\\/en\\\/author\\\/paulo\\\/\"}]}<\/script>\n<!-- \/ Yoast SEO plugin. -->","yoast_head_json":{"title":"Cora\u00e7\u00f5es unidos em medita\u00e7\u00e3o pela eleva\u00e7\u00e3o da vibra\u00e7\u00e3o do planeta - Benditoser","description":"Medita\u00e7\u00e3o feita hoje pela Mariana Carvalho, no IGTV da Oduz (@oduz.etc, no Instagram), com o objetivo de ancorar amor em nossos cora\u00e7\u00f5es para um sopro curador a todos e o Planeta.","robots":{"index":"index","follow":"follow","max-snippet":"max-snippet:-1","max-image-preview":"max-image-preview:large","max-video-preview":"max-video-preview:-1"},"canonical":"https:\/\/benditoser.com.br\/en\/coracoes-unidos-em-meditacao-pela-elevacao-da-vibracao-do-planeta\/","og_locale":"en_US","og_type":"article","og_title":"Cora\u00e7\u00f5es unidos em medita\u00e7\u00e3o pela eleva\u00e7\u00e3o da vibra\u00e7\u00e3o do planeta - Benditoser","og_description":"Medita\u00e7\u00e3o feita hoje pela Mariana Carvalho, no IGTV da Oduz (@oduz.etc, no Instagram), com o objetivo de ancorar amor em nossos cora\u00e7\u00f5es para um sopro curador a todos e o Planeta.","og_url":"https:\/\/benditoser.com.br\/en\/coracoes-unidos-em-meditacao-pela-elevacao-da-vibracao-do-planeta\/","og_site_name":"Benditoser","article_publisher":"https:\/\/www.facebook.com\/benditoser.com.br","article_published_time":"2021-03-22T00:46:41+00:00","article_modified_time":"2021-03-22T01:01:44+00:00","og_image":[{"width":1920,"height":1080,"url":"https:\/\/benditoser.com.br\/wp-content\/uploads\/2021\/03\/meditacao-pelo-padrao-de-vibracao-oduz-site.jpg","type":"image\/jpeg"}],"author":"Paulo Vasconcelos","twitter_card":"summary_large_image","twitter_misc":{"Written by":"Paulo Vasconcelos","Est. reading time":"1 minute"},"schema":{"@context":"https:\/\/schema.org","@graph":[{"@type":"Article","@id":"https:\/\/benditoser.com.br\/coracoes-unidos-em-meditacao-pela-elevacao-da-vibracao-do-planeta\/#article","isPartOf":{"@id":"https:\/\/benditoser.com.br\/coracoes-unidos-em-meditacao-pela-elevacao-da-vibracao-do-planeta\/"},"author":{"name":"Paulo Vasconcelos","@id":"https:\/\/benditoser.com.br\/#\/schema\/person\/1b910a9b2b037ddc492a3b2e8dc4adb2"},"headline":"Cora\u00e7\u00f5es unidos em medita\u00e7\u00e3o pela eleva\u00e7\u00e3o da vibra\u00e7\u00e3o do planeta","datePublished":"2021-03-22T00:46:41+00:00","dateModified":"2021-03-22T01:01:44+00:00","mainEntityOfPage":{"@id":"https:\/\/benditoser.com.br\/coracoes-unidos-em-meditacao-pela-elevacao-da-vibracao-do-planeta\/"},"wordCount":71,"commentCount":0,"publisher":{"@id":"https:\/\/benditoser.com.br\/#organization"},"image":{"@id":"https:\/\/benditoser.com.br\/coracoes-unidos-em-meditacao-pela-elevacao-da-vibracao-do-planeta\/#primaryimage"},"thumbnailUrl":"https:\/\/benditoser.com.br\/wp-content\/uploads\/2021\/03\/meditacao-pelo-padrao-de-vibracao-oduz-site.jpg","keywords":["Alta Vibra\u00e7\u00e3o","Cura do Planeta","Eleva\u00e7\u00e3o da Vibra\u00e7\u00e3o"],"articleSection":["Medita\u00e7\u00e3o"],"inLanguage":"en-US","potentialAction":[{"@type":"CommentAction","name":"Comment","target":["https:\/\/benditoser.com.br\/coracoes-unidos-em-meditacao-pela-elevacao-da-vibracao-do-planeta\/#respond"]}]},{"@type":"WebPage","@id":"https:\/\/benditoser.com.br\/coracoes-unidos-em-meditacao-pela-elevacao-da-vibracao-do-planeta\/","url":"https:\/\/benditoser.com.br\/coracoes-unidos-em-meditacao-pela-elevacao-da-vibracao-do-planeta\/","name":"Cora\u00e7\u00f5es unidos em medita\u00e7\u00e3o pela eleva\u00e7\u00e3o da vibra\u00e7\u00e3o do planeta - Benditoser","isPartOf":{"@id":"https:\/\/benditoser.com.br\/#website"},"primaryImageOfPage":{"@id":"https:\/\/benditoser.com.br\/coracoes-unidos-em-meditacao-pela-elevacao-da-vibracao-do-planeta\/#primaryimage"},"image":{"@id":"https:\/\/benditoser.com.br\/coracoes-unidos-em-meditacao-pela-elevacao-da-vibracao-do-planeta\/#primaryimage"},"thumbnailUrl":"https:\/\/benditoser.com.br\/wp-content\/uploads\/2021\/03\/meditacao-pelo-padrao-de-vibracao-oduz-site.jpg","datePublished":"2021-03-22T00:46:41+00:00","dateModified":"2021-03-22T01:01:44+00:00","description":"Medita\u00e7\u00e3o feita hoje pela Mariana Carvalho, no IGTV da Oduz (@oduz.etc, no Instagram), com o objetivo de ancorar amor em nossos cora\u00e7\u00f5es para um sopro curador a todos e o Planeta.","breadcrumb":{"@id":"https:\/\/benditoser.com.br\/coracoes-unidos-em-meditacao-pela-elevacao-da-vibracao-do-planeta\/#breadcrumb"},"inLanguage":"en-US","potentialAction":[{"@type":"ReadAction","target":["https:\/\/benditoser.com.br\/coracoes-unidos-em-meditacao-pela-elevacao-da-vibracao-do-planeta\/"]}]},{"@type":"ImageObject","inLanguage":"en-US","@id":"https:\/\/benditoser.com.br\/coracoes-unidos-em-meditacao-pela-elevacao-da-vibracao-do-planeta\/#primaryimage","url":"https:\/\/benditoser.com.br\/wp-content\/uploads\/2021\/03\/meditacao-pelo-padrao-de-vibracao-oduz-site.jpg","contentUrl":"https:\/\/benditoser.com.br\/wp-content\/uploads\/2021\/03\/meditacao-pelo-padrao-de-vibracao-oduz-site.jpg","width":1920,"height":1080},{"@type":"BreadcrumbList","@id":"https:\/\/benditoser.com.br\/coracoes-unidos-em-meditacao-pela-elevacao-da-vibracao-do-planeta\/#breadcrumb","itemListElement":[{"@type":"ListItem","position":1,"name":"In\u00edcio","item":"https:\/\/benditoser.com.br\/"},{"@type":"ListItem","position":2,"name":"Cora\u00e7\u00f5es unidos em medita\u00e7\u00e3o pela eleva\u00e7\u00e3o da vibra\u00e7\u00e3o do planeta"}]},{"@type":"WebSite","@id":"https:\/\/benditoser.com.br\/#website","url":"https:\/\/benditoser.com.br\/","name":"Benditoser","description":"Terapias","publisher":{"@id":"https:\/\/benditoser.com.br\/#organization"},"potentialAction":[{"@type":"SearchAction","target":{"@type":"EntryPoint","urlTemplate":"https:\/\/benditoser.com.br\/?s={search_term_string}"},"query-input":{"@type":"PropertyValueSpecification","valueRequired":true,"valueName":"search_term_string"}}],"inLanguage":"en-US"},{"@type":"Organization","@id":"https:\/\/benditoser.com.br\/#organization","name":"Benditoser","url":"https:\/\/benditoser.com.br\/","logo":{"@type":"ImageObject","inLanguage":"en-US","@id":"https:\/\/benditoser.com.br\/#\/schema\/logo\/image\/","url":"https:\/\/benditoser.com.br\/wp-content\/uploads\/2025\/05\/cropped-logo-bendito-ser-site.png","contentUrl":"https:\/\/benditoser.com.br\/wp-content\/uploads\/2025\/05\/cropped-logo-bendito-ser-site.png","width":220,"height":44,"caption":"Benditoser"},"image":{"@id":"https:\/\/benditoser.com.br\/#\/schema\/logo\/image\/"},"sameAs":["https:\/\/www.facebook.com\/benditoser.com.br","https:\/\/www.instagram.com\/benditoser.com.br\/"]},{"@type":"Person","@id":"https:\/\/benditoser.com.br\/#\/schema\/person\/1b910a9b2b037ddc492a3b2e8dc4adb2","name":"Paulo Vasconcelos","image":{"@type":"ImageObject","inLanguage":"en-US","@id":"https:\/\/secure.gravatar.com\/avatar\/34be8b8f301baee1d34ae5e8fc205d12bdfd859131ea8f1ea4a232bd06e2286f?s=96&d=mm&r=g","url":"https:\/\/secure.gravatar.com\/avatar\/34be8b8f301baee1d34ae5e8fc205d12bdfd859131ea8f1ea4a232bd06e2286f?s=96&d=mm&r=g","contentUrl":"https:\/\/secure.gravatar.com\/avatar\/34be8b8f301baee1d34ae5e8fc205d12bdfd859131ea8f1ea4a232bd06e2286f?s=96&d=mm&r=g","caption":"Paulo Vasconcelos"},"description":"Superior em Pr\u00e1ticas Integrativas e Complementares e p\u00f3s-graduando em psican\u00e1lise cl\u00ednica, atuando no universo das terapias hol\u00edsticas e integrativas. GEM, Grupo de Estudos e Trabalho Medi\u00fanico; Apometria \u2013 terapeuta, dirigente de grupo e facilitador; CNV \u2013 Comunica\u00e7\u00e3o N\u00e3o-Violenta; Teologia de Umbanda; Mitologia Afro-brasileira e Psicologia Anal\u00edtica; T\u00c9CNICAS QUE UTILIZO: ODUZ, APRENDIZADOS DO CAMINHO; APOMETRIA; LEITURA DE REGISTROS AK\u00c1SHICOS; C\u00cdRCULO SIST\u00caMICO DA VIDA; RADIESTESIA; REIKI USUI; PSICOSSOM\u00c1TICA; GEOBIOLOGIA ESPIRITUAL;","url":"https:\/\/benditoser.com.br\/en\/author\/paulo\/"}]}},"publishpress_future_action":{"enabled":false,"date":"2026-09-07 22:54:20","action":"change-status","newStatus":"draft","terms":[],"taxonomy":"category","extraData":[]},"publishpress_future_workflow_manual_trigger":{"enabledWorkflows":[]},"_links":{"self":[{"href":"https:\/\/benditoser.com.br\/en\/wp-json\/wp\/v2\/posts\/1814","targetHints":{"allow":["GET"]}}],"collection":[{"href":"https:\/\/benditoser.com.br\/en\/wp-json\/wp\/v2\/posts"}],"about":[{"href":"https:\/\/benditoser.com.br\/en\/wp-json\/wp\/v2\/types\/post"}],"author":[{"embeddable":true,"href":"https:\/\/benditoser.com.br\/en\/wp-json\/wp\/v2\/users\/2"}],"replies":[{"embeddable":true,"href":"https:\/\/benditoser.com.br\/en\/wp-json\/wp\/v2\/comments?post=1814"}],"version-history":[{"count":1,"href":"https:\/\/benditoser.com.br\/en\/wp-json\/wp\/v2\/posts\/1814\/revisions"}],"predecessor-version":[{"id":1817,"href":"https:\/\/benditoser.com.br\/en\/wp-json\/wp\/v2\/posts\/1814\/revisions\/1817"}],"wp:featuredmedia":[{"embeddable":true,"href":"https:\/\/benditoser.com.br\/en\/wp-json\/wp\/v2\/media\/1816"}],"wp:attachment":[{"href":"https:\/\/benditoser.com.br\/en\/wp-json\/wp\/v2\/media?parent=1814"}],"wp:term":[{"taxonomy":"category","embeddable":true,"href":"https:\/\/benditoser.com.br\/en\/wp-json\/wp\/v2\/categories?post=1814"},{"taxonomy":"post_tag","embeddable":true,"href":"https:\/\/benditoser.com.br\/en\/wp-json\/wp\/v2\/tags?post=1814"}],"curies":[{"name":"wp","href":"https:\/\/api.w.org\/{rel}","templated":true}]}}