{"id":2771,"date":"2021-10-28T18:01:54","date_gmt":"2021-10-28T21:01:54","guid":{"rendered":"https:\/\/oduz.etc.br\/?p=2771"},"modified":"2021-10-28T18:04:56","modified_gmt":"2021-10-28T21:04:56","slug":"nem-tudo-e-ataque-mas-tudo-e-espiritual-sera","status":"publish","type":"post","link":"https:\/\/benditoser.com.br\/en\/nem-tudo-e-ataque-mas-tudo-e-espiritual-sera\/","title":{"rendered":"Nem tudo \u00e9 ataque, mas tudo \u00e9 espiritual. Ser\u00e1?"},"content":{"rendered":"<p>Um papo sobre a diferen\u00e7a bem sutil entre ataque espiritual e &#8220;gravidade c\u00e1rmica&#8221;.<\/p>\n<p><!--more--><\/p>\n<p>Paulo Vasconcelos, criador da iniciativa Oduz.<\/p>\n<p>[embedyt] https:\/\/www.youtube.com\/watch?v=RALCDmv62R4[\/embedyt]<\/p>\n","protected":false},"excerpt":{"rendered":"<p>Um papo sobre a diferen\u00e7a bem sutil entre ataque espiritual e &#8220;gravidade c\u00e1rmica&#8221;.<\/p>","protected":false},"author":2,"featured_media":2773,"comment_status":"open","ping_status":"open","sticky":false,"template":"","format":"standard","meta":{"om_disable_all_campaigns":false,"_monsterinsights_skip_tracking":false,"_uf_show_specific_survey":0,"_uf_disable_surveys":false,"footnotes":""},"categories":[70,113,28],"tags":[37,114,36,71],"class_list":["post-2771","post","type-post","status-publish","format-standard","has-post-thumbnail","hentry","category-apometria","category-apometria-2","category-terapia","tag-apometria","tag-registros-akashicos","tag-terapia-espiritual","tag-tratamento-espiritual"],"yoast_head":"<!-- This site is optimized with the Yoast SEO plugin v28.3 - https:\/\/yoast.com\/product\/yoast-seo-wordpress\/ -->\n<title>Nem tudo \u00e9 ataque, mas tudo \u00e9 espiritual. Ser\u00e1? - Benditoser<\/title>\n<meta name=\"description\" content=\"Nem tudo \u00e9 ataque espiritual, mas tudo \u00e9 espiritual. Um papo sobre tratamento espiritual a partir de uma perspectiva terap\u00eautica sobre nossos desafios do dia a dia.\" \/>\n<meta name=\"robots\" content=\"index, follow, max-snippet:-1, max-image-preview:large, max-video-preview:-1\" \/>\n<link rel=\"canonical\" href=\"https:\/\/benditoser.com.br\/en\/nem-tudo-e-ataque-mas-tudo-e-espiritual-sera\/\" \/>\n<meta property=\"og:locale\" content=\"en_US\" \/>\n<meta property=\"og:type\" content=\"article\" \/>\n<meta property=\"og:title\" content=\"Nem tudo \u00e9 ataque, mas tudo \u00e9 espiritual. Ser\u00e1? - Benditoser\" \/>\n<meta property=\"og:description\" content=\"Nem tudo \u00e9 ataque espiritual, mas tudo \u00e9 espiritual. Um papo sobre tratamento espiritual a partir de uma perspectiva terap\u00eautica sobre nossos desafios do dia a dia.\" \/>\n<meta property=\"og:url\" content=\"https:\/\/benditoser.com.br\/en\/nem-tudo-e-ataque-mas-tudo-e-espiritual-sera\/\" \/>\n<meta property=\"og:site_name\" content=\"Benditoser\" \/>\n<meta property=\"article:publisher\" content=\"https:\/\/www.facebook.com\/benditoser.com.br\" \/>\n<meta property=\"article:published_time\" content=\"2021-10-28T21:01:54+00:00\" \/>\n<meta property=\"article:modified_time\" content=\"2021-10-28T21:04:56+00:00\" \/>\n<meta property=\"og:image\" content=\"https:\/\/benditoser.com.br\/wp-content\/uploads\/2021\/10\/NEM-TUDO-E-ATAQUE-ESPIRITUAL.jpg\" \/>\n\t<meta property=\"og:image:width\" content=\"1920\" \/>\n\t<meta property=\"og:image:height\" content=\"1080\" \/>\n\t<meta property=\"og:image:type\" content=\"image\/jpeg\" \/>\n<meta name=\"author\" content=\"Paulo Vasconcelos\" \/>\n<meta name=\"twitter:card\" content=\"summary_large_image\" \/>\n<meta name=\"twitter:label1\" content=\"Written by\" \/>\n\t<meta name=\"twitter:data1\" content=\"Paulo Vasconcelos\" \/>\n\t<meta name=\"twitter:label2\" content=\"Est. reading time\" \/>\n\t<meta name=\"twitter:data2\" content=\"1 minute\" \/>\n<script type=\"application\/ld+json\" class=\"yoast-schema-graph\">{\"@context\":\"https:\\\/\\\/schema.org\",\"@graph\":[{\"@type\":\"Article\",\"@id\":\"https:\\\/\\\/benditoser.com.br\\\/nem-tudo-e-ataque-mas-tudo-e-espiritual-sera\\\/#article\",\"isPartOf\":{\"@id\":\"https:\\\/\\\/benditoser.com.br\\\/nem-tudo-e-ataque-mas-tudo-e-espiritual-sera\\\/\"},\"author\":{\"name\":\"Paulo Vasconcelos\",\"@id\":\"https:\\\/\\\/benditoser.com.br\\\/#\\\/schema\\\/person\\\/1b910a9b2b037ddc492a3b2e8dc4adb2\"},\"headline\":\"Nem tudo \u00e9 ataque, mas tudo \u00e9 espiritual. Ser\u00e1?\",\"datePublished\":\"2021-10-28T21:01:54+00:00\",\"dateModified\":\"2021-10-28T21:04:56+00:00\",\"mainEntityOfPage\":{\"@id\":\"https:\\\/\\\/benditoser.com.br\\\/nem-tudo-e-ataque-mas-tudo-e-espiritual-sera\\\/\"},\"wordCount\":38,\"commentCount\":0,\"publisher\":{\"@id\":\"https:\\\/\\\/benditoser.com.br\\\/#organization\"},\"image\":{\"@id\":\"https:\\\/\\\/benditoser.com.br\\\/nem-tudo-e-ataque-mas-tudo-e-espiritual-sera\\\/#primaryimage\"},\"thumbnailUrl\":\"https:\\\/\\\/benditoser.com.br\\\/wp-content\\\/uploads\\\/2021\\\/10\\\/NEM-TUDO-E-ATAQUE-ESPIRITUAL.jpg\",\"keywords\":[\"Apometria\",\"Registros Ak\u00e1shicos\",\"Terapia Espiritual\",\"Tratamento Espiritual\"],\"articleSection\":[\"Apometria\",\"Apometria\",\"Terapia\"],\"inLanguage\":\"en-US\",\"potentialAction\":[{\"@type\":\"CommentAction\",\"name\":\"Comment\",\"target\":[\"https:\\\/\\\/benditoser.com.br\\\/nem-tudo-e-ataque-mas-tudo-e-espiritual-sera\\\/#respond\"]}]},{\"@type\":\"WebPage\",\"@id\":\"https:\\\/\\\/benditoser.com.br\\\/nem-tudo-e-ataque-mas-tudo-e-espiritual-sera\\\/\",\"url\":\"https:\\\/\\\/benditoser.com.br\\\/nem-tudo-e-ataque-mas-tudo-e-espiritual-sera\\\/\",\"name\":\"Nem tudo \u00e9 ataque, mas tudo \u00e9 espiritual. Ser\u00e1? - Benditoser\",\"isPartOf\":{\"@id\":\"https:\\\/\\\/benditoser.com.br\\\/#website\"},\"primaryImageOfPage\":{\"@id\":\"https:\\\/\\\/benditoser.com.br\\\/nem-tudo-e-ataque-mas-tudo-e-espiritual-sera\\\/#primaryimage\"},\"image\":{\"@id\":\"https:\\\/\\\/benditoser.com.br\\\/nem-tudo-e-ataque-mas-tudo-e-espiritual-sera\\\/#primaryimage\"},\"thumbnailUrl\":\"https:\\\/\\\/benditoser.com.br\\\/wp-content\\\/uploads\\\/2021\\\/10\\\/NEM-TUDO-E-ATAQUE-ESPIRITUAL.jpg\",\"datePublished\":\"2021-10-28T21:01:54+00:00\",\"dateModified\":\"2021-10-28T21:04:56+00:00\",\"description\":\"Nem tudo \u00e9 ataque espiritual, mas tudo \u00e9 espiritual. Um papo sobre tratamento espiritual a partir de uma perspectiva terap\u00eautica sobre nossos desafios do dia a dia.\",\"breadcrumb\":{\"@id\":\"https:\\\/\\\/benditoser.com.br\\\/nem-tudo-e-ataque-mas-tudo-e-espiritual-sera\\\/#breadcrumb\"},\"inLanguage\":\"en-US\",\"potentialAction\":[{\"@type\":\"ReadAction\",\"target\":[\"https:\\\/\\\/benditoser.com.br\\\/nem-tudo-e-ataque-mas-tudo-e-espiritual-sera\\\/\"]}]},{\"@type\":\"ImageObject\",\"inLanguage\":\"en-US\",\"@id\":\"https:\\\/\\\/benditoser.com.br\\\/nem-tudo-e-ataque-mas-tudo-e-espiritual-sera\\\/#primaryimage\",\"url\":\"https:\\\/\\\/benditoser.com.br\\\/wp-content\\\/uploads\\\/2021\\\/10\\\/NEM-TUDO-E-ATAQUE-ESPIRITUAL.jpg\",\"contentUrl\":\"https:\\\/\\\/benditoser.com.br\\\/wp-content\\\/uploads\\\/2021\\\/10\\\/NEM-TUDO-E-ATAQUE-ESPIRITUAL.jpg\",\"width\":1920,\"height\":1080},{\"@type\":\"BreadcrumbList\",\"@id\":\"https:\\\/\\\/benditoser.com.br\\\/nem-tudo-e-ataque-mas-tudo-e-espiritual-sera\\\/#breadcrumb\",\"itemListElement\":[{\"@type\":\"ListItem\",\"position\":1,\"name\":\"In\u00edcio\",\"item\":\"https:\\\/\\\/benditoser.com.br\\\/\"},{\"@type\":\"ListItem\",\"position\":2,\"name\":\"Nem tudo \u00e9 ataque, mas tudo \u00e9 espiritual. Ser\u00e1?\"}]},{\"@type\":\"WebSite\",\"@id\":\"https:\\\/\\\/benditoser.com.br\\\/#website\",\"url\":\"https:\\\/\\\/benditoser.com.br\\\/\",\"name\":\"Benditoser\",\"description\":\"Terapias\",\"publisher\":{\"@id\":\"https:\\\/\\\/benditoser.com.br\\\/#organization\"},\"potentialAction\":[{\"@type\":\"SearchAction\",\"target\":{\"@type\":\"EntryPoint\",\"urlTemplate\":\"https:\\\/\\\/benditoser.com.br\\\/?s={search_term_string}\"},\"query-input\":{\"@type\":\"PropertyValueSpecification\",\"valueRequired\":true,\"valueName\":\"search_term_string\"}}],\"inLanguage\":\"en-US\"},{\"@type\":\"Organization\",\"@id\":\"https:\\\/\\\/benditoser.com.br\\\/#organization\",\"name\":\"Benditoser\",\"url\":\"https:\\\/\\\/benditoser.com.br\\\/\",\"logo\":{\"@type\":\"ImageObject\",\"inLanguage\":\"en-US\",\"@id\":\"https:\\\/\\\/benditoser.com.br\\\/#\\\/schema\\\/logo\\\/image\\\/\",\"url\":\"https:\\\/\\\/benditoser.com.br\\\/wp-content\\\/uploads\\\/2025\\\/05\\\/cropped-logo-bendito-ser-site.png\",\"contentUrl\":\"https:\\\/\\\/benditoser.com.br\\\/wp-content\\\/uploads\\\/2025\\\/05\\\/cropped-logo-bendito-ser-site.png\",\"width\":220,\"height\":44,\"caption\":\"Benditoser\"},\"image\":{\"@id\":\"https:\\\/\\\/benditoser.com.br\\\/#\\\/schema\\\/logo\\\/image\\\/\"},\"sameAs\":[\"https:\\\/\\\/www.facebook.com\\\/benditoser.com.br\",\"https:\\\/\\\/www.instagram.com\\\/benditoser.com.br\\\/\"]},{\"@type\":\"Person\",\"@id\":\"https:\\\/\\\/benditoser.com.br\\\/#\\\/schema\\\/person\\\/1b910a9b2b037ddc492a3b2e8dc4adb2\",\"name\":\"Paulo Vasconcelos\",\"image\":{\"@type\":\"ImageObject\",\"inLanguage\":\"en-US\",\"@id\":\"https:\\\/\\\/secure.gravatar.com\\\/avatar\\\/34be8b8f301baee1d34ae5e8fc205d12bdfd859131ea8f1ea4a232bd06e2286f?s=96&d=mm&r=g\",\"url\":\"https:\\\/\\\/secure.gravatar.com\\\/avatar\\\/34be8b8f301baee1d34ae5e8fc205d12bdfd859131ea8f1ea4a232bd06e2286f?s=96&d=mm&r=g\",\"contentUrl\":\"https:\\\/\\\/secure.gravatar.com\\\/avatar\\\/34be8b8f301baee1d34ae5e8fc205d12bdfd859131ea8f1ea4a232bd06e2286f?s=96&d=mm&r=g\",\"caption\":\"Paulo Vasconcelos\"},\"description\":\"Superior em Pr\u00e1ticas Integrativas e Complementares e p\u00f3s-graduando em psican\u00e1lise cl\u00ednica, atuando no universo das terapias hol\u00edsticas e integrativas. GEM, Grupo de Estudos e Trabalho Medi\u00fanico; Apometria \u2013 terapeuta, dirigente de grupo e facilitador; CNV \u2013 Comunica\u00e7\u00e3o N\u00e3o-Violenta; Teologia de Umbanda; Mitologia Afro-brasileira e Psicologia Anal\u00edtica; T\u00c9CNICAS QUE UTILIZO: ODUZ, APRENDIZADOS DO CAMINHO; APOMETRIA; LEITURA DE REGISTROS AK\u00c1SHICOS; C\u00cdRCULO SIST\u00caMICO DA VIDA; RADIESTESIA; REIKI USUI; PSICOSSOM\u00c1TICA; GEOBIOLOGIA ESPIRITUAL;\",\"url\":\"https:\\\/\\\/benditoser.com.br\\\/en\\\/author\\\/paulo\\\/\"}]}<\/script>\n<!-- \/ Yoast SEO plugin. -->","yoast_head_json":{"title":"Nem tudo \u00e9 ataque, mas tudo \u00e9 espiritual. Ser\u00e1? - Benditoser","description":"Nem tudo \u00e9 ataque espiritual, mas tudo \u00e9 espiritual. Um papo sobre tratamento espiritual a partir de uma perspectiva terap\u00eautica sobre nossos desafios do dia a dia.","robots":{"index":"index","follow":"follow","max-snippet":"max-snippet:-1","max-image-preview":"max-image-preview:large","max-video-preview":"max-video-preview:-1"},"canonical":"https:\/\/benditoser.com.br\/en\/nem-tudo-e-ataque-mas-tudo-e-espiritual-sera\/","og_locale":"en_US","og_type":"article","og_title":"Nem tudo \u00e9 ataque, mas tudo \u00e9 espiritual. Ser\u00e1? - Benditoser","og_description":"Nem tudo \u00e9 ataque espiritual, mas tudo \u00e9 espiritual. Um papo sobre tratamento espiritual a partir de uma perspectiva terap\u00eautica sobre nossos desafios do dia a dia.","og_url":"https:\/\/benditoser.com.br\/en\/nem-tudo-e-ataque-mas-tudo-e-espiritual-sera\/","og_site_name":"Benditoser","article_publisher":"https:\/\/www.facebook.com\/benditoser.com.br","article_published_time":"2021-10-28T21:01:54+00:00","article_modified_time":"2021-10-28T21:04:56+00:00","og_image":[{"width":1920,"height":1080,"url":"https:\/\/benditoser.com.br\/wp-content\/uploads\/2021\/10\/NEM-TUDO-E-ATAQUE-ESPIRITUAL.jpg","type":"image\/jpeg"}],"author":"Paulo Vasconcelos","twitter_card":"summary_large_image","twitter_misc":{"Written by":"Paulo Vasconcelos","Est. reading time":"1 minute"},"schema":{"@context":"https:\/\/schema.org","@graph":[{"@type":"Article","@id":"https:\/\/benditoser.com.br\/nem-tudo-e-ataque-mas-tudo-e-espiritual-sera\/#article","isPartOf":{"@id":"https:\/\/benditoser.com.br\/nem-tudo-e-ataque-mas-tudo-e-espiritual-sera\/"},"author":{"name":"Paulo Vasconcelos","@id":"https:\/\/benditoser.com.br\/#\/schema\/person\/1b910a9b2b037ddc492a3b2e8dc4adb2"},"headline":"Nem tudo \u00e9 ataque, mas tudo \u00e9 espiritual. Ser\u00e1?","datePublished":"2021-10-28T21:01:54+00:00","dateModified":"2021-10-28T21:04:56+00:00","mainEntityOfPage":{"@id":"https:\/\/benditoser.com.br\/nem-tudo-e-ataque-mas-tudo-e-espiritual-sera\/"},"wordCount":38,"commentCount":0,"publisher":{"@id":"https:\/\/benditoser.com.br\/#organization"},"image":{"@id":"https:\/\/benditoser.com.br\/nem-tudo-e-ataque-mas-tudo-e-espiritual-sera\/#primaryimage"},"thumbnailUrl":"https:\/\/benditoser.com.br\/wp-content\/uploads\/2021\/10\/NEM-TUDO-E-ATAQUE-ESPIRITUAL.jpg","keywords":["Apometria","Registros Ak\u00e1shicos","Terapia Espiritual","Tratamento Espiritual"],"articleSection":["Apometria","Apometria","Terapia"],"inLanguage":"en-US","potentialAction":[{"@type":"CommentAction","name":"Comment","target":["https:\/\/benditoser.com.br\/nem-tudo-e-ataque-mas-tudo-e-espiritual-sera\/#respond"]}]},{"@type":"WebPage","@id":"https:\/\/benditoser.com.br\/nem-tudo-e-ataque-mas-tudo-e-espiritual-sera\/","url":"https:\/\/benditoser.com.br\/nem-tudo-e-ataque-mas-tudo-e-espiritual-sera\/","name":"Nem tudo \u00e9 ataque, mas tudo \u00e9 espiritual. Ser\u00e1? - Benditoser","isPartOf":{"@id":"https:\/\/benditoser.com.br\/#website"},"primaryImageOfPage":{"@id":"https:\/\/benditoser.com.br\/nem-tudo-e-ataque-mas-tudo-e-espiritual-sera\/#primaryimage"},"image":{"@id":"https:\/\/benditoser.com.br\/nem-tudo-e-ataque-mas-tudo-e-espiritual-sera\/#primaryimage"},"thumbnailUrl":"https:\/\/benditoser.com.br\/wp-content\/uploads\/2021\/10\/NEM-TUDO-E-ATAQUE-ESPIRITUAL.jpg","datePublished":"2021-10-28T21:01:54+00:00","dateModified":"2021-10-28T21:04:56+00:00","description":"Nem tudo \u00e9 ataque espiritual, mas tudo \u00e9 espiritual. Um papo sobre tratamento espiritual a partir de uma perspectiva terap\u00eautica sobre nossos desafios do dia a dia.","breadcrumb":{"@id":"https:\/\/benditoser.com.br\/nem-tudo-e-ataque-mas-tudo-e-espiritual-sera\/#breadcrumb"},"inLanguage":"en-US","potentialAction":[{"@type":"ReadAction","target":["https:\/\/benditoser.com.br\/nem-tudo-e-ataque-mas-tudo-e-espiritual-sera\/"]}]},{"@type":"ImageObject","inLanguage":"en-US","@id":"https:\/\/benditoser.com.br\/nem-tudo-e-ataque-mas-tudo-e-espiritual-sera\/#primaryimage","url":"https:\/\/benditoser.com.br\/wp-content\/uploads\/2021\/10\/NEM-TUDO-E-ATAQUE-ESPIRITUAL.jpg","contentUrl":"https:\/\/benditoser.com.br\/wp-content\/uploads\/2021\/10\/NEM-TUDO-E-ATAQUE-ESPIRITUAL.jpg","width":1920,"height":1080},{"@type":"BreadcrumbList","@id":"https:\/\/benditoser.com.br\/nem-tudo-e-ataque-mas-tudo-e-espiritual-sera\/#breadcrumb","itemListElement":[{"@type":"ListItem","position":1,"name":"In\u00edcio","item":"https:\/\/benditoser.com.br\/"},{"@type":"ListItem","position":2,"name":"Nem tudo \u00e9 ataque, mas tudo \u00e9 espiritual. Ser\u00e1?"}]},{"@type":"WebSite","@id":"https:\/\/benditoser.com.br\/#website","url":"https:\/\/benditoser.com.br\/","name":"Benditoser","description":"Terapias","publisher":{"@id":"https:\/\/benditoser.com.br\/#organization"},"potentialAction":[{"@type":"SearchAction","target":{"@type":"EntryPoint","urlTemplate":"https:\/\/benditoser.com.br\/?s={search_term_string}"},"query-input":{"@type":"PropertyValueSpecification","valueRequired":true,"valueName":"search_term_string"}}],"inLanguage":"en-US"},{"@type":"Organization","@id":"https:\/\/benditoser.com.br\/#organization","name":"Benditoser","url":"https:\/\/benditoser.com.br\/","logo":{"@type":"ImageObject","inLanguage":"en-US","@id":"https:\/\/benditoser.com.br\/#\/schema\/logo\/image\/","url":"https:\/\/benditoser.com.br\/wp-content\/uploads\/2025\/05\/cropped-logo-bendito-ser-site.png","contentUrl":"https:\/\/benditoser.com.br\/wp-content\/uploads\/2025\/05\/cropped-logo-bendito-ser-site.png","width":220,"height":44,"caption":"Benditoser"},"image":{"@id":"https:\/\/benditoser.com.br\/#\/schema\/logo\/image\/"},"sameAs":["https:\/\/www.facebook.com\/benditoser.com.br","https:\/\/www.instagram.com\/benditoser.com.br\/"]},{"@type":"Person","@id":"https:\/\/benditoser.com.br\/#\/schema\/person\/1b910a9b2b037ddc492a3b2e8dc4adb2","name":"Paulo Vasconcelos","image":{"@type":"ImageObject","inLanguage":"en-US","@id":"https:\/\/secure.gravatar.com\/avatar\/34be8b8f301baee1d34ae5e8fc205d12bdfd859131ea8f1ea4a232bd06e2286f?s=96&d=mm&r=g","url":"https:\/\/secure.gravatar.com\/avatar\/34be8b8f301baee1d34ae5e8fc205d12bdfd859131ea8f1ea4a232bd06e2286f?s=96&d=mm&r=g","contentUrl":"https:\/\/secure.gravatar.com\/avatar\/34be8b8f301baee1d34ae5e8fc205d12bdfd859131ea8f1ea4a232bd06e2286f?s=96&d=mm&r=g","caption":"Paulo Vasconcelos"},"description":"Superior em Pr\u00e1ticas Integrativas e Complementares e p\u00f3s-graduando em psican\u00e1lise cl\u00ednica, atuando no universo das terapias hol\u00edsticas e integrativas. GEM, Grupo de Estudos e Trabalho Medi\u00fanico; Apometria \u2013 terapeuta, dirigente de grupo e facilitador; CNV \u2013 Comunica\u00e7\u00e3o N\u00e3o-Violenta; Teologia de Umbanda; Mitologia Afro-brasileira e Psicologia Anal\u00edtica; T\u00c9CNICAS QUE UTILIZO: ODUZ, APRENDIZADOS DO CAMINHO; APOMETRIA; LEITURA DE REGISTROS AK\u00c1SHICOS; C\u00cdRCULO SIST\u00caMICO DA VIDA; RADIESTESIA; REIKI USUI; PSICOSSOM\u00c1TICA; GEOBIOLOGIA ESPIRITUAL;","url":"https:\/\/benditoser.com.br\/en\/author\/paulo\/"}]}},"publishpress_future_action":{"enabled":false,"date":"2026-09-07 22:54:08","action":"change-status","newStatus":"draft","terms":[],"taxonomy":"category","extraData":[]},"publishpress_future_workflow_manual_trigger":{"enabledWorkflows":[]},"_links":{"self":[{"href":"https:\/\/benditoser.com.br\/en\/wp-json\/wp\/v2\/posts\/2771","targetHints":{"allow":["GET"]}}],"collection":[{"href":"https:\/\/benditoser.com.br\/en\/wp-json\/wp\/v2\/posts"}],"about":[{"href":"https:\/\/benditoser.com.br\/en\/wp-json\/wp\/v2\/types\/post"}],"author":[{"embeddable":true,"href":"https:\/\/benditoser.com.br\/en\/wp-json\/wp\/v2\/users\/2"}],"replies":[{"embeddable":true,"href":"https:\/\/benditoser.com.br\/en\/wp-json\/wp\/v2\/comments?post=2771"}],"version-history":[{"count":3,"href":"https:\/\/benditoser.com.br\/en\/wp-json\/wp\/v2\/posts\/2771\/revisions"}],"predecessor-version":[{"id":2775,"href":"https:\/\/benditoser.com.br\/en\/wp-json\/wp\/v2\/posts\/2771\/revisions\/2775"}],"wp:featuredmedia":[{"embeddable":true,"href":"https:\/\/benditoser.com.br\/en\/wp-json\/wp\/v2\/media\/2773"}],"wp:attachment":[{"href":"https:\/\/benditoser.com.br\/en\/wp-json\/wp\/v2\/media?parent=2771"}],"wp:term":[{"taxonomy":"category","embeddable":true,"href":"https:\/\/benditoser.com.br\/en\/wp-json\/wp\/v2\/categories?post=2771"},{"taxonomy":"post_tag","embeddable":true,"href":"https:\/\/benditoser.com.br\/en\/wp-json\/wp\/v2\/tags?post=2771"}],"curies":[{"name":"wp","href":"https:\/\/api.w.org\/{rel}","templated":true}]}}