{"id":576,"date":"2019-05-25T10:26:21","date_gmt":"2019-05-25T13:26:21","guid":{"rendered":"https:\/\/oduz.etc.br\/?p=576"},"modified":"2019-05-25T12:05:50","modified_gmt":"2019-05-25T15:05:50","slug":"melhor-pra-fora-que-pra-dentro","status":"publish","type":"post","link":"https:\/\/benditoser.com.br\/en\/melhor-pra-fora-que-pra-dentro\/","title":{"rendered":"Melhor pra fora que pra dentro"},"content":{"rendered":"<h3>Melhor pra fora que pra dentro?<\/h3>\n<h3>O que significa isso?<\/h3>\n<p>&nbsp;<\/p>\n<p>Vamos imaginar que <strong>cada ser humano \u00e9 \u00fanico e essencial.<\/strong> Eu, voc\u00ea, seu vizinho barulhento, aquele cara chato do seu trabalho&#8230; Todos temos um lugar nesse grande planeta azul. Todos. Se um de n\u00f3s n\u00e3o &#8220;ocupa&#8221; seu espa\u00e7o &#8211; o todo &#8211; se desequilibra e tem que fazer um esfor\u00e7o enorme para n\u00e3o &#8220;desmoronar&#8221;.<\/p>\n<p>A\u00ed voc\u00ea pode estar se perguntando:<\/p>\n<h4>Se sou t\u00e3o &#8216;<strong>especial&#8217;<\/strong> assim, o que acontece comigo que n\u00e3o sei o que fazer?<br \/>\nN\u00e3o sei pra onde vou ou o que quero da vida?<\/h4>\n<p>Eu te respondo que, pra tristeza de muitos, n\u00e3o somos <strong>ESPECIAIS<\/strong>, somos <strong>ESSENCIAIS<\/strong>. E isso muda tudo!<\/p>\n<p>Explico. Quando pensamos que somos especiais, nos colocamos acima de algo ou de algu\u00e9m. Nos colocamos em &#8220;competi\u00e7\u00e3o&#8221;, em distanciamento e separa\u00e7\u00e3o do todo. Veja a rela\u00e7\u00e3o que temos com a natureza. Supomos que somos especiais e que ela existe pra nos servir. N\u00e3o percebemos que somos parte essencial dela, assim como ela \u00e9 parte essencial de n\u00f3s. Nosso corpo, por exemplo, \u00e9 formado\/composto de todos os reinos da natureza. Nosso planeta nos possibilita a vida, nos alimenta e acolhe, mesmo assim n\u00e3o nos identificamos com ele. Isso \u00e9 se sentir especial e n\u00e3o essencial.<\/p>\n<h4>Como posso me sentir &#8220;essencial&#8221;?<\/h4>\n<p>Simples.<\/p>\n<p>Quando voc\u00ea trabalha seu Ego no sentido de se sentir especial &#8211; mesmo que n\u00e3o consiga se sentir &#8211; voc\u00ea vai estar se distanciando da sua ess\u00eancia e do todo. Vai estar se distanciando do fluxo da vida. Voc\u00ea pode n\u00e3o perceber, mas com o passar do tempo vai sentir. Sentir o vazio dentro do peito, reflexos no seu corpo e na sua mente. Vai tentar calar-SE com medica\u00e7\u00f5es e outros tipos de fuga, mas nada vai preencher voc\u00ea &#8211; de voc\u00ea mesmo, claro! S\u00f3 voc\u00ea pode fazer isso. Nada que venha de fora vai conseguir fazer isso por voc\u00ea. Nem o emprego novo, a casa nova, o carro novo. Nada vai.<\/p>\n<p>O primeiro movimento para se sentir essencial \u00e9 se olhar. Se observar. Se acolher. Sim, isso mesmo. Tudo que voc\u00ea precisa pra se conectar com sua ess\u00eancia \u00e9 se aceitar como \u00e9 &#8211; e se assumir, bem do jeitinho que voc\u00ea \u00e9. Ser voc\u00ea mesmo, ser &#8220;ESS\u00caNCIA&#8221;, isso \u00e9 se sentir &#8220;ESSENCIAL&#8221;.<\/p>\n<p>Esse movimento \u00e9 simples, mas toca em uma grande ferida nossa: <strong>o orgulho.<\/strong> Uma armadilha que nos aprisiona dentro de n\u00f3s mesmos e n\u00e3o nos deixa sair. Uma pris\u00e3o &#8220;volunt\u00e1ria&#8221; e sem muros. Se nos julgamos especiais temos que ser cada vez melhores e nunca vamos nos bastar.<\/p>\n<h4>O que &#8220;ser essencial&#8221; tem a ver com o t\u00edtulo desse post?<\/h4>\n<p>Antes de mais nada, que bom que voc\u00ea chegou at\u00e9 aqui.<br \/>\nSinal que est\u00e1 fazendo algum sentido.<\/p>\n<p>Ent\u00e3o vamos l\u00e1!<\/p>\n<p>Por n\u00e3o nos aceitarmos como somos, nos sentimos perdidos e acabamos por ocupar &#8220;lugares&#8221; que n\u00e3o s\u00e3o nossos. Pautamos nossas escolhas pelo dinheiro, status ou qualquer outro barulho externo. N\u00e3o escutamos nossa ess\u00eancia, nossa intui\u00e7\u00e3o, nosso cora\u00e7\u00e3o. Assim nos tornamos escravos do nosso orgulho e vaidade. E nos tornamos infelizes por dentro, perdidos de n\u00f3s mesmos.<\/p>\n<blockquote><p><strong>Se n\u00e3o estou no meu lugar, sendo eu mesmo, fazendo minhas escolhas a partir do que faz sentido pra mim, estou FRACO<\/strong>. Me sinto fraco. E a vida vai passando&#8230; as horas, os dias, as semanas, os meses&#8230; E cada vez tudo parece fazer menos sentido pra mim. <strong>A\u00ed me calo. Calo minha ess\u00eancia, minha vida.\u00a0<\/strong>Algumas pessoas simplesmente se emudecem, outras se deprimem, outras s\u00f3 levam a vida &#8211; se abandonam, outras se escondem (ou tentam) atr\u00e1s de boas desculpas. Por falar em desculpas, as melhores s\u00e3o: trabalho, tempo, dinheiro, fam\u00edlia\/responsabilidade.<\/p><\/blockquote>\n<p>Um trauma vivido tamb\u00e9m pode te manter distante da sua ess\u00eancia. Esse j\u00e1 requer uma boa dose de coragem. Uma coragem que vem do cansa\u00e7o de se tornar prisioneiro. De uma necessidade latente de resinificado. Vou tratar disso em outro post, ok?<\/p>\n<h3>Melhor pra fora que pra dentro! Lembra?<\/h3>\n<p><a href=\"https:\/\/benditoser.com.br\/wp-content\/uploads\/2019\/05\/oduz-blog-melhor-pra-fora-que-pra-dentro.jpg\"><img fetchpriority=\"high\" decoding=\"async\" class=\"alignnone wp-image-579 size-full\" src=\"https:\/\/benditoser.com.br\/wp-content\/uploads\/2019\/05\/oduz-blog-melhor-pra-fora-que-pra-dentro.jpg\" alt=\"\" width=\"712\" height=\"400\" srcset=\"https:\/\/benditoser.com.br\/wp-content\/uploads\/2019\/05\/oduz-blog-melhor-pra-fora-que-pra-dentro.jpg 712w, https:\/\/benditoser.com.br\/wp-content\/uploads\/2019\/05\/oduz-blog-melhor-pra-fora-que-pra-dentro-300x169.jpg 300w, https:\/\/benditoser.com.br\/wp-content\/uploads\/2019\/05\/oduz-blog-melhor-pra-fora-que-pra-dentro-600x337.jpg 600w, https:\/\/benditoser.com.br\/wp-content\/uploads\/2019\/05\/oduz-blog-melhor-pra-fora-que-pra-dentro-640x360.jpg 640w, https:\/\/benditoser.com.br\/wp-content\/uploads\/2019\/05\/oduz-blog-melhor-pra-fora-que-pra-dentro-400x225.jpg 400w\" sizes=\"(max-width: 712px) 100vw, 712px\" \/><\/a><\/p>\n<p>N\u00e3o esqueci. Aqui vai a explica\u00e7\u00e3o: se eu j\u00e1 tenho coragem de ser eu mesmo, n\u00e3o preciso ENGOLIR nada. Posso simplesmente SER EU. Falar o que preciso, fazer o que preciso, est\u00e1 onde preciso. Isso \u00e9 ser ess\u00eancia. Isso \u00e9 ser essencial.<\/p>\n<p>O outro lado dessa moeda \u00e9: por n\u00e3o saber quem eu sou, por n\u00e3o assumir nem estar em meu lugar, aceito tudo\u00a0 que o mundo me manda. Engulo tudo. Recebo tudo.<\/p>\n<p><strong>Fez sentir?<\/strong><\/p>\n<p>Pra trocar mais aprendizados, voc\u00ea pode pedir que eu trate de um tema, ou enviar o seu pr\u00f3prio pensamento sobre algum assunto.<br \/>\nPrometo que vou ler e, se for o caso, postamos aqui no blog da nossa comunidade Oduz.<br \/>\n<strong>Envie para site@oduz.etc.br<\/strong><\/p>","protected":false},"excerpt":{"rendered":"<p>Melhor pra fora que pra dentro? O que significa isso? &nbsp; Vamos imaginar que cada ser humano \u00e9 \u00fanico e essencial. Eu, voc\u00ea, seu vizinho barulhento, aquele cara chato do seu trabalho&#8230; Todos temos um lugar nesse grande planeta azul. Todos. Se um de n\u00f3s [&hellip;]<\/p>\n","protected":false},"author":2,"featured_media":579,"comment_status":"open","ping_status":"open","sticky":false,"template":"","format":"standard","meta":{"om_disable_all_campaigns":false,"_monsterinsights_skip_tracking":false,"_uf_show_specific_survey":0,"_uf_disable_surveys":false,"footnotes":""},"categories":[17],"tags":[18,19,20],"class_list":["post-576","post","type-post","status-publish","format-standard","has-post-thumbnail","hentry","category-pensar-livre","tag-sobre-orgulho","tag-sobre-proposito","tag-sobre-ser-essencial"],"yoast_head":"<!-- This site is optimized with the Yoast SEO plugin v28.3 - https:\/\/yoast.com\/product\/yoast-seo-wordpress\/ -->\n<title>Melhor pra fora que pra dentro - Benditoser<\/title>\n<meta name=\"robots\" content=\"index, follow, max-snippet:-1, max-image-preview:large, max-video-preview:-1\" \/>\n<link rel=\"canonical\" href=\"https:\/\/benditoser.com.br\/en\/melhor-pra-fora-que-pra-dentro\/\" \/>\n<meta property=\"og:locale\" content=\"en_US\" \/>\n<meta property=\"og:type\" content=\"article\" \/>\n<meta property=\"og:title\" content=\"Melhor pra fora que pra dentro - Benditoser\" \/>\n<meta property=\"og:description\" content=\"Melhor pra fora que pra dentro? O que significa isso? &nbsp; Vamos imaginar que cada ser humano \u00e9 \u00fanico e essencial. Eu, voc\u00ea, seu vizinho barulhento, aquele cara chato do seu trabalho&#8230; Todos temos um lugar nesse grande planeta azul. Todos. Se um de n\u00f3s [&hellip;]\" \/>\n<meta property=\"og:url\" content=\"https:\/\/benditoser.com.br\/en\/melhor-pra-fora-que-pra-dentro\/\" \/>\n<meta property=\"og:site_name\" content=\"Benditoser\" \/>\n<meta property=\"article:publisher\" content=\"https:\/\/www.facebook.com\/benditoser.com.br\" \/>\n<meta property=\"article:published_time\" content=\"2019-05-25T13:26:21+00:00\" \/>\n<meta property=\"article:modified_time\" content=\"2019-05-25T15:05:50+00:00\" \/>\n<meta property=\"og:image\" content=\"https:\/\/benditoser.com.br\/wp-content\/uploads\/2019\/05\/oduz-blog-melhor-pra-fora-que-pra-dentro.jpg\" \/>\n\t<meta property=\"og:image:width\" content=\"712\" \/>\n\t<meta property=\"og:image:height\" content=\"400\" \/>\n\t<meta property=\"og:image:type\" content=\"image\/jpeg\" \/>\n<meta name=\"author\" content=\"Paulo Vasconcelos\" \/>\n<meta name=\"twitter:card\" content=\"summary_large_image\" \/>\n<meta name=\"twitter:label1\" content=\"Written by\" \/>\n\t<meta name=\"twitter:data1\" content=\"Paulo Vasconcelos\" \/>\n\t<meta name=\"twitter:label2\" content=\"Est. reading time\" \/>\n\t<meta name=\"twitter:data2\" content=\"4 minutes\" \/>\n<script type=\"application\/ld+json\" class=\"yoast-schema-graph\">{\"@context\":\"https:\\\/\\\/schema.org\",\"@graph\":[{\"@type\":\"Article\",\"@id\":\"https:\\\/\\\/benditoser.com.br\\\/melhor-pra-fora-que-pra-dentro\\\/#article\",\"isPartOf\":{\"@id\":\"https:\\\/\\\/benditoser.com.br\\\/melhor-pra-fora-que-pra-dentro\\\/\"},\"author\":{\"name\":\"Paulo Vasconcelos\",\"@id\":\"https:\\\/\\\/benditoser.com.br\\\/#\\\/schema\\\/person\\\/1b910a9b2b037ddc492a3b2e8dc4adb2\"},\"headline\":\"Melhor pra fora que pra dentro\",\"datePublished\":\"2019-05-25T13:26:21+00:00\",\"dateModified\":\"2019-05-25T15:05:50+00:00\",\"mainEntityOfPage\":{\"@id\":\"https:\\\/\\\/benditoser.com.br\\\/melhor-pra-fora-que-pra-dentro\\\/\"},\"wordCount\":823,\"commentCount\":0,\"publisher\":{\"@id\":\"https:\\\/\\\/benditoser.com.br\\\/#organization\"},\"image\":{\"@id\":\"https:\\\/\\\/benditoser.com.br\\\/melhor-pra-fora-que-pra-dentro\\\/#primaryimage\"},\"thumbnailUrl\":\"https:\\\/\\\/benditoser.com.br\\\/wp-content\\\/uploads\\\/2019\\\/05\\\/oduz-blog-melhor-pra-fora-que-pra-dentro.jpg\",\"keywords\":[\"Sobre orgulho\",\"Sobre Prop\u00f3sito\",\"Sobre ser essencial\"],\"articleSection\":[\"Pensar livre\"],\"inLanguage\":\"en-US\",\"potentialAction\":[{\"@type\":\"CommentAction\",\"name\":\"Comment\",\"target\":[\"https:\\\/\\\/benditoser.com.br\\\/melhor-pra-fora-que-pra-dentro\\\/#respond\"]}]},{\"@type\":\"WebPage\",\"@id\":\"https:\\\/\\\/benditoser.com.br\\\/melhor-pra-fora-que-pra-dentro\\\/\",\"url\":\"https:\\\/\\\/benditoser.com.br\\\/melhor-pra-fora-que-pra-dentro\\\/\",\"name\":\"Melhor pra fora que pra dentro - Benditoser\",\"isPartOf\":{\"@id\":\"https:\\\/\\\/benditoser.com.br\\\/#website\"},\"primaryImageOfPage\":{\"@id\":\"https:\\\/\\\/benditoser.com.br\\\/melhor-pra-fora-que-pra-dentro\\\/#primaryimage\"},\"image\":{\"@id\":\"https:\\\/\\\/benditoser.com.br\\\/melhor-pra-fora-que-pra-dentro\\\/#primaryimage\"},\"thumbnailUrl\":\"https:\\\/\\\/benditoser.com.br\\\/wp-content\\\/uploads\\\/2019\\\/05\\\/oduz-blog-melhor-pra-fora-que-pra-dentro.jpg\",\"datePublished\":\"2019-05-25T13:26:21+00:00\",\"dateModified\":\"2019-05-25T15:05:50+00:00\",\"breadcrumb\":{\"@id\":\"https:\\\/\\\/benditoser.com.br\\\/melhor-pra-fora-que-pra-dentro\\\/#breadcrumb\"},\"inLanguage\":\"en-US\",\"potentialAction\":[{\"@type\":\"ReadAction\",\"target\":[\"https:\\\/\\\/benditoser.com.br\\\/melhor-pra-fora-que-pra-dentro\\\/\"]}]},{\"@type\":\"ImageObject\",\"inLanguage\":\"en-US\",\"@id\":\"https:\\\/\\\/benditoser.com.br\\\/melhor-pra-fora-que-pra-dentro\\\/#primaryimage\",\"url\":\"https:\\\/\\\/benditoser.com.br\\\/wp-content\\\/uploads\\\/2019\\\/05\\\/oduz-blog-melhor-pra-fora-que-pra-dentro.jpg\",\"contentUrl\":\"https:\\\/\\\/benditoser.com.br\\\/wp-content\\\/uploads\\\/2019\\\/05\\\/oduz-blog-melhor-pra-fora-que-pra-dentro.jpg\",\"width\":712,\"height\":400},{\"@type\":\"BreadcrumbList\",\"@id\":\"https:\\\/\\\/benditoser.com.br\\\/melhor-pra-fora-que-pra-dentro\\\/#breadcrumb\",\"itemListElement\":[{\"@type\":\"ListItem\",\"position\":1,\"name\":\"In\u00edcio\",\"item\":\"https:\\\/\\\/benditoser.com.br\\\/\"},{\"@type\":\"ListItem\",\"position\":2,\"name\":\"Melhor pra fora que pra dentro\"}]},{\"@type\":\"WebSite\",\"@id\":\"https:\\\/\\\/benditoser.com.br\\\/#website\",\"url\":\"https:\\\/\\\/benditoser.com.br\\\/\",\"name\":\"Benditoser\",\"description\":\"Terapias\",\"publisher\":{\"@id\":\"https:\\\/\\\/benditoser.com.br\\\/#organization\"},\"potentialAction\":[{\"@type\":\"SearchAction\",\"target\":{\"@type\":\"EntryPoint\",\"urlTemplate\":\"https:\\\/\\\/benditoser.com.br\\\/?s={search_term_string}\"},\"query-input\":{\"@type\":\"PropertyValueSpecification\",\"valueRequired\":true,\"valueName\":\"search_term_string\"}}],\"inLanguage\":\"en-US\"},{\"@type\":\"Organization\",\"@id\":\"https:\\\/\\\/benditoser.com.br\\\/#organization\",\"name\":\"Benditoser\",\"url\":\"https:\\\/\\\/benditoser.com.br\\\/\",\"logo\":{\"@type\":\"ImageObject\",\"inLanguage\":\"en-US\",\"@id\":\"https:\\\/\\\/benditoser.com.br\\\/#\\\/schema\\\/logo\\\/image\\\/\",\"url\":\"https:\\\/\\\/benditoser.com.br\\\/wp-content\\\/uploads\\\/2025\\\/05\\\/cropped-logo-bendito-ser-site.png\",\"contentUrl\":\"https:\\\/\\\/benditoser.com.br\\\/wp-content\\\/uploads\\\/2025\\\/05\\\/cropped-logo-bendito-ser-site.png\",\"width\":220,\"height\":44,\"caption\":\"Benditoser\"},\"image\":{\"@id\":\"https:\\\/\\\/benditoser.com.br\\\/#\\\/schema\\\/logo\\\/image\\\/\"},\"sameAs\":[\"https:\\\/\\\/www.facebook.com\\\/benditoser.com.br\",\"https:\\\/\\\/www.instagram.com\\\/benditoser.com.br\\\/\"]},{\"@type\":\"Person\",\"@id\":\"https:\\\/\\\/benditoser.com.br\\\/#\\\/schema\\\/person\\\/1b910a9b2b037ddc492a3b2e8dc4adb2\",\"name\":\"Paulo Vasconcelos\",\"image\":{\"@type\":\"ImageObject\",\"inLanguage\":\"en-US\",\"@id\":\"https:\\\/\\\/secure.gravatar.com\\\/avatar\\\/34be8b8f301baee1d34ae5e8fc205d12bdfd859131ea8f1ea4a232bd06e2286f?s=96&d=mm&r=g\",\"url\":\"https:\\\/\\\/secure.gravatar.com\\\/avatar\\\/34be8b8f301baee1d34ae5e8fc205d12bdfd859131ea8f1ea4a232bd06e2286f?s=96&d=mm&r=g\",\"contentUrl\":\"https:\\\/\\\/secure.gravatar.com\\\/avatar\\\/34be8b8f301baee1d34ae5e8fc205d12bdfd859131ea8f1ea4a232bd06e2286f?s=96&d=mm&r=g\",\"caption\":\"Paulo Vasconcelos\"},\"description\":\"Superior em Pr\u00e1ticas Integrativas e Complementares e p\u00f3s-graduando em psican\u00e1lise cl\u00ednica, atuando no universo das terapias hol\u00edsticas e integrativas. GEM, Grupo de Estudos e Trabalho Medi\u00fanico; Apometria \u2013 terapeuta, dirigente de grupo e facilitador; CNV \u2013 Comunica\u00e7\u00e3o N\u00e3o-Violenta; Teologia de Umbanda; Mitologia Afro-brasileira e Psicologia Anal\u00edtica; T\u00c9CNICAS QUE UTILIZO: ODUZ, APRENDIZADOS DO CAMINHO; APOMETRIA; LEITURA DE REGISTROS AK\u00c1SHICOS; C\u00cdRCULO SIST\u00caMICO DA VIDA; RADIESTESIA; REIKI USUI; PSICOSSOM\u00c1TICA; GEOBIOLOGIA ESPIRITUAL;\",\"url\":\"https:\\\/\\\/benditoser.com.br\\\/en\\\/author\\\/paulo\\\/\"}]}<\/script>\n<!-- \/ Yoast SEO plugin. -->","yoast_head_json":{"title":"Melhor pra fora que pra dentro - Benditoser","robots":{"index":"index","follow":"follow","max-snippet":"max-snippet:-1","max-image-preview":"max-image-preview:large","max-video-preview":"max-video-preview:-1"},"canonical":"https:\/\/benditoser.com.br\/en\/melhor-pra-fora-que-pra-dentro\/","og_locale":"en_US","og_type":"article","og_title":"Melhor pra fora que pra dentro - Benditoser","og_description":"Melhor pra fora que pra dentro? O que significa isso? &nbsp; Vamos imaginar que cada ser humano \u00e9 \u00fanico e essencial. Eu, voc\u00ea, seu vizinho barulhento, aquele cara chato do seu trabalho&#8230; Todos temos um lugar nesse grande planeta azul. Todos. Se um de n\u00f3s [&hellip;]","og_url":"https:\/\/benditoser.com.br\/en\/melhor-pra-fora-que-pra-dentro\/","og_site_name":"Benditoser","article_publisher":"https:\/\/www.facebook.com\/benditoser.com.br","article_published_time":"2019-05-25T13:26:21+00:00","article_modified_time":"2019-05-25T15:05:50+00:00","og_image":[{"width":712,"height":400,"url":"https:\/\/benditoser.com.br\/wp-content\/uploads\/2019\/05\/oduz-blog-melhor-pra-fora-que-pra-dentro.jpg","type":"image\/jpeg"}],"author":"Paulo Vasconcelos","twitter_card":"summary_large_image","twitter_misc":{"Written by":"Paulo Vasconcelos","Est. reading time":"4 minutes"},"schema":{"@context":"https:\/\/schema.org","@graph":[{"@type":"Article","@id":"https:\/\/benditoser.com.br\/melhor-pra-fora-que-pra-dentro\/#article","isPartOf":{"@id":"https:\/\/benditoser.com.br\/melhor-pra-fora-que-pra-dentro\/"},"author":{"name":"Paulo Vasconcelos","@id":"https:\/\/benditoser.com.br\/#\/schema\/person\/1b910a9b2b037ddc492a3b2e8dc4adb2"},"headline":"Melhor pra fora que pra dentro","datePublished":"2019-05-25T13:26:21+00:00","dateModified":"2019-05-25T15:05:50+00:00","mainEntityOfPage":{"@id":"https:\/\/benditoser.com.br\/melhor-pra-fora-que-pra-dentro\/"},"wordCount":823,"commentCount":0,"publisher":{"@id":"https:\/\/benditoser.com.br\/#organization"},"image":{"@id":"https:\/\/benditoser.com.br\/melhor-pra-fora-que-pra-dentro\/#primaryimage"},"thumbnailUrl":"https:\/\/benditoser.com.br\/wp-content\/uploads\/2019\/05\/oduz-blog-melhor-pra-fora-que-pra-dentro.jpg","keywords":["Sobre orgulho","Sobre Prop\u00f3sito","Sobre ser essencial"],"articleSection":["Pensar livre"],"inLanguage":"en-US","potentialAction":[{"@type":"CommentAction","name":"Comment","target":["https:\/\/benditoser.com.br\/melhor-pra-fora-que-pra-dentro\/#respond"]}]},{"@type":"WebPage","@id":"https:\/\/benditoser.com.br\/melhor-pra-fora-que-pra-dentro\/","url":"https:\/\/benditoser.com.br\/melhor-pra-fora-que-pra-dentro\/","name":"Melhor pra fora que pra dentro - Benditoser","isPartOf":{"@id":"https:\/\/benditoser.com.br\/#website"},"primaryImageOfPage":{"@id":"https:\/\/benditoser.com.br\/melhor-pra-fora-que-pra-dentro\/#primaryimage"},"image":{"@id":"https:\/\/benditoser.com.br\/melhor-pra-fora-que-pra-dentro\/#primaryimage"},"thumbnailUrl":"https:\/\/benditoser.com.br\/wp-content\/uploads\/2019\/05\/oduz-blog-melhor-pra-fora-que-pra-dentro.jpg","datePublished":"2019-05-25T13:26:21+00:00","dateModified":"2019-05-25T15:05:50+00:00","breadcrumb":{"@id":"https:\/\/benditoser.com.br\/melhor-pra-fora-que-pra-dentro\/#breadcrumb"},"inLanguage":"en-US","potentialAction":[{"@type":"ReadAction","target":["https:\/\/benditoser.com.br\/melhor-pra-fora-que-pra-dentro\/"]}]},{"@type":"ImageObject","inLanguage":"en-US","@id":"https:\/\/benditoser.com.br\/melhor-pra-fora-que-pra-dentro\/#primaryimage","url":"https:\/\/benditoser.com.br\/wp-content\/uploads\/2019\/05\/oduz-blog-melhor-pra-fora-que-pra-dentro.jpg","contentUrl":"https:\/\/benditoser.com.br\/wp-content\/uploads\/2019\/05\/oduz-blog-melhor-pra-fora-que-pra-dentro.jpg","width":712,"height":400},{"@type":"BreadcrumbList","@id":"https:\/\/benditoser.com.br\/melhor-pra-fora-que-pra-dentro\/#breadcrumb","itemListElement":[{"@type":"ListItem","position":1,"name":"In\u00edcio","item":"https:\/\/benditoser.com.br\/"},{"@type":"ListItem","position":2,"name":"Melhor pra fora que pra dentro"}]},{"@type":"WebSite","@id":"https:\/\/benditoser.com.br\/#website","url":"https:\/\/benditoser.com.br\/","name":"Benditoser","description":"Terapias","publisher":{"@id":"https:\/\/benditoser.com.br\/#organization"},"potentialAction":[{"@type":"SearchAction","target":{"@type":"EntryPoint","urlTemplate":"https:\/\/benditoser.com.br\/?s={search_term_string}"},"query-input":{"@type":"PropertyValueSpecification","valueRequired":true,"valueName":"search_term_string"}}],"inLanguage":"en-US"},{"@type":"Organization","@id":"https:\/\/benditoser.com.br\/#organization","name":"Benditoser","url":"https:\/\/benditoser.com.br\/","logo":{"@type":"ImageObject","inLanguage":"en-US","@id":"https:\/\/benditoser.com.br\/#\/schema\/logo\/image\/","url":"https:\/\/benditoser.com.br\/wp-content\/uploads\/2025\/05\/cropped-logo-bendito-ser-site.png","contentUrl":"https:\/\/benditoser.com.br\/wp-content\/uploads\/2025\/05\/cropped-logo-bendito-ser-site.png","width":220,"height":44,"caption":"Benditoser"},"image":{"@id":"https:\/\/benditoser.com.br\/#\/schema\/logo\/image\/"},"sameAs":["https:\/\/www.facebook.com\/benditoser.com.br","https:\/\/www.instagram.com\/benditoser.com.br\/"]},{"@type":"Person","@id":"https:\/\/benditoser.com.br\/#\/schema\/person\/1b910a9b2b037ddc492a3b2e8dc4adb2","name":"Paulo Vasconcelos","image":{"@type":"ImageObject","inLanguage":"en-US","@id":"https:\/\/secure.gravatar.com\/avatar\/34be8b8f301baee1d34ae5e8fc205d12bdfd859131ea8f1ea4a232bd06e2286f?s=96&d=mm&r=g","url":"https:\/\/secure.gravatar.com\/avatar\/34be8b8f301baee1d34ae5e8fc205d12bdfd859131ea8f1ea4a232bd06e2286f?s=96&d=mm&r=g","contentUrl":"https:\/\/secure.gravatar.com\/avatar\/34be8b8f301baee1d34ae5e8fc205d12bdfd859131ea8f1ea4a232bd06e2286f?s=96&d=mm&r=g","caption":"Paulo Vasconcelos"},"description":"Superior em Pr\u00e1ticas Integrativas e Complementares e p\u00f3s-graduando em psican\u00e1lise cl\u00ednica, atuando no universo das terapias hol\u00edsticas e integrativas. GEM, Grupo de Estudos e Trabalho Medi\u00fanico; Apometria \u2013 terapeuta, dirigente de grupo e facilitador; CNV \u2013 Comunica\u00e7\u00e3o N\u00e3o-Violenta; Teologia de Umbanda; Mitologia Afro-brasileira e Psicologia Anal\u00edtica; T\u00c9CNICAS QUE UTILIZO: ODUZ, APRENDIZADOS DO CAMINHO; APOMETRIA; LEITURA DE REGISTROS AK\u00c1SHICOS; C\u00cdRCULO SIST\u00caMICO DA VIDA; RADIESTESIA; REIKI USUI; PSICOSSOM\u00c1TICA; GEOBIOLOGIA ESPIRITUAL;","url":"https:\/\/benditoser.com.br\/en\/author\/paulo\/"}]}},"publishpress_future_action":{"enabled":false,"date":"2026-09-07 22:54:04","action":"change-status","newStatus":"draft","terms":[],"taxonomy":"category","extraData":[]},"publishpress_future_workflow_manual_trigger":{"enabledWorkflows":[]},"_links":{"self":[{"href":"https:\/\/benditoser.com.br\/en\/wp-json\/wp\/v2\/posts\/576","targetHints":{"allow":["GET"]}}],"collection":[{"href":"https:\/\/benditoser.com.br\/en\/wp-json\/wp\/v2\/posts"}],"about":[{"href":"https:\/\/benditoser.com.br\/en\/wp-json\/wp\/v2\/types\/post"}],"author":[{"embeddable":true,"href":"https:\/\/benditoser.com.br\/en\/wp-json\/wp\/v2\/users\/2"}],"replies":[{"embeddable":true,"href":"https:\/\/benditoser.com.br\/en\/wp-json\/wp\/v2\/comments?post=576"}],"version-history":[{"count":17,"href":"https:\/\/benditoser.com.br\/en\/wp-json\/wp\/v2\/posts\/576\/revisions"}],"predecessor-version":[{"id":596,"href":"https:\/\/benditoser.com.br\/en\/wp-json\/wp\/v2\/posts\/576\/revisions\/596"}],"wp:featuredmedia":[{"embeddable":true,"href":"https:\/\/benditoser.com.br\/en\/wp-json\/wp\/v2\/media\/579"}],"wp:attachment":[{"href":"https:\/\/benditoser.com.br\/en\/wp-json\/wp\/v2\/media?parent=576"}],"wp:term":[{"taxonomy":"category","embeddable":true,"href":"https:\/\/benditoser.com.br\/en\/wp-json\/wp\/v2\/categories?post=576"},{"taxonomy":"post_tag","embeddable":true,"href":"https:\/\/benditoser.com.br\/en\/wp-json\/wp\/v2\/tags?post=576"}],"curies":[{"name":"wp","href":"https:\/\/api.w.org\/{rel}","templated":true}]}}