{"id":750,"date":"2019-08-08T14:33:54","date_gmt":"2019-08-08T17:33:54","guid":{"rendered":"https:\/\/oduz.etc.br\/?p=750"},"modified":"2019-08-08T14:36:08","modified_gmt":"2019-08-08T17:36:08","slug":"musica-pra-inspirar-a-maldicao-de-ser-feliz-reverb-poesia","status":"publish","type":"post","link":"https:\/\/benditoser.com.br\/en\/musica-pra-inspirar-a-maldicao-de-ser-feliz-reverb-poesia\/","title":{"rendered":"M\u00fasica pra inspirar! A Maldi\u00e7\u00e3o de Ser Feliz, Reverb Poesia"},"content":{"rendered":"<h3><strong>M\u00fasica pra inspirar a sua mudan\u00e7a de vida!<\/strong><\/h3>\n<p>&nbsp;<\/p>\n<p>[embedyt] https:\/\/www.youtube.com\/watch?v=C2dwDNztfHs[\/embedyt]<\/p>\n<p>&nbsp;<\/p>\n<p><span style=\"color: #ff9900;\"><a style=\"color: #ff9900;\" href=\"https:\/\/open.spotify.com\/album\/7B8AcFtd4jOTpA3q9FQLfm\">No Spotify<\/a><br \/>\n<a style=\"color: #ff9900;\" href=\"https:\/\/www.deezer.com\/br\/track\/402584332?autoplay=true\">No Deezer<\/a><\/span><\/p>\n<p>&nbsp;<\/p>\n<p><strong>A Maldi\u00e7\u00e3o de Ser Feliz, Reverb Poesia<\/strong><\/p>\n<p>Eu nasci, com a maldi\u00e7\u00e3o de ser feliz<br \/>\nEu s\u00f3 queria ser normal, sorrir s\u00f3 quando dizer xis<br \/>\nProcurei, alguma cura desse mal<br \/>\nMas percebi que a maldi\u00e7\u00e3o, estava mesmo em ser normal<br \/>\nLogo no nascimento j\u00e1 era vis\u00edvel<br \/>\nQue pra um pai t\u00e3o s\u00e9rio aquilo era horr\u00edvel<br \/>\nUm filho nascer palha\u00e7o, n\u00e3o foi raz\u00e3o pra festa<br \/>\nMas que cabelo estranho, que nariz \u00e9 esse<br \/>\nDepois de adolescente mandaram que escondesse<br \/>\nComo espinha falsa, bem no meio da testa<br \/>\nEle fez o seu papel pois s\u00e9rio o tempo inteiro<br \/>\nS\u00f3 dava risada trancado no banheiro<br \/>\nGanhou uma maleta e partiu atr\u00e1s de emprego<br \/>\nL\u00e1 foi nosso palha\u00e7o vestido de adulto<br \/>\nCom cara emburrada e linguajar t\u00e3o culto<br \/>\nMas falar em alegria para ele era grego<br \/>\nCom diplomas e um curr\u00edculo em seu repert\u00f3rio<br \/>\nChega o circo de horrores chamado o escrit\u00f3rio<br \/>\nL\u00e1 sua fantasia \u00e9 mais uma entre tantas<br \/>\nO domador enjaulado que mata um le\u00e3o por dia<br \/>\nO malabarista desiquilibrado fazendo acrobacia<br \/>\nA engolidora de sapos com o n\u00f3 na garganta<br \/>\nA atiradora de facas com a l\u00edngua afiada explica a regra do jogo<br \/>\nNingu\u00e9m contraria o chefe porque ele gospe fogo<br \/>\nMas aparece o ilusionista anunciando a sexta feira<br \/>\nE o palha\u00e7o que perdeu a alegria procurando se encontrar<br \/>\nLeva no peito um sorriso estampado no crach\u00e1<br \/>\nDebaixo dessa careca,<br \/>\neu sei que existe uma peruca e aquela ideia maluca<br \/>\nDe quem sabe um dia ser feliz<br \/>\nDebaixo da maquiagem, eu sei que exite um palha\u00e7o<br \/>\nQue vai entender que o fracasso, \u00e9 n\u00e3o assumir o seu nariz<\/p>\n<h6>Fonte: <a href=\"https:\/\/www.musixmatch.com\/pt-br\/letras\/Reverb-Poesia-2\/A-Maldi\u00e7\u00e3o-de-Ser-Feliz\">Musixmatch<\/a><\/h6>\n<p>&nbsp;<\/p>\n","protected":false},"excerpt":{"rendered":"<p>M\u00fasica pra inspirar a sua mudan\u00e7a de vida! &nbsp; [embedyt] https:\/\/www.youtube.com\/watch?v=C2dwDNztfHs[\/embedyt] &nbsp; No Spotify No Deezer &nbsp; A Maldi\u00e7\u00e3o de Ser Feliz, Reverb Poesia Eu nasci, com a maldi\u00e7\u00e3o de ser feliz Eu s\u00f3 queria ser normal, sorrir s\u00f3 quando dizer xis Procurei, alguma cura [&hellip;]<\/p>\n","protected":false},"author":2,"featured_media":755,"comment_status":"open","ping_status":"open","sticky":false,"template":"","format":"standard","meta":{"om_disable_all_campaigns":false,"_monsterinsights_skip_tracking":false,"_uf_show_specific_survey":0,"_uf_disable_surveys":false,"footnotes":""},"categories":[23,17],"tags":[24,25],"class_list":["post-750","post","type-post","status-publish","format-standard","has-post-thumbnail","hentry","category-musica","category-pensar-livre","tag-inspirar","tag-musica"],"yoast_head":"<!-- This site is optimized with the Yoast SEO plugin v28.3 - https:\/\/yoast.com\/product\/yoast-seo-wordpress\/ -->\n<title>M\u00fasica pra inspirar! A Maldi\u00e7\u00e3o de Ser Feliz, Reverb Poesia - Benditoser<\/title>\n<meta name=\"robots\" content=\"index, follow, max-snippet:-1, max-image-preview:large, max-video-preview:-1\" \/>\n<link rel=\"canonical\" href=\"https:\/\/benditoser.com.br\/en\/musica-pra-inspirar-a-maldicao-de-ser-feliz-reverb-poesia\/\" \/>\n<meta property=\"og:locale\" content=\"en_US\" \/>\n<meta property=\"og:type\" content=\"article\" \/>\n<meta property=\"og:title\" content=\"M\u00fasica pra inspirar! A Maldi\u00e7\u00e3o de Ser Feliz, Reverb Poesia - Benditoser\" \/>\n<meta property=\"og:description\" content=\"M\u00fasica pra inspirar a sua mudan\u00e7a de vida! &nbsp; [embedyt] https:\/\/www.youtube.com\/watch?v=C2dwDNztfHs[\/embedyt] &nbsp; No Spotify No Deezer &nbsp; A Maldi\u00e7\u00e3o de Ser Feliz, Reverb Poesia Eu nasci, com a maldi\u00e7\u00e3o de ser feliz Eu s\u00f3 queria ser normal, sorrir s\u00f3 quando dizer xis Procurei, alguma cura [&hellip;]\" \/>\n<meta property=\"og:url\" content=\"https:\/\/benditoser.com.br\/en\/musica-pra-inspirar-a-maldicao-de-ser-feliz-reverb-poesia\/\" \/>\n<meta property=\"og:site_name\" content=\"Benditoser\" \/>\n<meta property=\"article:publisher\" content=\"https:\/\/www.facebook.com\/benditoser.com.br\" \/>\n<meta property=\"article:published_time\" content=\"2019-08-08T17:33:54+00:00\" \/>\n<meta property=\"article:modified_time\" content=\"2019-08-08T17:36:08+00:00\" \/>\n<meta property=\"og:image\" content=\"https:\/\/benditoser.com.br\/wp-content\/uploads\/2019\/08\/blog-oduz-a-maldi\u00e7\u00e3o-de-ser-feliz-reverb-poesia.jpg\" \/>\n\t<meta property=\"og:image:width\" content=\"1200\" \/>\n\t<meta property=\"og:image:height\" content=\"550\" \/>\n\t<meta property=\"og:image:type\" content=\"image\/jpeg\" \/>\n<meta name=\"author\" content=\"Paulo Vasconcelos\" \/>\n<meta name=\"twitter:card\" content=\"summary_large_image\" \/>\n<meta name=\"twitter:label1\" content=\"Written by\" \/>\n\t<meta name=\"twitter:data1\" content=\"Paulo Vasconcelos\" \/>\n\t<meta name=\"twitter:label2\" content=\"Est. reading time\" \/>\n\t<meta name=\"twitter:data2\" content=\"2 minutes\" \/>\n<script type=\"application\/ld+json\" class=\"yoast-schema-graph\">{\"@context\":\"https:\\\/\\\/schema.org\",\"@graph\":[{\"@type\":\"Article\",\"@id\":\"https:\\\/\\\/benditoser.com.br\\\/musica-pra-inspirar-a-maldicao-de-ser-feliz-reverb-poesia\\\/#article\",\"isPartOf\":{\"@id\":\"https:\\\/\\\/benditoser.com.br\\\/musica-pra-inspirar-a-maldicao-de-ser-feliz-reverb-poesia\\\/\"},\"author\":{\"name\":\"Paulo Vasconcelos\",\"@id\":\"https:\\\/\\\/benditoser.com.br\\\/#\\\/schema\\\/person\\\/1b910a9b2b037ddc492a3b2e8dc4adb2\"},\"headline\":\"M\u00fasica pra inspirar! A Maldi\u00e7\u00e3o de Ser Feliz, Reverb Poesia\",\"datePublished\":\"2019-08-08T17:33:54+00:00\",\"dateModified\":\"2019-08-08T17:36:08+00:00\",\"mainEntityOfPage\":{\"@id\":\"https:\\\/\\\/benditoser.com.br\\\/musica-pra-inspirar-a-maldicao-de-ser-feliz-reverb-poesia\\\/\"},\"wordCount\":329,\"commentCount\":0,\"publisher\":{\"@id\":\"https:\\\/\\\/benditoser.com.br\\\/#organization\"},\"image\":{\"@id\":\"https:\\\/\\\/benditoser.com.br\\\/musica-pra-inspirar-a-maldicao-de-ser-feliz-reverb-poesia\\\/#primaryimage\"},\"thumbnailUrl\":\"https:\\\/\\\/benditoser.com.br\\\/wp-content\\\/uploads\\\/2019\\\/08\\\/blog-oduz-a-maldi\u00e7\u00e3o-de-ser-feliz-reverb-poesia.jpg\",\"keywords\":[\"Inspirar\",\"M\u00fasica\"],\"articleSection\":[\"M\u00fasica\",\"Pensar livre\"],\"inLanguage\":\"en-US\",\"potentialAction\":[{\"@type\":\"CommentAction\",\"name\":\"Comment\",\"target\":[\"https:\\\/\\\/benditoser.com.br\\\/musica-pra-inspirar-a-maldicao-de-ser-feliz-reverb-poesia\\\/#respond\"]}]},{\"@type\":\"WebPage\",\"@id\":\"https:\\\/\\\/benditoser.com.br\\\/musica-pra-inspirar-a-maldicao-de-ser-feliz-reverb-poesia\\\/\",\"url\":\"https:\\\/\\\/benditoser.com.br\\\/musica-pra-inspirar-a-maldicao-de-ser-feliz-reverb-poesia\\\/\",\"name\":\"M\u00fasica pra inspirar! A Maldi\u00e7\u00e3o de Ser Feliz, Reverb Poesia - Benditoser\",\"isPartOf\":{\"@id\":\"https:\\\/\\\/benditoser.com.br\\\/#website\"},\"primaryImageOfPage\":{\"@id\":\"https:\\\/\\\/benditoser.com.br\\\/musica-pra-inspirar-a-maldicao-de-ser-feliz-reverb-poesia\\\/#primaryimage\"},\"image\":{\"@id\":\"https:\\\/\\\/benditoser.com.br\\\/musica-pra-inspirar-a-maldicao-de-ser-feliz-reverb-poesia\\\/#primaryimage\"},\"thumbnailUrl\":\"https:\\\/\\\/benditoser.com.br\\\/wp-content\\\/uploads\\\/2019\\\/08\\\/blog-oduz-a-maldi\u00e7\u00e3o-de-ser-feliz-reverb-poesia.jpg\",\"datePublished\":\"2019-08-08T17:33:54+00:00\",\"dateModified\":\"2019-08-08T17:36:08+00:00\",\"breadcrumb\":{\"@id\":\"https:\\\/\\\/benditoser.com.br\\\/musica-pra-inspirar-a-maldicao-de-ser-feliz-reverb-poesia\\\/#breadcrumb\"},\"inLanguage\":\"en-US\",\"potentialAction\":[{\"@type\":\"ReadAction\",\"target\":[\"https:\\\/\\\/benditoser.com.br\\\/musica-pra-inspirar-a-maldicao-de-ser-feliz-reverb-poesia\\\/\"]}]},{\"@type\":\"ImageObject\",\"inLanguage\":\"en-US\",\"@id\":\"https:\\\/\\\/benditoser.com.br\\\/musica-pra-inspirar-a-maldicao-de-ser-feliz-reverb-poesia\\\/#primaryimage\",\"url\":\"https:\\\/\\\/benditoser.com.br\\\/wp-content\\\/uploads\\\/2019\\\/08\\\/blog-oduz-a-maldi\u00e7\u00e3o-de-ser-feliz-reverb-poesia.jpg\",\"contentUrl\":\"https:\\\/\\\/benditoser.com.br\\\/wp-content\\\/uploads\\\/2019\\\/08\\\/blog-oduz-a-maldi\u00e7\u00e3o-de-ser-feliz-reverb-poesia.jpg\",\"width\":1200,\"height\":550},{\"@type\":\"BreadcrumbList\",\"@id\":\"https:\\\/\\\/benditoser.com.br\\\/musica-pra-inspirar-a-maldicao-de-ser-feliz-reverb-poesia\\\/#breadcrumb\",\"itemListElement\":[{\"@type\":\"ListItem\",\"position\":1,\"name\":\"In\u00edcio\",\"item\":\"https:\\\/\\\/benditoser.com.br\\\/\"},{\"@type\":\"ListItem\",\"position\":2,\"name\":\"M\u00fasica pra inspirar! A Maldi\u00e7\u00e3o de Ser Feliz, Reverb Poesia\"}]},{\"@type\":\"WebSite\",\"@id\":\"https:\\\/\\\/benditoser.com.br\\\/#website\",\"url\":\"https:\\\/\\\/benditoser.com.br\\\/\",\"name\":\"Benditoser\",\"description\":\"Terapias\",\"publisher\":{\"@id\":\"https:\\\/\\\/benditoser.com.br\\\/#organization\"},\"potentialAction\":[{\"@type\":\"SearchAction\",\"target\":{\"@type\":\"EntryPoint\",\"urlTemplate\":\"https:\\\/\\\/benditoser.com.br\\\/?s={search_term_string}\"},\"query-input\":{\"@type\":\"PropertyValueSpecification\",\"valueRequired\":true,\"valueName\":\"search_term_string\"}}],\"inLanguage\":\"en-US\"},{\"@type\":\"Organization\",\"@id\":\"https:\\\/\\\/benditoser.com.br\\\/#organization\",\"name\":\"Benditoser\",\"url\":\"https:\\\/\\\/benditoser.com.br\\\/\",\"logo\":{\"@type\":\"ImageObject\",\"inLanguage\":\"en-US\",\"@id\":\"https:\\\/\\\/benditoser.com.br\\\/#\\\/schema\\\/logo\\\/image\\\/\",\"url\":\"https:\\\/\\\/benditoser.com.br\\\/wp-content\\\/uploads\\\/2025\\\/05\\\/cropped-logo-bendito-ser-site.png\",\"contentUrl\":\"https:\\\/\\\/benditoser.com.br\\\/wp-content\\\/uploads\\\/2025\\\/05\\\/cropped-logo-bendito-ser-site.png\",\"width\":220,\"height\":44,\"caption\":\"Benditoser\"},\"image\":{\"@id\":\"https:\\\/\\\/benditoser.com.br\\\/#\\\/schema\\\/logo\\\/image\\\/\"},\"sameAs\":[\"https:\\\/\\\/www.facebook.com\\\/benditoser.com.br\",\"https:\\\/\\\/www.instagram.com\\\/benditoser.com.br\\\/\"]},{\"@type\":\"Person\",\"@id\":\"https:\\\/\\\/benditoser.com.br\\\/#\\\/schema\\\/person\\\/1b910a9b2b037ddc492a3b2e8dc4adb2\",\"name\":\"Paulo Vasconcelos\",\"image\":{\"@type\":\"ImageObject\",\"inLanguage\":\"en-US\",\"@id\":\"https:\\\/\\\/secure.gravatar.com\\\/avatar\\\/34be8b8f301baee1d34ae5e8fc205d12bdfd859131ea8f1ea4a232bd06e2286f?s=96&d=mm&r=g\",\"url\":\"https:\\\/\\\/secure.gravatar.com\\\/avatar\\\/34be8b8f301baee1d34ae5e8fc205d12bdfd859131ea8f1ea4a232bd06e2286f?s=96&d=mm&r=g\",\"contentUrl\":\"https:\\\/\\\/secure.gravatar.com\\\/avatar\\\/34be8b8f301baee1d34ae5e8fc205d12bdfd859131ea8f1ea4a232bd06e2286f?s=96&d=mm&r=g\",\"caption\":\"Paulo Vasconcelos\"},\"description\":\"Superior em Pr\u00e1ticas Integrativas e Complementares e p\u00f3s-graduando em psican\u00e1lise cl\u00ednica, atuando no universo das terapias hol\u00edsticas e integrativas. GEM, Grupo de Estudos e Trabalho Medi\u00fanico; Apometria \u2013 terapeuta, dirigente de grupo e facilitador; CNV \u2013 Comunica\u00e7\u00e3o N\u00e3o-Violenta; Teologia de Umbanda; Mitologia Afro-brasileira e Psicologia Anal\u00edtica; T\u00c9CNICAS QUE UTILIZO: ODUZ, APRENDIZADOS DO CAMINHO; APOMETRIA; LEITURA DE REGISTROS AK\u00c1SHICOS; C\u00cdRCULO SIST\u00caMICO DA VIDA; RADIESTESIA; REIKI USUI; PSICOSSOM\u00c1TICA; GEOBIOLOGIA ESPIRITUAL;\",\"url\":\"https:\\\/\\\/benditoser.com.br\\\/en\\\/author\\\/paulo\\\/\"}]}<\/script>\n<!-- \/ Yoast SEO plugin. -->","yoast_head_json":{"title":"M\u00fasica pra inspirar! A Maldi\u00e7\u00e3o de Ser Feliz, Reverb Poesia - Benditoser","robots":{"index":"index","follow":"follow","max-snippet":"max-snippet:-1","max-image-preview":"max-image-preview:large","max-video-preview":"max-video-preview:-1"},"canonical":"https:\/\/benditoser.com.br\/en\/musica-pra-inspirar-a-maldicao-de-ser-feliz-reverb-poesia\/","og_locale":"en_US","og_type":"article","og_title":"M\u00fasica pra inspirar! A Maldi\u00e7\u00e3o de Ser Feliz, Reverb Poesia - Benditoser","og_description":"M\u00fasica pra inspirar a sua mudan\u00e7a de vida! &nbsp; [embedyt] https:\/\/www.youtube.com\/watch?v=C2dwDNztfHs[\/embedyt] &nbsp; No Spotify No Deezer &nbsp; A Maldi\u00e7\u00e3o de Ser Feliz, Reverb Poesia Eu nasci, com a maldi\u00e7\u00e3o de ser feliz Eu s\u00f3 queria ser normal, sorrir s\u00f3 quando dizer xis Procurei, alguma cura [&hellip;]","og_url":"https:\/\/benditoser.com.br\/en\/musica-pra-inspirar-a-maldicao-de-ser-feliz-reverb-poesia\/","og_site_name":"Benditoser","article_publisher":"https:\/\/www.facebook.com\/benditoser.com.br","article_published_time":"2019-08-08T17:33:54+00:00","article_modified_time":"2019-08-08T17:36:08+00:00","og_image":[{"width":1200,"height":550,"url":"https:\/\/benditoser.com.br\/wp-content\/uploads\/2019\/08\/blog-oduz-a-maldi\u00e7\u00e3o-de-ser-feliz-reverb-poesia.jpg","type":"image\/jpeg"}],"author":"Paulo Vasconcelos","twitter_card":"summary_large_image","twitter_misc":{"Written by":"Paulo Vasconcelos","Est. reading time":"2 minutes"},"schema":{"@context":"https:\/\/schema.org","@graph":[{"@type":"Article","@id":"https:\/\/benditoser.com.br\/musica-pra-inspirar-a-maldicao-de-ser-feliz-reverb-poesia\/#article","isPartOf":{"@id":"https:\/\/benditoser.com.br\/musica-pra-inspirar-a-maldicao-de-ser-feliz-reverb-poesia\/"},"author":{"name":"Paulo Vasconcelos","@id":"https:\/\/benditoser.com.br\/#\/schema\/person\/1b910a9b2b037ddc492a3b2e8dc4adb2"},"headline":"M\u00fasica pra inspirar! A Maldi\u00e7\u00e3o de Ser Feliz, Reverb Poesia","datePublished":"2019-08-08T17:33:54+00:00","dateModified":"2019-08-08T17:36:08+00:00","mainEntityOfPage":{"@id":"https:\/\/benditoser.com.br\/musica-pra-inspirar-a-maldicao-de-ser-feliz-reverb-poesia\/"},"wordCount":329,"commentCount":0,"publisher":{"@id":"https:\/\/benditoser.com.br\/#organization"},"image":{"@id":"https:\/\/benditoser.com.br\/musica-pra-inspirar-a-maldicao-de-ser-feliz-reverb-poesia\/#primaryimage"},"thumbnailUrl":"https:\/\/benditoser.com.br\/wp-content\/uploads\/2019\/08\/blog-oduz-a-maldi\u00e7\u00e3o-de-ser-feliz-reverb-poesia.jpg","keywords":["Inspirar","M\u00fasica"],"articleSection":["M\u00fasica","Pensar livre"],"inLanguage":"en-US","potentialAction":[{"@type":"CommentAction","name":"Comment","target":["https:\/\/benditoser.com.br\/musica-pra-inspirar-a-maldicao-de-ser-feliz-reverb-poesia\/#respond"]}]},{"@type":"WebPage","@id":"https:\/\/benditoser.com.br\/musica-pra-inspirar-a-maldicao-de-ser-feliz-reverb-poesia\/","url":"https:\/\/benditoser.com.br\/musica-pra-inspirar-a-maldicao-de-ser-feliz-reverb-poesia\/","name":"M\u00fasica pra inspirar! A Maldi\u00e7\u00e3o de Ser Feliz, Reverb Poesia - Benditoser","isPartOf":{"@id":"https:\/\/benditoser.com.br\/#website"},"primaryImageOfPage":{"@id":"https:\/\/benditoser.com.br\/musica-pra-inspirar-a-maldicao-de-ser-feliz-reverb-poesia\/#primaryimage"},"image":{"@id":"https:\/\/benditoser.com.br\/musica-pra-inspirar-a-maldicao-de-ser-feliz-reverb-poesia\/#primaryimage"},"thumbnailUrl":"https:\/\/benditoser.com.br\/wp-content\/uploads\/2019\/08\/blog-oduz-a-maldi\u00e7\u00e3o-de-ser-feliz-reverb-poesia.jpg","datePublished":"2019-08-08T17:33:54+00:00","dateModified":"2019-08-08T17:36:08+00:00","breadcrumb":{"@id":"https:\/\/benditoser.com.br\/musica-pra-inspirar-a-maldicao-de-ser-feliz-reverb-poesia\/#breadcrumb"},"inLanguage":"en-US","potentialAction":[{"@type":"ReadAction","target":["https:\/\/benditoser.com.br\/musica-pra-inspirar-a-maldicao-de-ser-feliz-reverb-poesia\/"]}]},{"@type":"ImageObject","inLanguage":"en-US","@id":"https:\/\/benditoser.com.br\/musica-pra-inspirar-a-maldicao-de-ser-feliz-reverb-poesia\/#primaryimage","url":"https:\/\/benditoser.com.br\/wp-content\/uploads\/2019\/08\/blog-oduz-a-maldi\u00e7\u00e3o-de-ser-feliz-reverb-poesia.jpg","contentUrl":"https:\/\/benditoser.com.br\/wp-content\/uploads\/2019\/08\/blog-oduz-a-maldi\u00e7\u00e3o-de-ser-feliz-reverb-poesia.jpg","width":1200,"height":550},{"@type":"BreadcrumbList","@id":"https:\/\/benditoser.com.br\/musica-pra-inspirar-a-maldicao-de-ser-feliz-reverb-poesia\/#breadcrumb","itemListElement":[{"@type":"ListItem","position":1,"name":"In\u00edcio","item":"https:\/\/benditoser.com.br\/"},{"@type":"ListItem","position":2,"name":"M\u00fasica pra inspirar! A Maldi\u00e7\u00e3o de Ser Feliz, Reverb Poesia"}]},{"@type":"WebSite","@id":"https:\/\/benditoser.com.br\/#website","url":"https:\/\/benditoser.com.br\/","name":"Benditoser","description":"Terapias","publisher":{"@id":"https:\/\/benditoser.com.br\/#organization"},"potentialAction":[{"@type":"SearchAction","target":{"@type":"EntryPoint","urlTemplate":"https:\/\/benditoser.com.br\/?s={search_term_string}"},"query-input":{"@type":"PropertyValueSpecification","valueRequired":true,"valueName":"search_term_string"}}],"inLanguage":"en-US"},{"@type":"Organization","@id":"https:\/\/benditoser.com.br\/#organization","name":"Benditoser","url":"https:\/\/benditoser.com.br\/","logo":{"@type":"ImageObject","inLanguage":"en-US","@id":"https:\/\/benditoser.com.br\/#\/schema\/logo\/image\/","url":"https:\/\/benditoser.com.br\/wp-content\/uploads\/2025\/05\/cropped-logo-bendito-ser-site.png","contentUrl":"https:\/\/benditoser.com.br\/wp-content\/uploads\/2025\/05\/cropped-logo-bendito-ser-site.png","width":220,"height":44,"caption":"Benditoser"},"image":{"@id":"https:\/\/benditoser.com.br\/#\/schema\/logo\/image\/"},"sameAs":["https:\/\/www.facebook.com\/benditoser.com.br","https:\/\/www.instagram.com\/benditoser.com.br\/"]},{"@type":"Person","@id":"https:\/\/benditoser.com.br\/#\/schema\/person\/1b910a9b2b037ddc492a3b2e8dc4adb2","name":"Paulo Vasconcelos","image":{"@type":"ImageObject","inLanguage":"en-US","@id":"https:\/\/secure.gravatar.com\/avatar\/34be8b8f301baee1d34ae5e8fc205d12bdfd859131ea8f1ea4a232bd06e2286f?s=96&d=mm&r=g","url":"https:\/\/secure.gravatar.com\/avatar\/34be8b8f301baee1d34ae5e8fc205d12bdfd859131ea8f1ea4a232bd06e2286f?s=96&d=mm&r=g","contentUrl":"https:\/\/secure.gravatar.com\/avatar\/34be8b8f301baee1d34ae5e8fc205d12bdfd859131ea8f1ea4a232bd06e2286f?s=96&d=mm&r=g","caption":"Paulo Vasconcelos"},"description":"Superior em Pr\u00e1ticas Integrativas e Complementares e p\u00f3s-graduando em psican\u00e1lise cl\u00ednica, atuando no universo das terapias hol\u00edsticas e integrativas. GEM, Grupo de Estudos e Trabalho Medi\u00fanico; Apometria \u2013 terapeuta, dirigente de grupo e facilitador; CNV \u2013 Comunica\u00e7\u00e3o N\u00e3o-Violenta; Teologia de Umbanda; Mitologia Afro-brasileira e Psicologia Anal\u00edtica; T\u00c9CNICAS QUE UTILIZO: ODUZ, APRENDIZADOS DO CAMINHO; APOMETRIA; LEITURA DE REGISTROS AK\u00c1SHICOS; C\u00cdRCULO SIST\u00caMICO DA VIDA; RADIESTESIA; REIKI USUI; PSICOSSOM\u00c1TICA; GEOBIOLOGIA ESPIRITUAL;","url":"https:\/\/benditoser.com.br\/en\/author\/paulo\/"}]}},"publishpress_future_action":{"enabled":false,"date":"2026-09-07 22:54:09","action":"change-status","newStatus":"draft","terms":[],"taxonomy":"category","extraData":[]},"publishpress_future_workflow_manual_trigger":{"enabledWorkflows":[]},"_links":{"self":[{"href":"https:\/\/benditoser.com.br\/en\/wp-json\/wp\/v2\/posts\/750","targetHints":{"allow":["GET"]}}],"collection":[{"href":"https:\/\/benditoser.com.br\/en\/wp-json\/wp\/v2\/posts"}],"about":[{"href":"https:\/\/benditoser.com.br\/en\/wp-json\/wp\/v2\/types\/post"}],"author":[{"embeddable":true,"href":"https:\/\/benditoser.com.br\/en\/wp-json\/wp\/v2\/users\/2"}],"replies":[{"embeddable":true,"href":"https:\/\/benditoser.com.br\/en\/wp-json\/wp\/v2\/comments?post=750"}],"version-history":[{"count":6,"href":"https:\/\/benditoser.com.br\/en\/wp-json\/wp\/v2\/posts\/750\/revisions"}],"predecessor-version":[{"id":757,"href":"https:\/\/benditoser.com.br\/en\/wp-json\/wp\/v2\/posts\/750\/revisions\/757"}],"wp:featuredmedia":[{"embeddable":true,"href":"https:\/\/benditoser.com.br\/en\/wp-json\/wp\/v2\/media\/755"}],"wp:attachment":[{"href":"https:\/\/benditoser.com.br\/en\/wp-json\/wp\/v2\/media?parent=750"}],"wp:term":[{"taxonomy":"category","embeddable":true,"href":"https:\/\/benditoser.com.br\/en\/wp-json\/wp\/v2\/categories?post=750"},{"taxonomy":"post_tag","embeddable":true,"href":"https:\/\/benditoser.com.br\/en\/wp-json\/wp\/v2\/tags?post=750"}],"curies":[{"name":"wp","href":"https:\/\/api.w.org\/{rel}","templated":true}]}}